{"id":41053,"date":"2025-09-21T08:47:08","date_gmt":"2025-09-21T08:47:08","guid":{"rendered":"https:\/\/www.europesays.com\/no\/41053\/"},"modified":"2025-09-21T08:47:08","modified_gmt":"2025-09-21T08:47:08","slug":"skaland-pub-etter-12-ar-ma-de-tenke-nytt","status":"publish","type":"post","link":"https:\/\/www.europesays.com\/no\/41053\/","title":{"rendered":"Skaland, Pub | Etter 12 \u00e5r m\u00e5 de tenke nytt"},"content":{"rendered":"<p>    Av <a class=\"article-byline-author\" aria-label=\"Kontakt Rune Ottarsen\" href=\"https:\/\/www.senja247.no\/vis\/journalist\/rune.ottarsen@nordlys.no\" itemprop=\"email\" rel=\"author nofollow noopener\" target=\"_blank\"><\/p>\n<p>  Rune Ottarsen<br \/>\n    <\/a><\/p>\n<p>Oppdatert: 21.09.25 10:06<\/p>\n<p>Publisert: 21.09.25 10:06<\/p>\n<p data-content=\"lead-text\" class=\"lead-text story&#10;        brick-c-SOGIC\">\n<p>        Et slakkere uteliv har f\u00e5tt eierne Christian, Werner og Morten \u00e5 tenke nytt for \u00e5 holde liv i den lille puben og m\u00f8teplassen. N\u00e5 satser de p\u00e5 to festivaler i \u00e5ret og Oktoberfestival.\n    <\/p>\n<p>    Plussmerking. Denne artikkelen kan bare leses av abonenter<\/p>\n<p>  For abonnenter<\/p>\n","protected":false},"excerpt":{"rendered":"Av Rune Ottarsen Oppdatert: 21.09.25 10:06 Publisert: 21.09.25 10:06 Et slakkere uteliv har f\u00e5tt eierne Christian, Werner og&hellip;\n","protected":false},"author":2,"featured_media":41054,"comment_status":"","ping_status":"","sticky":false,"template":"","format":"standard","meta":{"footnotes":""},"categories":[58],"tags":[71,30,28,29,72],"class_list":{"0":"post-41053","1":"post","2":"type-post","3":"status-publish","4":"format-standard","5":"has-post-thumbnail","7":"category-underholdning","8":"tag-entertainment","9":"tag-no","10":"tag-norge","11":"tag-norway","12":"tag-underholdning"},"share_on_mastodon":{"url":"","error":""},"_links":{"self":[{"href":"https:\/\/www.europesays.com\/no\/wp-json\/wp\/v2\/posts\/41053","targetHints":{"allow":["GET"]}}],"collection":[{"href":"https:\/\/www.europesays.com\/no\/wp-json\/wp\/v2\/posts"}],"about":[{"href":"https:\/\/www.europesays.com\/no\/wp-json\/wp\/v2\/types\/post"}],"author":[{"embeddable":true,"href":"https:\/\/www.europesays.com\/no\/wp-json\/wp\/v2\/users\/2"}],"replies":[{"embeddable":true,"href":"https:\/\/www.europesays.com\/no\/wp-json\/wp\/v2\/comments?post=41053"}],"version-history":[{"count":0,"href":"https:\/\/www.europesays.com\/no\/wp-json\/wp\/v2\/posts\/41053\/revisions"}],"wp:featuredmedia":[{"embeddable":true,"href":"https:\/\/www.europesays.com\/no\/wp-json\/wp\/v2\/media\/41054"}],"wp:attachment":[{"href":"https:\/\/www.europesays.com\/no\/wp-json\/wp\/v2\/media?parent=41053"}],"wp:term":[{"taxonomy":"category","embeddable":true,"href":"https:\/\/www.europesays.com\/no\/wp-json\/wp\/v2\/categories?post=41053"},{"taxonomy":"post_tag","embeddable":true,"href":"https:\/\/www.europesays.com\/no\/wp-json\/wp\/v2\/tags?post=41053"}],"curies":[{"name":"wp","href":"https:\/\/api.w.org\/{rel}","templated":true}]}}