{"id":41059,"date":"2025-09-21T09:01:08","date_gmt":"2025-09-21T09:01:08","guid":{"rendered":"https:\/\/www.europesays.com\/no\/41059\/"},"modified":"2025-09-21T09:01:08","modified_gmt":"2025-09-21T09:01:08","slug":"kathrine-sorland-og-andreas-holck-forteller-apent-om-deltakelsen","status":"publish","type":"post","link":"https:\/\/www.europesays.com\/no\/41059\/","title":{"rendered":"Kathrine S\u00f8rland og Andreas Holck forteller \u00e5pent om deltakelsen"},"content":{"rendered":"<p class=\"kicker \" style=\"\">Kathrine S\u00f8rland og Andreas Holck:<\/p>\n<p>  Ekteparet var helt sikre p\u00e5 at de skulle m\u00f8te andre par under innspillingen &#8211; men inns\u00e5 fort at de var helt alene.<\/p>\n<p>\n    MANN OG KONE: Andreas Holck og Kathrine S\u00f8rland har v\u00e6rt gift i en \u00e5rrekke &#8211; n\u00e5 er de realityaktuelle sammen. Foto: Shad Madian \/ Se og H\u00f8r\n  <\/p>\n<p>TV-h\u00f8sten er i full sving, og et av TV 2s viktigste programmer har endelig begynt \u00e5 rulle over skjermen igjen. \u00abForr\u00e6der\u00bb er tilbake med sin femte sesong, og spillmester Mads Hansen (41) har p\u00e5 ny invitert en rekke kjente ansikt til et spill som handler om \u00e5 avsl\u00f8re dem med u\u00e6rlige intensjoner.<\/p>\n<p>    <a itemprop=\"url\" href=\"https:\/\/www.seher.no\/kjendis\/vi-skal-roe-oss-litt-ned\/83359650\" rel=\"nofollow noopener\" target=\"_blank\"><\/p>\n<p>      <img loading=\"lazy\" decoding=\"async\" src=\"https:\/\/www.europesays.com\/no\/wp-content\/uploads\/2025\/09\/83359210.webp\" width=\"147\" height=\"98\" title=\"- Vi skal roe oss litt ned\" alt=\"\" class=\"lazyload\" style=\"--aspect-ratio-image: 1.50; \"\/><\/p>\n<p>        &#8211; Vi skal roe oss litt ned<\/p>\n<p>    <\/a><\/p>\n<p>Tre forr\u00e6dere er nemlig blant gruppen av lojale, og de lojales oppgave er \u00e5 forvise forr\u00e6derne, en etter en. Om det er en forr\u00e6der igjen i gruppen n\u00e5r spillet avsluttes er det dem som vinner &#8211; men om det bare er lojale igjen har de lykkes i sitt oppdrag, og sikrer seieren.<\/p>\n<p>          <img loading=\"lazy\" decoding=\"async\" src=\"https:\/\/www.europesays.com\/no\/wp-content\/uploads\/2025\/09\/83595211.webp\" width=\"686\" height=\"927\" title=\"KOM SOM DUO: Ekteparet kom inn i \u00abForr\u00e6der\u00bb - det trodde de alle andre kom til \u00e5 gj\u00f8re ogs\u00e5. Foto: Andreas Fadum \/ Se og H\u00f8r\" alt=\"\" class=\"\" style=\"--aspect-ratio-image: 0.74; \"\/><\/p>\n<p>\n          KOM SOM DUO: Ekteparet kom inn i \u00abForr\u00e6der\u00bb &#8211; det trodde de alle andre kom til \u00e5 gj\u00f8re ogs\u00e5. Foto: Andreas Fadum \/ Se og H\u00f8r\n      <\/p>\n<p>To av \u00e5rets lojale spillere er ekteparet Kathrine S\u00f8rland (45) og Andreas Holck (53) &#8211; og dette er faktisk f\u00f8rste gang Andreas deltar i noen form for reality. Under pressedagen for programmet fortalte han at han syns det var b\u00e5de spennende og hyggelig, og en \u00e6re \u00e5 bli spurt.<\/p>\n<p>&#8211; Og s\u00e5 syns jeg det var hyggelig at vi to ble spurt sammen. Det er g\u00f8y \u00e5 gj\u00f8re en s\u00e5nn greie sammen som et par, det m\u00e5 jeg jo helt \u00e6rlig si. Det var noe kriblende g\u00f8y i det, forteller han.<\/p>\n<p>        OVERRASKET: Da de fikk se de andre deltakerne i \u00abForr\u00e6der\u00bb, fikk ekteparet seg en stor overraskelse. Video: TV 2\/ Nora Skavhaug\/ Thea Hope\/ R\u00f8d L\u00f8per<\/p>\n<p>&#8211; For en idiot\t<\/p>\n<p>53-\u00e5ringen var klar fra start &#8211; han h\u00e5pet p\u00e5 \u00e5 bli forr\u00e6der, og var ikke fremmed for \u00e5 kaste kona under bussen. Det bekrefter han ogs\u00e5 overfor Se og H\u00f8r at han var klar for \u00e5 gj\u00f8re.<\/p>\n<p>&#8211; Ja, ja, ja, definitivt, sier han klokkeklart, til latter fra Kathrine.<\/p>\n<p>&#8211; For en \u00abasshole\u00bb jeg er gift med, alts\u00e5 for en idiot. Jeg skiller meg, sier hun sp\u00f8kefullt, og legger til at hun ble \u00ablitt sur p\u00e5 ekte\u00bb da hun s\u00e5 ektemannens uttalelse.<\/p>\n<p>&#8211; Hun hadde gjort det samme mot meg ogs\u00e5, vi var der jo som selvstendige spillere, bedyrer Andreas, hvorp\u00e5 Kathrine nikker i enighet.<\/p>\n<p>          <img loading=\"lazy\" decoding=\"async\" src=\"https:\/\/www.europesays.com\/no\/wp-content\/uploads\/2025\/09\/83595272.webp\" width=\"686\" height=\"837\" title=\"2006: Kathrine sto for f\u00f8rste gang brud i 2006. Neste \u00e5r, 20 \u00e5r senere, planlegger de \u00e5 gifte seg for andre gang. Foto: Anders Martinsen fotografer\" alt=\"\" class=\"\" style=\"--aspect-ratio-image: 0.82; \"\/><\/p>\n<p>\n          2006: Kathrine sto for f\u00f8rste gang brud i 2006. Neste \u00e5r, 20 \u00e5r senere, planlegger de \u00e5 gifte seg for andre gang. Foto: Anders Martinsen fotografer\n      <\/p>\n<p>Allerede f\u00f8rste dagen i \u00abForr\u00e6der\u00bb merket ekteparet at ting ikke var helt som de hadde trodd. De trodde nemlig de var med p\u00e5 en parsesong &#8211; at de andre deltakerne var akkurat som dem. Slik var det ikke.<\/p>\n<p>&#8211; Det gikk opp for oss den f\u00f8rste dagen, og vi tenkte \u00abshit\u00bb, forteller Kathrine.<\/p>\n<p>    <a itemprop=\"url\" href=\"https:\/\/www.seher.no\/kjendis\/folte-meg-uggen\/83201071\" rel=\"nofollow noopener\" target=\"_blank\"><\/p>\n<p>      <img loading=\"lazy\" decoding=\"async\" src=\"https:\/\/www.europesays.com\/no\/wp-content\/uploads\/2025\/09\/83200834.webp\" width=\"147\" height=\"98\" title=\"- F\u00f8lte meg uggen\" alt=\"\" class=\"lazyload\" style=\"--aspect-ratio-image: 1.50; \"\/><\/p>\n<p>        &#8211; F\u00f8lte meg uggen<\/p>\n<p>    <\/a><\/p>\n<p>Dette var nemlig noe paret hadde lurt p\u00e5 f\u00f8r innspilling &#8211; hvilke andre par kom de til \u00e5 treffe?<\/p>\n<p>&#8211; Men s\u00e5 var det bare oss. Vi trodde alle var som oss! bedyrer paret.<\/p>\n<p class=\"italic m-italic\" data-lab-italic=\"italic\">&#8211; Hadde dere sagt ja til programmet hvis dere visste at det ikke var en par-sesong?<\/p>\n<p>&#8211; Jeg er ikke like sikker p\u00e5 det, sier Andreas.<\/p>\n<p>          <img loading=\"lazy\" decoding=\"async\" src=\"https:\/\/www.europesays.com\/no\/wp-content\/uploads\/2025\/09\/83595284.webp\" width=\"686\" height=\"460\" title=\"DELTAKERNE: Kathrine og Andreas st\u00e5r helt bakerst, i midten - og var det eneste paret i den fargerike gjengen. Foto: Espen Solli\/TV 2\" alt=\"\" class=\"\" style=\"--aspect-ratio-image: 1.49; \"\/><\/p>\n<p>\n          DELTAKERNE: Kathrine og Andreas st\u00e5r helt bakerst, i midten &#8211; og var det eneste paret i den fargerike gjengen. Foto: Espen Solli\/TV 2\n      <\/p>\n<p>&#8211; Nei, det hadde jeg ikke turt. Da hadde jeg f\u00f8lt at en av oss hadde kommet til \u00e5 ryke uansett, og da hadde jeg ikke syntes det var noen vits. Men det er jo det som er g\u00f8y av og til i livet, med \u00e5 ikke vite, mener Kathrine.<\/p>\n<p>Se og H\u00f8r har v\u00e6rt i kontakt med TV 2 i forbindelse med det ekteparet forteller &#8211; pressesjef i kanalen Jan-Petter Dahl forteller til Se og H\u00f8r at ingen deltakere for informasjon om de andre deltakerne f\u00f8r innspillingen. Dette fordi casten skal v\u00e6re en overraskelse, og det f\u00f8rste m\u00f8tet er en del av det f\u00f8rste programmet.<\/p>\n<p>        SKJULT: Leah Behn og Trygve Bennetsen valgte \u00e5 lyve for de andre deltakerne i \u00abForr\u00e6der\u00bb. Video: TV 2\/ R\u00f8d L\u00f8per<\/p>\n<p>&#8211; Forr\u00e6der skal ikke v\u00e6re forutsigbart, og vi utforsker nye sammensetninger av deltakere hver sesong. Denne sesongen har vi blant annet med bestevenner, n\u00e6re kollegaer og et ektepar. Det betyr at de n\u00f8dvendigvis ikke er det eneste paret.<\/p>\n<p>&#8211; Han gledet seg s\u00e5 sykt\t<\/p>\n<p>Beklageligvis for Andreas Holck ble hans deltakelse i \u00abForr\u00e6der\u00bb kortvarig. Han r\u00f8k nemlig ut i aller f\u00f8rste episode, og var med det den f\u00f8rste som ble stemt ut i r\u00e5dsalen.<\/p>\n<p>Flere fikk mistanke til ham av ulike grunner, men det som ble trukket frem var det faktum at han hadde en fordel i spillet fordi han hadde kona si der. Akkurat den begrunnelsen kjente han seg ikke igjen i.<\/p>\n<p>          <img loading=\"lazy\" decoding=\"async\" src=\"https:\/\/www.europesays.com\/no\/wp-content\/uploads\/2025\/09\/83595034.webp\" width=\"686\" height=\"460\" title=\"TRIO: Leon Holck gledet seg til \u00e5 v\u00e6re hjemme alene mens foreldrene var borte p\u00e5 innspilling. Foto: Espen Solli \/ TV 2\" alt=\"\" class=\"\" style=\"--aspect-ratio-image: 1.49; \"\/><\/p>\n<p>\n          TRIO: Leon Holck gledet seg til \u00e5 v\u00e6re hjemme alene mens foreldrene var borte p\u00e5 innspilling. Foto: Espen Solli \/ TV 2\n      <\/p>\n<p>&#8211; Jeg pr\u00f8vde \u00e5 si at jeg gjerne ville h\u00f8re hvilken fordel det det, for jeg ser ikke p\u00e5 det som noen fordel, annet enn at jeg kjenner en annen person her inne veldig godt. Men det gir meg ingen fordel i spillet. Det var ingen som kom med noe, s\u00e5 dermed opplevde jeg at jeg ble kitta ut fordi jeg var mannen til Kathrine &#8211; ikke fordi de trodde jeg var forr\u00e6der.<\/p>\n<p>    <a itemprop=\"url\" href=\"https:\/\/www.seher.no\/kjendis\/her-er-de-nye-deltakerne\/83196386\" rel=\"nofollow noopener\" target=\"_blank\"><\/p>\n<p>      <img loading=\"lazy\" decoding=\"async\" src=\"https:\/\/www.europesays.com\/no\/wp-content\/uploads\/2025\/09\/83196404.webp\" width=\"147\" height=\"98\" title=\"Her er de nye deltakerne\" alt=\"\" class=\"lazyload\" style=\"--aspect-ratio-image: 1.50; \"\/><\/p>\n<p>        Her er de nye deltakerne<\/p>\n<p>    <\/a><\/p>\n<p>Han beskriver den tidlige exiten som \u00abskuffende\u00bb, og erkjenner at han ikke inns\u00e5 hvilken fare han var i f\u00f8r de kom inn i r\u00e5dsalen.<\/p>\n<p>Mest skuffende var det trolig for Kathrine og Andreas&#8217; s\u00f8nn, Leon (16). Han hadde nemlig f\u00e5tt lov til \u00e5 v\u00e6re hjemme alene, for \u00e5 passe p\u00e5 familiekatten Miss og et par fugler de har.<\/p>\n<p>          <img loading=\"lazy\" decoding=\"async\" src=\"https:\/\/www.europesays.com\/no\/wp-content\/uploads\/2025\/09\/83595228.webp\" width=\"686\" height=\"460\" title=\"RIGGET: Det var i denne stuen at Leon hadde rigget til gaming-stasjonen sin - friheten ble imidlertid kortvarig, da pappa kom hjem etter bare noen dager. Foto: Espen Solli \/ Se og H\u00f8r\" alt=\"\" class=\"\" style=\"--aspect-ratio-image: 1.49; \"\/><\/p>\n<p>\n          RIGGET: Det var i denne stuen at Leon hadde rigget til gaming-stasjonen sin &#8211; friheten ble imidlertid kortvarig, da pappa kom hjem etter bare noen dager. Foto: Espen Solli \/ Se og H\u00f8r\n      <\/p>\n<p>&#8211; Han gledet seg s\u00e5 sykt. Det var et titalls pizza Grandiosa i fryseren og cola, og s\u00e5 kommer alts\u00e5 Andreas hjem etter bare noen dager. Leon bare: \u00abnei, pappa, jeg skulle jo kose meg, g\u00e5 tilbake\u00bb, forteller Kathrine.<\/p>\n<p>        \u00abFORR\u00c6DER\u00bb: Endelig skal alle forr\u00e6derne avsl\u00f8res for seerne. Video: \u00abForr\u00e6der\u00bb\/TV 2<\/p>\n<p>N\u00e5r Se og H\u00f8r treffer Leon under programmets premierefest forteller han at han s\u00e5 for seg 10-15 dager alene hjemme, men at telefonen fra Andreas kom etter bare et par dager. \u00abJeg er p\u00e5 vei hjem\u00bb, sa han.<\/p>\n<p>&#8211; Jeg hadde planlagt skikkelig. Gaming-stasjonen var rigget klart i stua og alt var fint, s\u00e5 den telefonen fra pappa var litt kjip, sier Leon.<\/p>\n","protected":false},"excerpt":{"rendered":"Kathrine S\u00f8rland og Andreas Holck: Ekteparet var helt sikre p\u00e5 at de skulle m\u00f8te andre par under innspillingen&hellip;\n","protected":false},"author":2,"featured_media":41060,"comment_status":"","ping_status":"","sticky":false,"template":"","format":"standard","meta":{"footnotes":""},"categories":[58],"tags":[4592,4104,71,4138,4591,479,6486,30,28,29,1130,72],"class_list":{"0":"post-41059","1":"post","2":"type-post","3":"status-publish","4":"format-standard","5":"has-post-thumbnail","7":"category-underholdning","8":"tag-andreas-holck","9":"tag-eksklusivt","10":"tag-entertainment","11":"tag-forraeder","12":"tag-kathrine-sorland","13":"tag-kjendis","14":"tag-lojal","15":"tag-no","16":"tag-norge","17":"tag-norway","18":"tag-tv2","19":"tag-underholdning"},"share_on_mastodon":{"url":"","error":""},"_links":{"self":[{"href":"https:\/\/www.europesays.com\/no\/wp-json\/wp\/v2\/posts\/41059","targetHints":{"allow":["GET"]}}],"collection":[{"href":"https:\/\/www.europesays.com\/no\/wp-json\/wp\/v2\/posts"}],"about":[{"href":"https:\/\/www.europesays.com\/no\/wp-json\/wp\/v2\/types\/post"}],"author":[{"embeddable":true,"href":"https:\/\/www.europesays.com\/no\/wp-json\/wp\/v2\/users\/2"}],"replies":[{"embeddable":true,"href":"https:\/\/www.europesays.com\/no\/wp-json\/wp\/v2\/comments?post=41059"}],"version-history":[{"count":0,"href":"https:\/\/www.europesays.com\/no\/wp-json\/wp\/v2\/posts\/41059\/revisions"}],"wp:featuredmedia":[{"embeddable":true,"href":"https:\/\/www.europesays.com\/no\/wp-json\/wp\/v2\/media\/41060"}],"wp:attachment":[{"href":"https:\/\/www.europesays.com\/no\/wp-json\/wp\/v2\/media?parent=41059"}],"wp:term":[{"taxonomy":"category","embeddable":true,"href":"https:\/\/www.europesays.com\/no\/wp-json\/wp\/v2\/categories?post=41059"},{"taxonomy":"post_tag","embeddable":true,"href":"https:\/\/www.europesays.com\/no\/wp-json\/wp\/v2\/tags?post=41059"}],"curies":[{"name":"wp","href":"https:\/\/api.w.org\/{rel}","templated":true}]}}