{"id":41061,"date":"2025-09-21T09:08:24","date_gmt":"2025-09-21T09:08:24","guid":{"rendered":"https:\/\/www.europesays.com\/no\/41061\/"},"modified":"2025-09-21T09:08:24","modified_gmt":"2025-09-21T09:08:24","slug":"nyheter-vestby-holenkoret-slar-an-tonen-med-utsolgt-konsert-vi-er-kjempestolte","status":"publish","type":"post","link":"https:\/\/www.europesays.com\/no\/41061\/","title":{"rendered":"Nyheter, Vestby | H\u00f8lenkoret sl\u00e5r an tonen med utsolgt konsert: \u2013 Vi er kjempestolte"},"content":{"rendered":"\n<p>De viser stolt frem plakaten som har f\u00e5tt teksten \u00abutsolgt\u00bb, laget for anledningen.<\/p>\n<p><b>\u2013 Vi m\u00e5tte jo bare lage et eksemplar av denne, sier Inger.<\/b><\/p>\n<p>Kormedlemmene har v\u00e6rt superflinke til \u00e5 dele info til familie, kjente og venner om at dette blir en fantastisk musikalforestilling \u2013 de er de beste markedsf\u00f8rerne til \u00e5 dele det \u00abgode budskap\u00bb.<\/p>\n<p><b>N\u00e5r H\u00f8lenkoret inntar Vestby Kulturkvartal 25. Oktober, blir det med en bragd i bagasjen: De har solgt ut hele salen, med forestillingen \u00abSyng kamelens pris\u00bb til ca. 500 i publikummere i salen.<\/b><\/p>\n<p>  <a href=\"https:\/\/www.vestbyavis.no\/5-53-1007816\" class=\"related-teaser has-image default-story-teaser article--c-eRUmMG article--c-eRUmMG-jKCPdD-design-default\" rel=\"nofollow noopener\" target=\"_blank\"><\/p>\n<p>    <img decoding=\"async\" loading=\"lazy\"  src=\"https:\/\/www.europesays.com\/no\/wp-content\/uploads\/2025\/09\/Aleksander-++%283+av+3%29.jpg\" alt=\"\" class=\"brick-c-cFOWSL\" style=\"\"\/><\/p>\n<p>\n            Les ogs\u00e5<\/p>\n<p>              &#8211; Vi \u00f8nsker oss en ordentlig pub\n        <\/p>\n<p>  <\/a><br \/>\n  Fra ca. 30 til over 50 medlemmer<\/p>\n<p>Inger Fladberg Berge var med p\u00e5 oppstarten av koret for 35 \u00e5r siden, s\u00e5 forestillingen er en jubileumsfeiring ogs\u00e5.<\/p>\n<p>Koret har hatt en eventyrlig vekst de siste \u00e5rene.<\/p>\n<p><b>\u2013 For to \u00e5r siden var vi ca. 30 stykker. N\u00e5 er vi over 50 stk. Det viser hva vi har f\u00e5tt til \u2013 og hvor g\u00f8y folk synes det er \u00e5 v\u00e6re med, sier Inger.<\/b><\/p>\n<p>Dirigent, Andr\u00e9 Storeng, har bidratt til \u00e5 l\u00f8fte koret til nye h\u00f8yder. Han beskriver starten som en \u00abflying start\u00bb, og trekker frem medlemmene som en usedvanlig motivert gjeng:<\/p>\n<p><b>\u2013 Jeg f\u00f8ler nesten at denne gjengen var s\u00e5 motivert fra f\u00f8r, at min jobb har v\u00e6rt \u00e5 kanalisere energien. Og det har gitt en utrolig utvikling, sier han.<\/b><\/p>\n<p>Dirigenten tenker at m\u00e5let for koret skal v\u00e6re mer enn bare \u00e5 \u00f8ve inn noter og fremf\u00f8re konserter.<\/p>\n<p>\u2013Jeg tenker at vi sammen skal gj\u00f8re at publikum har det fint. At det vi gj\u00f8r har underholdningsverdi. At det vi gj\u00f8r formidler noe.<\/p>\n<p>   <img decoding=\"async\" width=\"2121\" height=\"1414\" fetchpriority=\"low\"  loading=\"lazy\"  src=\"https:\/\/www.europesays.com\/no\/wp-content\/uploads\/2025\/09\/holen-koret-utsolgt-konsert-over.jpg\" alt=\"H\u00f8len koret \u00f8ver til utsolgt konsert\" class=\"brick-c-cFOWSL\" style=\"--brick-image-ratio: 2121 \/ 1414;\"\/><\/p>\n<p>    VOKST: H\u00f8len koret har vokst og har \u00f8velser i S\u00e5ner kirke.<br \/>\n    Foto: Inger Eide Nordseth\n  <\/p>\n<p>  En helaften med musikaler og barn fra H\u00f8len skole<\/p>\n<p><b>Konserten, med tittelen Syng kamelens pris, byr blant annet p\u00e5 perler fra musikalklassikere som Les Mis\u00e9rables, Phantom of the Opera, L\u00f8venes Konge og Lilletrollet, blandet med sm\u00e5 drypp fra H\u00f8lenkorets musikalske reise gjennom \u00e5renes l\u00f8p.<\/b><\/p>\n<p>P\u00e5 scenen f\u00e5r publikum ogs\u00e5 m\u00f8te musikalartistene Hans Marius Hoff Mittet og Kari Gericke Linnestad som solister. Hans Marius vil ogs\u00e5 v\u00e6re kveldens konferansier.<\/p>\n<p><b>\u2013 Vi har sydd sammen et program med b\u00e5de glede, alvor og humor. Er du glad i musikal, f\u00e5r du masse \u00e5 glede deg over. Men vi lover at det ogs\u00e5 er mye \u00e5 hente for alle andre, det er en bredde som gj\u00f8r at alle finner noe de liker, sier Andr\u00e9.<\/b><\/p>\n<p>Barna fra H\u00f8len skole er ogs\u00e5 med, n\u00e6rmere 40 av dem, noe som garanterer ekstra liv p\u00e5 scenen og flere stolte foreldre i salen.<\/p>\n<p>   <img decoding=\"async\" width=\"2121\" height=\"1414\" fetchpriority=\"low\"  loading=\"lazy\"  src=\"https:\/\/www.europesays.com\/no\/wp-content\/uploads\/2025\/09\/holen-koret-utsolgt-konsert-entusiasme-2.jpg\" alt=\"H\u00f8len koret \u00f8ver til utsolgt konsert\" class=\"brick-c-cFOWSL\" style=\"--brick-image-ratio: 2121 \/ 1414;\"\/><\/p>\n<p>    ENTUSIASTISK: Dirigent for H\u00f8len koret Andr\u00e9 Storeng, har vokst opp i en musikalsk familie og er broren til Maria Haukaas Mittet.  \u00d8velsen b\u00e6rer preg av hans store entusiasme og energi.<br \/>\n    Foto: Inger Eide Nordseth\n  <\/p>\n<p>  I Tor \u00c5ge Bringsv\u00e6rd sin \u00e5nd<\/p>\n<p>Inger forteller at Tor \u00c5ge Bringsv\u00e6rd har hatt, i tillegg til \u00d8yvind Denstad, et betydelig n\u00e6rt og fruktbart samarbeid med H\u00f8lenkoret gjennom \u00e5rene som har resultert i en rekke unike produksjoner.<\/p>\n<p><b>\u2013 Tor \u00c5ge har opptatt av at jubileumskonserten v\u00e5r skulle ha tittelen Syng kamelens pris, forteller Inger.<\/b><\/p>\n<p>Hun forteller hvordan Tor \u00c5ge forklarte at kamelen er et symbol for H\u00f8len:<\/p>\n<p><b>\u2013 Kamelen gir seg aldri. Trasker gjennom uansett. Er det \u00f8rkenstorm, sand som pisker mot den, s\u00e5 lukker den neseborene og g\u00e5r p\u00e5.<\/b><\/p>\n<p>\u2013 Tenk deg \u00e5 st\u00e5 p\u00e5 scenen og se at hele Kulturkvartalet er smekkfullt. Det har ingen opplevd f\u00f8r oss! Det er stort for oss \u2013 avslutter Inger, P\u00e5l og Andr\u00e9!<\/p>\n","protected":false},"excerpt":{"rendered":"De viser stolt frem plakaten som har f\u00e5tt teksten \u00abutsolgt\u00bb, laget for anledningen. \u2013 Vi m\u00e5tte jo bare&hellip;\n","protected":false},"author":2,"featured_media":41062,"comment_status":"","ping_status":"","sticky":false,"template":"","format":"standard","meta":{"footnotes":""},"categories":[58],"tags":[36,71,6487,6489,155,410,30,28,29,14,1510,72,1922,6488],"class_list":{"0":"post-41061","1":"post","2":"type-post","3":"status-publish","4":"format-standard","5":"has-post-thumbnail","7":"category-underholdning","8":"tag-art","9":"tag-entertainment","10":"tag-holen","11":"tag-holenkoret","12":"tag-konsert","13":"tag-kultur","14":"tag-no","15":"tag-norge","16":"tag-norway","17":"tag-nyheter","18":"tag-story","19":"tag-underholdning","20":"tag-vestby","21":"tag-vestby-kulturkvartal"},"share_on_mastodon":{"url":"","error":""},"_links":{"self":[{"href":"https:\/\/www.europesays.com\/no\/wp-json\/wp\/v2\/posts\/41061","targetHints":{"allow":["GET"]}}],"collection":[{"href":"https:\/\/www.europesays.com\/no\/wp-json\/wp\/v2\/posts"}],"about":[{"href":"https:\/\/www.europesays.com\/no\/wp-json\/wp\/v2\/types\/post"}],"author":[{"embeddable":true,"href":"https:\/\/www.europesays.com\/no\/wp-json\/wp\/v2\/users\/2"}],"replies":[{"embeddable":true,"href":"https:\/\/www.europesays.com\/no\/wp-json\/wp\/v2\/comments?post=41061"}],"version-history":[{"count":0,"href":"https:\/\/www.europesays.com\/no\/wp-json\/wp\/v2\/posts\/41061\/revisions"}],"wp:featuredmedia":[{"embeddable":true,"href":"https:\/\/www.europesays.com\/no\/wp-json\/wp\/v2\/media\/41062"}],"wp:attachment":[{"href":"https:\/\/www.europesays.com\/no\/wp-json\/wp\/v2\/media?parent=41061"}],"wp:term":[{"taxonomy":"category","embeddable":true,"href":"https:\/\/www.europesays.com\/no\/wp-json\/wp\/v2\/categories?post=41061"},{"taxonomy":"post_tag","embeddable":true,"href":"https:\/\/www.europesays.com\/no\/wp-json\/wp\/v2\/tags?post=41061"}],"curies":[{"name":"wp","href":"https:\/\/api.w.org\/{rel}","templated":true}]}}