{"id":41063,"date":"2025-09-21T09:15:54","date_gmt":"2025-09-21T09:15:54","guid":{"rendered":"https:\/\/www.europesays.com\/no\/41063\/"},"modified":"2025-09-21T09:15:54","modified_gmt":"2025-09-21T09:15:54","slug":"ny-bok-vekker-sterke-reaksjoner","status":"publish","type":"post","link":"https:\/\/www.europesays.com\/no\/41063\/","title":{"rendered":"Ny bok vekker sterke reaksjoner"},"content":{"rendered":"<p class=\"kicker \" style=\"\">Prinsesse Diana tidligere butler<\/p>\n<p>  I en ny bok avsl\u00f8res et dramatisk \u00f8yeblikk mellom Charles og Diana.\u00a0<\/p>\n<p>\n    1984: Charles og Diana forlater sykehuset med deres nyf\u00f8dte s\u00f8nn, prins Harry i 1984. Foto: Agency \/ AP \/ NTB\n  <\/p>\n<p>Det er 25 \u00e5r siden <a href=\"https:\/\/www.seher.no\/kongelig\/derfor-lo-diana-da-charles-fridde\/75735879\" rel=\"nofollow noopener\" target=\"_blank\">prinsesse Diana<\/a>\u00a0omkom i en dramatisk bilulykke i Paris, bare 36 \u00e5r gammel. I l\u00f8pet av sitt altfor korte liv rakk hun \u00e5 ber\u00f8re mange hjerter, og ble ofte omtalt som \u00abfolkets prinsesse\u00bb.\u00a0<\/p>\n<p>Historien om prinsesse Diana vekker fortsatt interesse, forvirring og sorg godt over to ti\u00e5r etter hun gikk bort.<\/p>\n<p>          <img loading=\"lazy\" decoding=\"async\" src=\"https:\/\/www.europesays.com\/no\/wp-content\/uploads\/2025\/09\/83581539.webp\" width=\"686\" height=\"577\" title=\"GIFT: Da Diana giftet seg med Charles fikk hun tittelen prinsesse av Wales, en tittel bare prinsesse Kate (43) har f\u00e5tt etter henne. Foto: Agency \/ AP \/ NTB\" alt=\"\" class=\"\" style=\"--aspect-ratio-image: 1.19; \"\/><\/p>\n<p>\n          GIFT: Da Diana giftet seg med Charles fikk hun tittelen prinsesse av Wales, en tittel bare prinsesse Kate (43) har f\u00e5tt etter henne. Foto: Agency \/ AP \/ NTB\n      <\/p>\n<p class=\"font-weight-bold m-font-weight-bold\" data-lab-font_weight=\"font-weight-bold\"> N\u00e5 deler Dianas tidligere butler, og n\u00e6re venn, Paul Burrell (67), en oppsiktsvekkende historie i sin nye bok \u00abThe Royal Insider\u00bb. <\/p>\n<p class=\"font-weight-light m-font-weight-light\" data-lab-font_weight=\"font-weight-light\">If\u00f8lge <a href=\"https:\/\/www.mirror.co.uk\/news\/royals\/charles-diana-camilla-harry-born-35883478\" style=\"font-weight: 400;\" rel=\"nofollow noopener\" target=\"_blank\">The Mirror<\/a>\u00a0skal Diana ha delt en hjerteskj\u00e6rende historie med Paul om Charles, som skulle vise seg \u00e5 bli et vendepunkt i ekteskapet.\u00a0<\/p>\n<p>        DUKKER OPP: Til tross for kongehusets reservasjon fra \u00e5 bli filmet av Netflix, viser filmen kronprins Haakon Magnus i samtale med Durek Verrett inne p\u00e5 den lukkede festen. Video: Netflix \/ R\u00f8d L\u00f8per<\/p>\n<p class=\"font-weight-light m-font-weight-light\" data-lab-font_weight=\"font-weight-light\">Hendelsen skal ha funnet sted p\u00e5 den private f\u00f8deavdelingen Lindo Wing ved St Mary\u2019s Hospital i London, etter f\u00f8dselen av prins Harry (41).\u00a0<\/p>\n<p>Dav\u00e6rende prins Charles skal ha v\u00e6rt p\u00e5 bes\u00f8k p\u00e5 sykehuset for \u00e5 se sin nyf\u00f8dte s\u00f8nn for aller f\u00f8rste gang, da han skal ha snudd seg mot Diana og sagt ordene hun senere hevdet var spikeren i kista for ekteskapet.\u00a0<\/p>\n<p>          <img loading=\"lazy\" decoding=\"async\" src=\"https:\/\/www.europesays.com\/no\/wp-content\/uploads\/2025\/09\/83581534.webp\" width=\"686\" height=\"1023\" title=\"DEN GANG DA: Da Charles og Diana giftet seg i 1981, var Charles 32 \u00e5r, mens Diana bare var 20 \u00e5r gammel. Foto: Bryn Colton \/ REX \/ NTB\" alt=\"\" class=\"\" style=\"--aspect-ratio-image: 0.67; \"\/><\/p>\n<p>\n          DEN GANG DA: Da Charles og Diana giftet seg i 1981, var Charles 32 \u00e5r, mens Diana bare var 20 \u00e5r gammel. Foto: Bryn Colton \/ REX \/ NTB\n      <\/p>\n<p>\u00abDiana fortalte meg at Charles kom inn p\u00e5 sykehuset, kikket ned i krybben og sa: \u00c5h, r\u00f8dt h\u00e5r\u00bb, skriver Paul i sin nye bok.\u00a0<\/p>\n<p class=\"font-weight-bold m-font-weight-bold\" data-lab-font_weight=\"font-weight-bold\">\u00abDiana svarte: &#8216;Men Charles, du vet jo at det er Spencer-genet. Vi har alle r\u00f8dt h\u00e5r&#8217;. S\u00e5 kom &#8211; if\u00f8lge Diana &#8211; det som knuste henne. Han sa: &#8216;Vel, n\u00e5 har jeg en arving og reserve..s\u00e5 da kan jeg g\u00e5 tilbake til Camilla&#8217;\u00bb, fortsetter Dianas tidligere butler.\u00a0<\/p>\n<p>        PROVOSERER: Traileren til M\u00e4rtha Louise og Durek Verretts bryllupsdokumentar har satt sinnene i kok. Video: Netflix \/ Trailer: \u00abRebel Royals: An Unlikely Love Story\u00bb \/\/ Reporter: H\u00e5vard Bj\u00f8rnerem<\/p>\n<p>If\u00f8lge Paul ble Diana tydelig sjokkert over at Charles kunne si noe slikt.<\/p>\n<p>\u00abDiana sa til meg: &#8216;Jeg gr\u00e5t meg i s\u00f8vn den kvelden, for jeg visste at ekteskapet var over&#8217;. Hun sa: &#8216;Fire \u00e5r, Paul, jeg ga ham fire gode \u00e5r &#8211; og s\u00e5 var han borte. Resten av tiden m\u00e5tte jeg late som og sette opp en fasade for verden&#8217;\u00bb, st\u00e5r det videre i boken, if\u00f8lge The Mirror.\u00a0\u00a0<\/p>\n<p>          <img loading=\"lazy\" decoding=\"async\" src=\"https:\/\/www.europesays.com\/no\/wp-content\/uploads\/2025\/09\/83581536.webp\" width=\"686\" height=\"988\" title=\"VAKKER: Prinsesse Diana ble stadig omtalt som en av verdens vakreste kvinner. Foto: REX \/ Shutterstock editorial \/ NTB\" alt=\"\" class=\"\" style=\"--aspect-ratio-image: 0.69; \"\/><\/p>\n<p>\n          VAKKER: Prinsesse Diana ble stadig omtalt som en av verdens vakreste kvinner. Foto: REX \/ Shutterstock editorial \/ NTB\n      <\/p>\n<p>Det finnes derimot ingen bekreftelse p\u00e5 at dette faktisk ble sagt. Buckingham Palace har hittil ikke kommentert p\u00e5standene i boken.\u00a0<\/p>\n<p><a href=\"https:\/\/www.seher.no\/kongelig\/ville-avlyse\/80932219\" rel=\"nofollow noopener\" target=\"_blank\">Diana og Charles&#8217; ekteskap var lenge preget av utfordringer<\/a>, gjensidig mistillit og offentlige skandaler.\u00a0<\/p>\n<p>          <img loading=\"lazy\" decoding=\"async\" src=\"https:\/\/www.europesays.com\/no\/wp-content\/uploads\/2025\/09\/83581544.webp\" width=\"686\" height=\"556\" title=\"BLOMSTERHAV: Da prinsesse Diana d\u00f8de, ble det lagt ned tusenvis av blomster utenfor Buckingham Palace. Foto: Agency \/ REUTERS \/ NTB\" alt=\"\" class=\"\" style=\"--aspect-ratio-image: 1.23; \"\/><\/p>\n<p>\n          BLOMSTERHAV: Da prinsesse Diana d\u00f8de, ble det lagt ned tusenvis av blomster utenfor Buckingham Palace. Foto: Agency \/ REUTERS \/ NTB\n      <\/p>\n<p>Allerede p\u00e5 slutten av 1980-tallet levde Charles og Diana i praksis adskilte liv, og i 1992 ble det offisielt annonsert at de skulle separeres. Fire \u00e5r senere, i 1996, ble skilsmissen formelt gjennomf\u00f8rt.<\/p>\n<p>Ekteskapet deres hadde da i lang tid v\u00e6rt preget av konflikter, utroskap og en konstant medieinteresse.<\/p>\n","protected":false},"excerpt":{"rendered":"Prinsesse Diana tidligere butler I en ny bok avsl\u00f8res et dramatisk \u00f8yeblikk mellom Charles og Diana.\u00a0 1984: Charles&hellip;\n","protected":false},"author":2,"featured_media":41064,"comment_status":"","ping_status":"","sticky":false,"template":"","format":"standard","meta":{"footnotes":""},"categories":[58],"tags":[71,479,2543,3994,30,28,29,75,3646,72],"class_list":{"0":"post-41063","1":"post","2":"type-post","3":"status-publish","4":"format-standard","5":"has-post-thumbnail","7":"category-underholdning","8":"tag-entertainment","9":"tag-kjendis","10":"tag-kjendisdesken","11":"tag-kong-charles","12":"tag-no","13":"tag-norge","14":"tag-norway","15":"tag-prins-harry","16":"tag-prinsesse-diana","17":"tag-underholdning"},"share_on_mastodon":{"url":"","error":""},"_links":{"self":[{"href":"https:\/\/www.europesays.com\/no\/wp-json\/wp\/v2\/posts\/41063","targetHints":{"allow":["GET"]}}],"collection":[{"href":"https:\/\/www.europesays.com\/no\/wp-json\/wp\/v2\/posts"}],"about":[{"href":"https:\/\/www.europesays.com\/no\/wp-json\/wp\/v2\/types\/post"}],"author":[{"embeddable":true,"href":"https:\/\/www.europesays.com\/no\/wp-json\/wp\/v2\/users\/2"}],"replies":[{"embeddable":true,"href":"https:\/\/www.europesays.com\/no\/wp-json\/wp\/v2\/comments?post=41063"}],"version-history":[{"count":0,"href":"https:\/\/www.europesays.com\/no\/wp-json\/wp\/v2\/posts\/41063\/revisions"}],"wp:featuredmedia":[{"embeddable":true,"href":"https:\/\/www.europesays.com\/no\/wp-json\/wp\/v2\/media\/41064"}],"wp:attachment":[{"href":"https:\/\/www.europesays.com\/no\/wp-json\/wp\/v2\/media?parent=41063"}],"wp:term":[{"taxonomy":"category","embeddable":true,"href":"https:\/\/www.europesays.com\/no\/wp-json\/wp\/v2\/categories?post=41063"},{"taxonomy":"post_tag","embeddable":true,"href":"https:\/\/www.europesays.com\/no\/wp-json\/wp\/v2\/tags?post=41063"}],"curies":[{"name":"wp","href":"https:\/\/api.w.org\/{rel}","templated":true}]}}