{"id":41070,"date":"2025-09-21T09:25:10","date_gmt":"2025-09-21T09:25:10","guid":{"rendered":"https:\/\/www.europesays.com\/no\/41070\/"},"modified":"2025-09-21T09:25:10","modified_gmt":"2025-09-21T09:25:10","slug":"argentina-bruker-milliarder-pa-a-redde-pesoen-e24","status":"publish","type":"post","link":"https:\/\/www.europesays.com\/no\/41070\/","title":{"rendered":"Argentina bruker milliarder p\u00e5 \u00e5 redde pesoen \u2013 E24"},"content":{"rendered":"<p class=\"fullWidthDesktop hyperion-css-71ztg2\" data-test-tag=\"lead-text\">President Javier Milei kjemper mot panikk i valutamarkedet.<\/p>\n<p><img decoding=\"async\" class=\"image-asset hyperion-css-u06ts1\" data-test-tag=\"image-asset\" src=\"https:\/\/www.europesays.com\/no\/wp-content\/uploads\/2025\/09\/5290b11b-19c1-4998-852d-ff2a9ca3d4d6\"  alt=\"M\u00d8TER VALUTAPRESS: Argentinas president Javier Milei.\"  loading=\"eager\" fetchpriority=\"high\" style=\"aspect-ratio:1900 \/ 1266\"\/>M\u00d8TER VALUTAPRESS: Argentinas president Javier Milei. Foto: DANIEL DUARTE \/ AFP \/ NTBPublisert: Publisert: <\/p>\n<p>For mindre enn 30 minutter siden<\/p>\n<p>Kortversjonen<\/p>\n<ul class=\"hyperion-css-pkq1ci\" data-test-tag=\"list\">\n<li class=\"hyperion-css-12h2ush\">President Javier Milei kjemper mot svekkelse av den argentinske pesoen. <\/li>\n<li class=\"hyperion-css-12h2ush\">Myndighetene har brukt over \u00e9n milliard dollar for \u00e5 holde valutakursen stabil.<\/li>\n<li class=\"hyperion-css-12h2ush\">Politisk uro, inklusive lokale valgnederlag og en korrupsjonsskandale, har svekket markedsforventningene. <\/li>\n<li class=\"hyperion-css-12h2ush\">Dersom regjeringen ikke roer markedene, kan det tvinge frem en dramatisk endring i valutapolitikken, sier \u00f8konom.<\/li>\n<\/ul>\n<p class=\"hyperion-css-10lbhat\">Oppsummeringen er laget av AI-verkt\u00f8yet ChatGPT og kvalitetssikret av E24s journalister<\/p>\n<p>Vis mer <\/p>\n<ul class=\"hyperion-css-pte5x0\">\n<li aria-label=\"link\" class=\"narrow-button hyperion-css-1sz7d3n\">Kopier lenke<\/li>\n<li aria-label=\"link\" class=\"wide-button hyperion-css-1sz7d3n\">Kopier lenke<\/li>\n<li aria-label=\"facebook\" class=\"narrow-button hyperion-css-1sz7d3n\">Del p\u00e5 Facebook<\/li>\n<li aria-label=\"facebook\" class=\"wide-button hyperion-css-1sz7d3n\">Del p\u00e5 Facebook<\/li>\n<li aria-label=\"email\" class=\"narrow-button hyperion-css-1sz7d3n\">Del med e-post<\/li>\n<li aria-label=\"email\" class=\"wide-button hyperion-css-1sz7d3n\">Del med e-post<\/li>\n<\/ul>\n<p class=\"hyperion-css-1lemvax\">Argentinas president Javier Milei m\u00f8ter valutatr\u00f8bbel. <\/p>\n<p class=\"hyperion-css-1lemvax\">Investorer trekker penger ut av landet av frykt for at presidenten skal gi opp forsvaret av pesoen og la valutaen falle, slik mange av hans forgjengere har gjort tidligere, skriver <a aria-label=\"Bloomberg\" class=\"default hyperion-css-1rezu2g\" href=\"https:\/\/www.bloomberg.com\/news\/articles\/2025-09-19\/argentina-milei-defends-peso-to-last-dollar-as-devaluation-jitters-mount\" rel=\"noopener nofollow noreferrer\" data-test-tag=\"external-link\" target=\"_blank\">Bloomberg<\/a>.<\/p>\n<p class=\"hyperion-css-1lemvax\">If\u00f8lge nyhetsbyr\u00e5et har Milei brukt over \u00e9n milliard dollar p\u00e5 \u00e5 forsvare pesoen mot det \u00f8kende presset i valutamarkedet.<\/p>\n<p class=\"hyperion-css-1lemvax\">Milei kom til makten med l\u00f8fter om \u00e5 fikse Argentinas \u00f8konomi. Han har satset p\u00e5 et program med drastiske \u00f8konomiske reformer.<\/p>\n<p>Kraftig valutafall<\/p>\n<p class=\"hyperion-css-1lemvax\">If\u00f8lge <a aria-label=\"Financial Times\" class=\"default hyperion-css-1rezu2g\" href=\"https:\/\/www.ft.com\/content\/270d9987-9b42-4ccf-83e8-cb6fe57faab7\" rel=\"noopener nofollow noreferrer\" data-test-tag=\"external-link\" target=\"_blank\">Financial Times<\/a> fors\u00f8ker Argentina \u00e5 holde valutakursen innenfor et fast intervall. <\/p>\n<p class=\"hyperion-css-1lemvax\">Valutasystemet ble innf\u00f8rt i april da landet l\u00f8snet p\u00e5 valutakontrollen, for \u00e5 sikre et l\u00e5n p\u00e5 20 milliarder dollar fra Det internasjonale pengefondet (IMF).<\/p>\n<p class=\"hyperion-css-1lemvax\">Sentralbanken i landet sitter n\u00e5 med valutareserver p\u00e5 39 milliarder dollar.<\/p>\n<p class=\"hyperion-css-1lemvax\">Torsdag sa Mileis \u00f8konomiminister Luis Caputo til lokale medier at myndighetene vil \u00abselge til siste dollar\u00bb for \u00e5 holde pesoen innenfor det fastsatte intervallet.<\/p>\n<p class=\"hyperion-css-1lemvax\">Selv anklaget presidenten opposisjonen for \u00e5 fors\u00f8ke \u00e5 destabilisere regjeringen hans ved \u00e5 skape \u00abpolitisk panikk som sprer seg i markedet\u00bb.<\/p>\n<p><img decoding=\"async\" class=\"image-asset hyperion-css-u06ts1\" data-test-tag=\"image-asset\" src=\"https:\/\/www.europesays.com\/no\/wp-content\/uploads\/2025\/09\/12d1cf36-a377-42c8-9e4c-6a9ffa79e52f\"  alt=\"Argentinas president Javier Milei under et utend\u00f8rs politisk m\u00f8te i byen Cordoba torsdag. \"  loading=\"eager\" fetchpriority=\"high\" style=\"aspect-ratio:1900 \/ 1267\"\/>Argentinas president Javier Milei under et utend\u00f8rs politisk m\u00f8te i byen Cordoba torsdag. Foto: DIEGO LIMA \/ AFP \/ NTB<\/p>\n<p class=\"hyperion-css-1lemvax\">Pesoen har svekket seg med ni prosent de siste to ukene etter at Mileis parti gikk p\u00e5 et overraskende tap i et lokalvalg i Buenos Aires. Lokalvalget svekket investorenes tro p\u00e5 at Mileis kan bevare st\u00f8tten til sin markedsorienterte politikk, skriver FT. <\/p>\n<p class=\"hyperion-css-1lemvax\">Samtidig har renten p\u00e5 Argentinas gjeld i dollar bykset med 5,5 prosentpoeng de siste to ukene.<\/p>\n<p class=\"hyperion-css-1lemvax\">\u2013 Denne dynamikken er ikke b\u00e6rekraftig, sier Gabriel Caama\u00f1o, \u00f8konom i det finansielle konsulentselskapet Outlier.<\/p>\n<p>Presset \u00f8ker<\/p>\n<p class=\"hyperion-css-1lemvax\">Argentina har en lang historie med valutakriser og hyperinflasjon. <\/p>\n<p class=\"hyperion-css-1lemvax\">Landet har gjentatte ganger opplevd at presidenter har m\u00e5ttet gi opp forsvaret av pesoen, noe som har f\u00f8rt til dramatiske fall i valutaens verdi og \u00f8konomisk kaos. <\/p>\n<p class=\"hyperion-css-1lemvax\">De siste ukene har Mileis spareprogram m\u00f8tt p\u00e5 problemer etter at det opposisjonsdominerte parlamentetet godkjente en rekke \u00f8kninger i offentlige utgifter.<\/p>\n<p class=\"hyperion-css-1lemvax\">Samtidig har en korrupsjonsskandale som involverer presidentens s\u00f8ster og stabssjef, Karina Milei, f\u00f8rt til at oppslutningen hans har falt. <\/p>\n<p><img decoding=\"async\" class=\"image-asset hyperion-css-u06ts1\" data-test-tag=\"image-asset\" src=\"https:\/\/www.europesays.com\/no\/wp-content\/uploads\/2025\/09\/afc24354-e44d-4505-9d66-7d0dc98b4ae4\"  alt=\"Demonstranter tok til gatene etter at president Javier Milei la ned veto mot \u00f8kte overf\u00f8ringer til sykehus og universiteter for \u00e5 begrense offentlig pengebruk.\"  loading=\"eager\" fetchpriority=\"high\" style=\"aspect-ratio:1900 \/ 1267\"\/>Demonstranter tok til gatene etter at president Javier Milei la ned veto mot \u00f8kte overf\u00f8ringer til sykehus og universiteter for \u00e5 begrense offentlig pengebruk. Foto: Francisco Loureiro \/ Reuters \/ NTB<\/p>\n<p class=\"hyperion-css-1lemvax\">Analytikere p\u00e5peker at regjeringen m\u00e5 roe ned markedene eller finne nye dollar-kilder for \u00e5 stanse fallet i pesoen. <\/p>\n<p class=\"hyperion-css-1lemvax\">\u2013 Hvis ikke, vil de bli tvunget til \u00e5 fremskynde en endring i valutapolitikken, noe som vil v\u00e6re sv\u00e6rt skadelig for deres troverdighet og potensielt ogs\u00e5 for valgprestasjoner, sier \u00f8konomen Gabriel Caama\u00f1o.<\/p>\n<p class=\"hyperion-css-1lemvax\">26. oktober er det mellomvalg i Argentina.<\/p>\n<p class=\"hyperion-css-1lemvax\">Artikkelen er skrevet ved hjelp av et AI-verkt\u00f8y. Den er lest gjennom og redigert av journalisten.<\/p>\n","protected":false},"excerpt":{"rendered":"President Javier Milei kjemper mot panikk i valutamarkedet. M\u00d8TER VALUTAPRESS: Argentinas president Javier Milei. Foto: DANIEL DUARTE \/&hellip;\n","protected":false},"author":2,"featured_media":41071,"comment_status":"","ping_status":"","sticky":false,"template":"","format":"standard","meta":{"footnotes":""},"categories":[12],"tags":[20,21,24,25,15,22,23,13,30,28,29,14,16,26,27,42,43,44,45],"class_list":{"0":"post-41070","1":"post","2":"type-post","3":"status-publish","4":"format-standard","5":"has-post-thumbnail","7":"category-verden","8":"tag-breaking-news","9":"tag-breakingnews","10":"tag-featured-news","11":"tag-featurednews","12":"tag-headlines","13":"tag-latest-news","14":"tag-latestnews","15":"tag-news","16":"tag-no","17":"tag-norge","18":"tag-norway","19":"tag-nyheter","20":"tag-overskrifter","21":"tag-top-stories","22":"tag-topstories","23":"tag-verden","24":"tag-world","25":"tag-world-news","26":"tag-worldnews"},"share_on_mastodon":{"url":"","error":""},"_links":{"self":[{"href":"https:\/\/www.europesays.com\/no\/wp-json\/wp\/v2\/posts\/41070","targetHints":{"allow":["GET"]}}],"collection":[{"href":"https:\/\/www.europesays.com\/no\/wp-json\/wp\/v2\/posts"}],"about":[{"href":"https:\/\/www.europesays.com\/no\/wp-json\/wp\/v2\/types\/post"}],"author":[{"embeddable":true,"href":"https:\/\/www.europesays.com\/no\/wp-json\/wp\/v2\/users\/2"}],"replies":[{"embeddable":true,"href":"https:\/\/www.europesays.com\/no\/wp-json\/wp\/v2\/comments?post=41070"}],"version-history":[{"count":0,"href":"https:\/\/www.europesays.com\/no\/wp-json\/wp\/v2\/posts\/41070\/revisions"}],"wp:featuredmedia":[{"embeddable":true,"href":"https:\/\/www.europesays.com\/no\/wp-json\/wp\/v2\/media\/41071"}],"wp:attachment":[{"href":"https:\/\/www.europesays.com\/no\/wp-json\/wp\/v2\/media?parent=41070"}],"wp:term":[{"taxonomy":"category","embeddable":true,"href":"https:\/\/www.europesays.com\/no\/wp-json\/wp\/v2\/categories?post=41070"},{"taxonomy":"post_tag","embeddable":true,"href":"https:\/\/www.europesays.com\/no\/wp-json\/wp\/v2\/tags?post=41070"}],"curies":[{"name":"wp","href":"https:\/\/api.w.org\/{rel}","templated":true}]}}