{"id":41074,"date":"2025-09-21T09:32:12","date_gmt":"2025-09-21T09:32:12","guid":{"rendered":"https:\/\/www.europesays.com\/no\/41074\/"},"modified":"2025-09-21T09:32:12","modified_gmt":"2025-09-21T09:32:12","slug":"frederiksen-til-gronland-for-a-beklage","status":"publish","type":"post","link":"https:\/\/www.europesays.com\/no\/41074\/","title":{"rendered":"Frederiksen til Gr\u00f8nland for \u00e5 beklage"},"content":{"rendered":"<p>Sammen med Gr\u00f8nlands regjeringssjef Jens-Fredrik Nielsen deltar Frederiksen p\u00e5 et arrangement i kulturhuset Katuaq i Nuuk der hun p\u00e5 vegne av Danmark ber flere tusen gr\u00f8nlandske kvinner om unnskyldning for at de fikk innsatt spiral uten samtykke.<\/p>\n<p>Anslagsvis 4500 kvinner og jenter helt ned i 13-\u00e5rsalderen fikk innsatt spiral for \u00e5 hindre svangerskap fra rundt 1960 til 90-tallet, mens Danmark enn\u00e5 sto for helsevesenet p\u00e5 Gr\u00f8nland. De fleste var f\u00f8r 1975.<\/p>\n<p>Det svarer til rundt halvparten av alle kvinner i reproduktiv alder p\u00e5 Gr\u00f8nland i den perioden.<\/p>\n<p>          <img loading=\"lazy\" decoding=\"async\" src=\"https:\/\/www.europesays.com\/no\/wp-content\/uploads\/2025\/09\/83622510.webp\" width=\"980\" height=\"559\" title=\"Danmarks statsminister Mette Frederiksen reiser onsdag til Nuuk for \u00e5 be gr\u00f8nlandske kvinner om unnskylding for spiralsaken. Foto: Kwiyeon Ha \/ AP \/ NTB\" alt=\"\" class=\"\" style=\"--aspect-ratio-image: 1.75; \"\/><\/p>\n<p>\n          Danmarks statsminister Mette Frederiksen reiser onsdag til Nuuk for \u00e5 be gr\u00f8nlandske kvinner om unnskylding for spiralsaken. Foto: Kwiyeon Ha \/ AP \/ NTB\n      <\/p>\n<p>De fleste av dem ga ikke samtykke, foreldrene til de yngste ble ofte ikke informert, og flere av kvinnene var ikke engang klar over at det var satt inn spiral f\u00f8r mange \u00e5r senere. I \u00e5revis hadde mange store smerter siden datidens spiraler var vondere enn dagens.<\/p>\n<p>Hele skoleklasser med jenter ble i flere tilfeller sendt til lege for \u00e5 f\u00e5 satt inn spiral, og de fikk klar beskjed om at de ikke kunne motsette seg det.<\/p>\n<p>Kalles folkemord\t<\/p>\n<p>Allerede i desember 2024 omtalte Gr\u00f8nlands dav\u00e6rende regjeringssjef M\u00fate B. Egede den danske spiralkampanjen som folkemord.<\/p>\n<p>Ogs\u00e5 det gr\u00f8nlandske medlemmet av Folketinget Aki-Matilda H\u00f8egh-Dam har kalt kampanjen folkemord.<\/p>\n<p>          <img loading=\"lazy\" decoding=\"async\" src=\"https:\/\/www.europesays.com\/no\/wp-content\/uploads\/2025\/09\/83622514.webp\" width=\"686\" height=\"426\" title=\"Folketingsmedlem Aki-Matilda H\u00f8egh-Dam avlegger stemme ved valget p\u00e5 Gr\u00f8nland i mars. Hun kaller den danske kampanjen for \u00e5 settge inn spiral p\u00e5 gr\u00f8nlandske kvinner folkemord. Foto: Evgeniy Maloletka \/ AP \/ NTB\" alt=\"\" class=\"\" style=\"--aspect-ratio-image: 1.61; \"\/><\/p>\n<p>\n          Folketingsmedlem Aki-Matilda H\u00f8egh-Dam avlegger stemme ved valget p\u00e5 Gr\u00f8nland i mars. Hun kaller den danske kampanjen for \u00e5 settge inn spiral p\u00e5 gr\u00f8nlandske kvinner folkemord. Foto: Evgeniy Maloletka \/ AP \/ NTB\n      <\/p>\n<p>\u2013 Kan man forestille seg at den danske regjeringen skulle si at vi m\u00e5 spare inn, det er for mange dansker, s\u00e5 halvparten av alle danske kvinner m\u00e5 f\u00e5 en tvangsspiral? Nei, det kommer du aldri til \u00e5 h\u00f8re, har hun uttalt til avisa Sermitsiaq.<\/p>\n<p>Danske folkerettseksperter sier til gr\u00f8nlandske KNR at kampanjen ikke kan regnes som folkemord, men bare det faktum at noen kaller den det, viser alvoret, if\u00f8lge Ebbe Volquardsen, kulturhistoriker ved Gr\u00f8nlands universitet.<\/p>\n<p>          <img loading=\"lazy\" decoding=\"async\" src=\"https:\/\/www.europesays.com\/no\/wp-content\/uploads\/2025\/09\/83622520.webp\" width=\"686\" height=\"481\" title=\"Danmarks statsminister Mette Frederiksen og Gr\u00f8nlands regjeringssjef Jens-Frederik Nielsen signerer en rammeavtale om selvstyre for Gr\u00f8nland i K\u00f8benhavn. Onsdag skal de to sammen be gr\u00f8nlandske kvinner om unnskyldning for at tusener av kvinner og jenter fikk innsatt spiral uten samtykke. Foto: Mads Claus Rasmussen \/ Ritzau Scanpix via AP \/ NTB\" alt=\"\" class=\"\" style=\"--aspect-ratio-image: 1.43; \"\/><\/p>\n<p>\n          Danmarks statsminister Mette Frederiksen og Gr\u00f8nlands regjeringssjef Jens-Frederik Nielsen signerer en rammeavtale om selvstyre for Gr\u00f8nland i K\u00f8benhavn. Onsdag skal de to sammen be gr\u00f8nlandske kvinner om unnskyldning for at tusener av kvinner og jenter fikk innsatt spiral uten samtykke. Foto: Mads Claus Rasmussen \/ Ritzau Scanpix via AP \/ NTB\n      <\/p>\n<p>Krever erstatning\t<\/p>\n<p>143 av kvinnene har stevnet Danmark for brudd p\u00e5 menneskerettighetene og krever en erstatning p\u00e5 300.000 danske kroner hver. Det vil si 43 millioner kroner til sammen.<\/p>\n<p>Lederen for partiet Naleraq, Pele Broberg, krever at Frederiksen har med seg erstatningen n\u00e5r hun kommer til Nuuk.<\/p>\n<p>\u2013 En unnskyldning uten handling er som \u00e5 traumatisere v\u00e5rt folk p\u00e5 nytt. Mette, hvis ikke staten handler og utbetaler erstatning, s\u00e5 bli heller hjemme, sa Broberg i en pressemelding for to uker siden.<\/p>\n<p>    <a itemprop=\"url\" href=\"https:\/\/sol.no\/video\/bryter-uskreven-regel\/R4hsN5vV\" rel=\"nofollow noopener\" target=\"_blank\"><\/p>\n<p>      <img loading=\"lazy\" decoding=\"async\" src=\"https:\/\/www.europesays.com\/no\/wp-content\/uploads\/2025\/09\/83622430.webp\" width=\"147\" height=\"98\" title=\"Bryter uskreven regel\" alt=\"\" class=\"lazyload\" style=\"--aspect-ratio-image: 1.50; \"\/><\/p>\n<p>        Bryter uskreven regel<\/p>\n<p>sol.no<\/p>\n<p>    <\/a><\/p>\n<p>Broberg vil ogs\u00e5 at Frederiksen erkjenner at hindring av f\u00f8dsler er \u00e5 betrakte som folkemord.<\/p>\n<p>\u2013 Folkemord mot v\u00e5rt folk skal ikke brukes til \u00e5 fremme Mette eller Danmark overfor omverdenen, og en unnskyldning skal ikke brukes til \u00e5 gaslighte ofrene. Det m\u00e5 handling og konsekvenser til, sier han.<\/p>\n<p>Offentlig utredning\t<\/p>\n<p>Frederiksen kom allerede 27. august med en unnskyldning p\u00e5 vegne av den danske stat, men sa at sp\u00f8rsm\u00e5let om erstatning skulle utsettes til etter at en offisiell rapport om saken ble lagt fram.<\/p>\n<p>Ogs\u00e5 Nielsen har bedt om unnskyldning for de tilfellene som skjedde etter at gr\u00f8nlandske myndigheter overtok ansvaret for helsevesenet i 1992.<\/p>\n<p>    <a itemprop=\"url\" href=\"https:\/\/sol.no\/video\/bussjaforen-ignorerer-farevarslene\/TUPQW4eI\" rel=\"nofollow noopener\" target=\"_blank\"><\/p>\n<p>      <img loading=\"lazy\" decoding=\"async\" src=\"https:\/\/www.europesays.com\/no\/wp-content\/uploads\/2025\/09\/83622424.webp\" width=\"980\" height=\"441\" title=\"Bussj\u00e5f\u00f8ren ignorerer farevarslene\" alt=\"\" class=\"lazyload\" style=\"--aspect-ratio-image: 2.22; \"\/><\/p>\n<p>        Bussj\u00e5f\u00f8ren ignorerer farevarslene<\/p>\n<p>sol.no<\/p>\n<p>    <\/a><\/p>\n<p>Den offisielle utredningen som Frederiksen viste til, ble etter mange forsinkelser lagt fram for to uker siden, dr\u00f8yt to \u00e5r etter at den ble igangsatt.<\/p>\n<p>Den kom fram til at minst 4070 gr\u00f8nlandske kvinner og jenter hadde f\u00e5tt innsatt spiral fram til slutten av 1970-\u00e5rene. Innen utredningen ble lagt fram, ble det ansl\u00e5tt at rundt 4500 kvinner fikk innsatt prevensjon f\u00f8r 1992.<\/p>\n<p>Fra dansk side ble kampanjen begrunnet med behovet for \u00e5 hindre u\u00f8nskede og uplanlagte f\u00f8dsler, for \u00e5 redusere utgiftene til helsevesenet og for \u00e5 holde Gr\u00f8nlands befolkningsvekst under kontroll.<\/p>\n<p>Folketingsmedlemmet H\u00f8egh-Dam sier at Danmarks plan for \u00e5 modernisere Gr\u00f8nland var for dyr, og at regjeringen derfor innf\u00f8rte et program for folkemord mot befolkningen.<\/p>\n<p>    <a itemprop=\"url\" href=\"https:\/\/sol.no\/video\/maper-av-synet\/PPYMx8d9\" rel=\"nofollow noopener\" target=\"_blank\"><\/p>\n<p>      <img loading=\"lazy\" decoding=\"async\" src=\"https:\/\/www.europesays.com\/no\/wp-content\/uploads\/2025\/09\/83620718.webp\" width=\"147\" height=\"98\" title=\"M\u00e5per av synet\" alt=\"\" class=\"lazyload\" style=\"--aspect-ratio-image: 1.50; \"\/><\/p>\n<p>        M\u00e5per av synet<\/p>\n<p>sol.no<\/p>\n<p>    <\/a><\/p>\n<p>\u2013 Kolonialisme\t<\/p>\n<p>Gr\u00f8nlandske kvinner som ble utsatt for overgrepet, mener at kampanjen var utslag av dansk kolonialisme.<\/p>\n<p>\u2013 Jeg vil gjerne avkolonisere min egen kropp. Det var som om jeg var statens eiendom. Kroppen min, underlivet mitt, var statens eiendom, ikke mitt, sier Naja Lyberth, en gr\u00f8nlandsk psykolog og menneskerettighetsaktivist.<\/p>\n<p>Hun var en av de f\u00f8rste som skrev om kampanjen i 2017, og som er blant dem som krever erstatning. Hun sier at hun f\u00f8rst n\u00e5 f\u00f8ler at hun har kontroll over sin egen kropp etter at hun snakket ut om det.<\/p>\n<p>    <a itemprop=\"url\" href=\"https:\/\/sol.no\/video\/svarer-usa\/iCzDgZIx\" rel=\"nofollow noopener\" target=\"_blank\"><\/p>\n<p>      <img loading=\"lazy\" decoding=\"async\" src=\"https:\/\/www.europesays.com\/no\/wp-content\/uploads\/2025\/09\/83620947.webp\" width=\"147\" height=\"98\" title=\"Svarer USA\" alt=\"\" class=\"lazyload\" style=\"--aspect-ratio-image: 1.50; \"\/><\/p>\n<p>        Svarer USA<\/p>\n<p>sol.no<\/p>\n<p>    <\/a><\/p>\n<p>Hun anklager kampanjen for \u00e5 ha stj\u00e5let jomfrudommen hennes, og for \u00e5 ha utsatt henne for smerter og muligens komplikasjoner senere i livet.<\/p>\n<p>Den gr\u00f8nlandske befolkningen har ogs\u00e5 tidligere blitt utsatt for overgrep fra Danmark. Mange gr\u00f8nlandske barn er blitt tatt fra sine familier og sendt til Danmark, og rettssaker om det er i gang i det danske rettsapparatet.<\/p>\n<p>          <img loading=\"lazy\" decoding=\"async\" src=\"https:\/\/www.europesays.com\/no\/wp-content\/uploads\/2025\/09\/83622516.webp\" width=\"980\" height=\"559\" title=\"Danmarks kong Frederik sammen med Gr\u00f8nlands regjeringssjef Jens-Frederik Nielsen ved et isfjell tidligere i \u00e5r. Foto: Ida Marie Odhaard \/ Ritzau Scanpix via AP \/ NTB\" alt=\"\" class=\"\" style=\"--aspect-ratio-image: 1.75; \"\/><\/p>\n<p>\n          Danmarks kong Frederik sammen med Gr\u00f8nlands regjeringssjef Jens-Frederik Nielsen ved et isfjell tidligere i \u00e5r. Foto: Ida Marie Odhaard \/ Ritzau Scanpix via AP \/ NTB\n      <\/p>\n<p>Trusler fra Trump\t<\/p>\n<p>Gr\u00f8nland, som i middelalderen l\u00e5 under de norske kongene, har i over 200 \u00e5r v\u00e6rt en dansk koloni, men har de siste ti\u00e5rene f\u00e5tt stadig mer selvstyre. Noen gr\u00f8nlendere vil at Gr\u00f8nland skal l\u00f8srives og bli uavhengig, men landet er fortsatt sterkt avhengig av dansk finansiering.<\/p>\n<p>Det siste \u00e5ret har USAs president Donald Trump tatt til orde for at USA m\u00e5 overta Gr\u00f8nland, og visepresident J.D. Vance bes\u00f8kte sist vinter \u00f8ya for \u00e5 sette makt bak kravet.<\/p>\n<p>Det har f\u00f8rt til at danske myndigheter innser at de m\u00e5 ta gr\u00f8nlendernes misn\u00f8ye mer p\u00e5 alvor, og oppgj\u00f8ret og unnskyldningene i forbindelse med spiralsaken inng\u00e5r i det.<\/p>\n<p>    Fakta om Gr\u00f8nland og spiralsaken<\/p>\n<p>Statsminister reiser onsdag til Nuuk for \u00e5 be om unnskyldning for at flere tusen gr\u00f8nlandske kvinner fikk innsatt spiral uten samtykke.<\/p>\n<p>* En offentlig utredning nylig viste at rundt 4500 gr\u00f8nlandske kvinner og jenter har f\u00e5tt innsatt spiral.<\/p>\n<p>* Kampanjen startet rundt 1960 mens Danmark sto for Gr\u00f8nlands helsevesen, og fortsatte til 1992 da Gr\u00f8nland fikk mer selvstyre og overtok ansvaret for helsevesenet. Enkelte tilfeller er registrert ogs\u00e5 etter 1992.<\/p>\n<p>* Danske myndigheter gjennomf\u00f8rte kampanjen som et bidrag til \u00e5 modernisere Gr\u00f8nland, redusere utgiftene til helsevesenet og f\u00e5 kontroll over befolkningsutviklingen.<\/p>\n<p>* Flere gr\u00f8nlandske kvinner har de siste \u00e5rene st\u00e5tt fram og sagt at spiralen ble innsatt uten deres samtykke, og i mange tilfeller uten deres vitende.<\/p>\n<p>* Gr\u00f8nlands dav\u00e6rende regjeringssjef M\u00fate B. Egede kalte i desember 2024 spiralkampanjen folkemord, og det samme har folketingsmedlem fra Gr\u00f8nland Aki-Matilda H\u00f8egh-Dam gjort.<\/p>\n<p>* 143 kvinner har nylig stevnet Danmark for brudd p\u00e5 menneskerettighetene og krever en erstatning p\u00e5 300.000 danske kroner hver.<\/p>\n<p>* Stevningen kom etter at den danske regjeringen ikke hadde svart p\u00e5 et erstatningskrav som ble framsatt i 2023.<\/p>\n<p>* Danmarks statsminister Mette Frederiksen ba 27. august gr\u00f8nlandske kvinner om unnskyldning, og det gjentar hun p\u00e5 et arrangement i Nuuk 24. september.<\/p>\n<p>* Gr\u00f8nland ble befolket av islendinger og nordmenn i middelalderen og var del av Norgesveldet fram til den norske unionen med Danmark.<\/p>\n<p>* \u00d8ya har v\u00e6rt dansk koloni i 230 \u00e5r og fulgte ikke med Norge da Norge ble overf\u00f8rt til Sverige etter napoleonskrigene i 1814.<\/p>\n<p>* Siden 1992 har Gr\u00f8nland hatt utstrakt selvstyre, men mange gr\u00f8nlendere krever n\u00e5 full uavhengighet. \u00d8ya er imidlertid sterkt avhengig av dansk finansiering.<\/p>\n<p>      Vis mer<br \/>\n      Vis mindre<\/p>\n","protected":false},"excerpt":{"rendered":"Sammen med Gr\u00f8nlands regjeringssjef Jens-Fredrik Nielsen deltar Frederiksen p\u00e5 et arrangement i kulturhuset Katuaq i Nuuk der hun&hellip;\n","protected":false},"author":2,"featured_media":41075,"comment_status":"","ping_status":"","sticky":false,"template":"","format":"standard","meta":{"footnotes":""},"categories":[12],"tags":[20,21,1524,24,25,2112,15,22,23,13,30,28,29,14,16,26,27,42,43,44,45],"class_list":{"0":"post-41074","1":"post","2":"type-post","3":"status-publish","4":"format-standard","5":"has-post-thumbnail","7":"category-verden","8":"tag-breaking-news","9":"tag-breakingnews","10":"tag-danmark","11":"tag-featured-news","12":"tag-featurednews","13":"tag-gronland","14":"tag-headlines","15":"tag-latest-news","16":"tag-latestnews","17":"tag-news","18":"tag-no","19":"tag-norge","20":"tag-norway","21":"tag-nyheter","22":"tag-overskrifter","23":"tag-top-stories","24":"tag-topstories","25":"tag-verden","26":"tag-world","27":"tag-world-news","28":"tag-worldnews"},"share_on_mastodon":{"url":"","error":""},"_links":{"self":[{"href":"https:\/\/www.europesays.com\/no\/wp-json\/wp\/v2\/posts\/41074","targetHints":{"allow":["GET"]}}],"collection":[{"href":"https:\/\/www.europesays.com\/no\/wp-json\/wp\/v2\/posts"}],"about":[{"href":"https:\/\/www.europesays.com\/no\/wp-json\/wp\/v2\/types\/post"}],"author":[{"embeddable":true,"href":"https:\/\/www.europesays.com\/no\/wp-json\/wp\/v2\/users\/2"}],"replies":[{"embeddable":true,"href":"https:\/\/www.europesays.com\/no\/wp-json\/wp\/v2\/comments?post=41074"}],"version-history":[{"count":0,"href":"https:\/\/www.europesays.com\/no\/wp-json\/wp\/v2\/posts\/41074\/revisions"}],"wp:featuredmedia":[{"embeddable":true,"href":"https:\/\/www.europesays.com\/no\/wp-json\/wp\/v2\/media\/41075"}],"wp:attachment":[{"href":"https:\/\/www.europesays.com\/no\/wp-json\/wp\/v2\/media?parent=41074"}],"wp:term":[{"taxonomy":"category","embeddable":true,"href":"https:\/\/www.europesays.com\/no\/wp-json\/wp\/v2\/categories?post=41074"},{"taxonomy":"post_tag","embeddable":true,"href":"https:\/\/www.europesays.com\/no\/wp-json\/wp\/v2\/tags?post=41074"}],"curies":[{"name":"wp","href":"https:\/\/api.w.org\/{rel}","templated":true}]}}