{"id":41076,"date":"2025-09-21T09:33:09","date_gmt":"2025-09-21T09:33:09","guid":{"rendered":"https:\/\/www.europesays.com\/no\/41076\/"},"modified":"2025-09-21T09:33:09","modified_gmt":"2025-09-21T09:33:09","slug":"bensinbilen-er-i-praksis-dod","status":"publish","type":"post","link":"https:\/\/www.europesays.com\/no\/41076\/","title":{"rendered":"\u2013 Bensinbilen er i praksis d\u00f8d"},"content":{"rendered":"<p class=\"kicker \" style=\"\">Lavt salg:<\/p>\n<p>  Salget av rene fossilbiler har lenge v\u00e6rt p\u00e5 retur. S\u00e5 langt i \u00e5r er bare 0,4 prosent av nybilsalget er bensinbiler.<\/p>\n<p>\n    Foto: Berit Roald \/ NTB\n  <\/p>\n<p>\u2013 Bensinbilen er i praksis d\u00f8d i det norske nybilmarkedet, sier \u00d8yvind Solberg Thorsen, seniorr\u00e5dgiver i Opplysningsr\u00e5det for veitrafikken (OFV) til\u00a0<a href=\"https:\/\/www.tu.no\/artikler\/bensinbilen-er-nesten-dod-i-norge-i-ett-fylke-har-det-bare-blitt-solgt-en\/562506\" target=\"_blank\" rel=\"nofollow noopener\">Teknisk Ukeblad<\/a>.<\/p>\n<p>OFVs tall for nybilregistreringer viser at det i flere fylker g\u00e5r det m\u00e5neder mellom registrering av hver nye bensinbil.<\/p>\n<p>    <a itemprop=\"url\" href=\"https:\/\/sol.no\/video\/bussjaforen-ignorerer-farevarslene\/TUPQW4eI\" rel=\"nofollow noopener\" target=\"_blank\"><\/p>\n<p>      <img loading=\"lazy\" decoding=\"async\" src=\"https:\/\/www.europesays.com\/no\/wp-content\/uploads\/2025\/09\/1758447189_795_83622424.webp\" width=\"980\" height=\"441\" title=\"Bussj\u00e5f\u00f8ren ignorerer farevarslene\" alt=\"\" class=\"lazyload\" style=\"--aspect-ratio-image: 2.22; \"\/><\/p>\n<p>        Bussj\u00e5f\u00f8ren ignorerer farevarslene<\/p>\n<p>sol.no<\/p>\n<p>    <\/a><\/p>\n<p>Av n\u00e6r 105.000 nye personbiler i \u00e5r er bare 379 bensin. Ikke selges det mange nye dieselbiler heller. Her opplyses prosentandelen til \u00e5 v\u00e6re 1,2 prosent.<\/p>\n<p>If\u00f8lge\u00a0<a href=\"https:\/\/ofv.no\/aktuelt\/2025\/nybilsalget-fortsetter-%C3%A5-%C3%B8ke-og-flere-vil-eie-bilen-selv\" target=\"_blank\" rel=\"nofollow noopener\">OFV<\/a>\u00a0var elbilandelen etter \u00e5rets \u00e5tte f\u00f8rste m\u00e5neder 94,5 prosent.<\/p>\n","protected":false},"excerpt":{"rendered":"Lavt salg: Salget av rene fossilbiler har lenge v\u00e6rt p\u00e5 retur. S\u00e5 langt i \u00e5r er bare 0,4&hellip;\n","protected":false},"author":2,"featured_media":41077,"comment_status":"","ping_status":"","sticky":false,"template":"","format":"standard","meta":{"footnotes":""},"categories":[10],"tags":[6492,222,20,21,24,25,15,22,23,217,13,30,28,29,14,16,26,27],"class_list":{"0":"post-41076","1":"post","2":"type-post","3":"status-publish","4":"format-standard","5":"has-post-thumbnail","7":"category-norge","8":"tag-bensinbil","9":"tag-bil","10":"tag-breaking-news","11":"tag-breakingnews","12":"tag-featured-news","13":"tag-featurednews","14":"tag-headlines","15":"tag-latest-news","16":"tag-latestnews","17":"tag-motor","18":"tag-news","19":"tag-no","20":"tag-norge","21":"tag-norway","22":"tag-nyheter","23":"tag-overskrifter","24":"tag-top-stories","25":"tag-topstories"},"share_on_mastodon":{"url":"","error":""},"_links":{"self":[{"href":"https:\/\/www.europesays.com\/no\/wp-json\/wp\/v2\/posts\/41076","targetHints":{"allow":["GET"]}}],"collection":[{"href":"https:\/\/www.europesays.com\/no\/wp-json\/wp\/v2\/posts"}],"about":[{"href":"https:\/\/www.europesays.com\/no\/wp-json\/wp\/v2\/types\/post"}],"author":[{"embeddable":true,"href":"https:\/\/www.europesays.com\/no\/wp-json\/wp\/v2\/users\/2"}],"replies":[{"embeddable":true,"href":"https:\/\/www.europesays.com\/no\/wp-json\/wp\/v2\/comments?post=41076"}],"version-history":[{"count":0,"href":"https:\/\/www.europesays.com\/no\/wp-json\/wp\/v2\/posts\/41076\/revisions"}],"wp:featuredmedia":[{"embeddable":true,"href":"https:\/\/www.europesays.com\/no\/wp-json\/wp\/v2\/media\/41077"}],"wp:attachment":[{"href":"https:\/\/www.europesays.com\/no\/wp-json\/wp\/v2\/media?parent=41076"}],"wp:term":[{"taxonomy":"category","embeddable":true,"href":"https:\/\/www.europesays.com\/no\/wp-json\/wp\/v2\/categories?post=41076"},{"taxonomy":"post_tag","embeddable":true,"href":"https:\/\/www.europesays.com\/no\/wp-json\/wp\/v2\/tags?post=41076"}],"curies":[{"name":"wp","href":"https:\/\/api.w.org\/{rel}","templated":true}]}}