{"id":41079,"date":"2025-09-21T09:36:12","date_gmt":"2025-09-21T09:36:12","guid":{"rendered":"https:\/\/www.europesays.com\/no\/41079\/"},"modified":"2025-09-21T09:36:12","modified_gmt":"2025-09-21T09:36:12","slug":"thomas-numme-yngvar-numme-thomas-numme-snakker-ut-om-farens-bortgang","status":"publish","type":"post","link":"https:\/\/www.europesays.com\/no\/41079\/","title":{"rendered":"Thomas Numme, Yngvar Numme | Thomas Numme snakker ut om farens bortgang"},"content":{"rendered":"\n<p>I november 2023 kom den triste nyheten om at Yngvar Numme hadde g\u00e5tt bort. Han ble 79 \u00e5r gammel.<\/p>\n<p>Det delte s\u00f8nnen Thomas Numme (55) p\u00e5 Instagram:<\/p>\n<p>\u00abI natt mistet vi v\u00e5r kj\u00e6re pappa, s\u00e5 br\u00e5tt og uventet. Vi var uendelig glad i deg\u00bb, skrev han den gang.<\/p>\n<p><b>Les ogs\u00e5: <a href=\"https:\/\/www.nettavisen.no\/kjendis\/far-ikke-solgt-casa-numme-helt-spesielt\/s\/5-95-2598046\" rel=\"Follow nofollow noopener\" target=\"_blank\">F\u00e5r ikke solgt Casa Numme: \u2013 Helt spesielt<\/a><\/b><\/p>\n<p>I et intervju med <a href=\"https:\/\/www.klikk.no\/underholdning\/thomas-numme-bakken-forsvant-under-meg-7559995\" rel=\"Follow nofollow noopener\" target=\"_blank\">Her og N\u00e5 <\/a>\u00e5pner 55-\u00e5ringen opp om farens bortgang.<\/p>\n<p>\u2013 Trodde han hadde flere gode \u00e5r<\/p>\n<p>Numme er for tiden aktuell som deltaker i \u00abKokkeskolen\u00bb. I programmet f\u00e5r deltakerne i oppgave \u00e5 lage en rett som har personlig betydning, og Numme benytter anledningen til \u00e5 hedre sin far.<\/p>\n<p>\u2013 Jeg, som de fleste andre, sverget til mye pose- og ferdigmat da jeg studerte. Etter \u00e5 ha levd p\u00e5 det i noen \u00e5r, sa pappa: \u00abN\u00e5 m\u00e5 du l\u00e6re deg \u00e5 lage mat!\u00bb. Da viste han meg hvordan jeg laget finnbiffgryte, en gryte jeg fortsatt serverer p\u00e5 m\u00f8rke h\u00f8stdager. Jeg er veldig glad jeg valgte \u00e5 lage den, for \u00e5 hedre min far, sier han til Her og N\u00e5.<\/p>\n<p>I intervjuet forteller han videre at faren var en stor inspirasjon, og at savnet etter ham fortsatt er sterkt.<\/p>\n<p>\u2013 Det var et sjokk. Bakken forsvant under meg. Selv om han var en voksen mann, s\u00e5 var han utrolig oppeg\u00e5ende og livsglad. Jeg trodde han hadde flere gode \u00e5r igjen.<\/p>\n<p>Han legger til at han fortsatt er preget av farens bortgang.<\/p>\n<p>\u2013 Sorgen blir ikke borte, men med tiden h\u00e5per jeg den blir lettere \u00e5 b\u00e6re, deler han.<\/p>\n<p>    Vil du se neste video?<\/p>\n<p>    <a href=\"https:\/\/www.nettavisen.no\/kjendis\/durek-verrett-med-sex-innrommelse-i-ny-netflix-dokumentar\/v\/5-95-2619898\" class=\"recommend-poster\" data-adp-clicklabel=\"video-recommend\" data-adp-clickvalue=\"poster\" rel=\"nofollow noopener\" target=\"_blank\"><br \/>\n      <img decoding=\"async\" width=\"200\" height=\"200\" loading=\"lazy\" src=\"https:\/\/www.europesays.com\/no\/wp-content\/uploads\/2025\/09\/v-i-db93d658-5e22-45fe-b7c8-d775a592cc50-1757932265790.jpg\" alt=\"\" class=\"brick-c-cFOWSL\" style=\"--brick-image-ratio: 200 \/ 200;\"\/><\/p>\n<p>Her kommer Durek med sex-innr\u00f8mmelse0:55<\/p>\n<p>    <\/a><\/p>\n<p>        Thomas Numme nekter \u00e5 la seg overtale av fenriken i \u00abKompani Lauritzen\u00bb\u00a0\u2013\u00a0som kommer med et oppsiktsvekkende svar.\u00a0<br \/>\n        Flere utmerkelser<\/p>\n<p>I 1990 ble Yngvar Numme tildelt Leonardstatuetten, og tre \u00e5r senere fikk Dizzie Tunes samme pris.<\/p>\n<p>Dizzie Tunes fikk ogs\u00e5 tildelt Snill Gutt-statuetten i 1988, Lisebergappl\u00e5den i 1991 og Jens Book-Jenssens pris i 1993.<\/p>\n<p>I henholdsvis 1993 og 2000 mottok Dizzie Tunes kulturpriser fra Porsgrunn og Skien kommune, og i 1999 ble Dizzie Tunes plass avduket midt i sentrum av Skien.<\/p>\n<p>I 2002 mottok Yngvar Numme Kongens fortjenestemedalje i gull.<\/p>\n<p><b>Les ogs\u00e5: <a href=\"https:\/\/www.nettavisen.no\/kjendis\/vita-mashadi-apner-opp-i-konstant-psykose\/s\/5-95-2619419\" rel=\"Follow nofollow noopener\" target=\"_blank\">Vita Mashadi deler oppdatering: \u2013 Mistet meg selv i sorgen<\/a><\/b><\/p>\n<p>Numme har ogs\u00e5 v\u00e6rt involvert i flere radio- og TV-produksjoner, b\u00e5de som skribent, instrukt\u00f8r, skuespiller og programleder. Han var blant annet stemmen til Ludvig i spillefilmen \u00abFl\u00e5klypa Grand Prix\u00bb fra 1979. Han hadde ogs\u00e5 stemmen til vortesvinet Pumbaa i \u00abL\u00f8venes konge\u00bb (1994).<\/p>\n","protected":false},"excerpt":{"rendered":"I november 2023 kom den triste nyheten om at Yngvar Numme hadde g\u00e5tt bort. Han ble 79 \u00e5r&hellip;\n","protected":false},"author":2,"featured_media":41080,"comment_status":"","ping_status":"","sticky":false,"template":"","format":"standard","meta":{"footnotes":""},"categories":[58],"tags":[71,30,28,29,72],"class_list":{"0":"post-41079","1":"post","2":"type-post","3":"status-publish","4":"format-standard","5":"has-post-thumbnail","7":"category-underholdning","8":"tag-entertainment","9":"tag-no","10":"tag-norge","11":"tag-norway","12":"tag-underholdning"},"share_on_mastodon":{"url":"","error":""},"_links":{"self":[{"href":"https:\/\/www.europesays.com\/no\/wp-json\/wp\/v2\/posts\/41079","targetHints":{"allow":["GET"]}}],"collection":[{"href":"https:\/\/www.europesays.com\/no\/wp-json\/wp\/v2\/posts"}],"about":[{"href":"https:\/\/www.europesays.com\/no\/wp-json\/wp\/v2\/types\/post"}],"author":[{"embeddable":true,"href":"https:\/\/www.europesays.com\/no\/wp-json\/wp\/v2\/users\/2"}],"replies":[{"embeddable":true,"href":"https:\/\/www.europesays.com\/no\/wp-json\/wp\/v2\/comments?post=41079"}],"version-history":[{"count":0,"href":"https:\/\/www.europesays.com\/no\/wp-json\/wp\/v2\/posts\/41079\/revisions"}],"wp:featuredmedia":[{"embeddable":true,"href":"https:\/\/www.europesays.com\/no\/wp-json\/wp\/v2\/media\/41080"}],"wp:attachment":[{"href":"https:\/\/www.europesays.com\/no\/wp-json\/wp\/v2\/media?parent=41079"}],"wp:term":[{"taxonomy":"category","embeddable":true,"href":"https:\/\/www.europesays.com\/no\/wp-json\/wp\/v2\/categories?post=41079"},{"taxonomy":"post_tag","embeddable":true,"href":"https:\/\/www.europesays.com\/no\/wp-json\/wp\/v2\/tags?post=41079"}],"curies":[{"name":"wp","href":"https:\/\/api.w.org\/{rel}","templated":true}]}}