{"id":41081,"date":"2025-09-21T09:40:10","date_gmt":"2025-09-21T09:40:10","guid":{"rendered":"https:\/\/www.europesays.com\/no\/41081\/"},"modified":"2025-09-21T09:40:10","modified_gmt":"2025-09-21T09:40:10","slug":"spar-norsk-oscar-rekord","status":"publish","type":"post","link":"https:\/\/www.europesays.com\/no\/41081\/","title":{"rendered":"Sp\u00e5r norsk Oscar-rekord"},"content":{"rendered":"\n<p class=\"_lead_ew2ao_2 _lead_xtcu6_50 layout-component text-serif-m layout-normal text-serif-l layout-component layout-wide layout-padded _wide_17hqh_1 layout-padded\">Joachim Triers film \u00abAffeksjonsverdi\u00bb sp\u00e5s til hele syv Oscar-nominasjoner av det anerkjente filmmagasinet IndieWire.<\/p>\n<p><img alt=\"Stjernelaget Elle Fanning, Inga Ibsdotter Lilleaas, Stellan Skarsg\u00e5rd og Renate Reinsve spiller i \u00abAffeksjonsverdi\u00bb.  Foto: Mattis Sandblad \/ VG\" class=\"_image_qp4xg_65 layout-component layout-wide\" data-fullscreen- data-track-element-type=\"Article image fullscreen\" data-track-name=\"ImageFullscreen\" fetchpriority=\"high\" decoding=\"sync\" loading=\"eager\" height=\"4000\" itemprop=\"image\"  src=\"https:\/\/www.europesays.com\/no\/wp-content\/uploads\/2025\/09\/621d4aaa-e60f-48d6-b10b-0e0cc27cf682\"  style=\"object-position:0% 0%\" width=\"6000\"\/>Stjernelaget Elle Fanning, Inga Ibsdotter Lilleaas, Stellan Skarsg\u00e5rd og Renate Reinsve spiller i \u00abAffeksjonsverdi\u00bb.  Foto: Mattis Sandblad \/ VG<\/p>\n<ul aria-hidden=\"true\" class=\"_images_1y6fe_106\">\n<li><a class=\"_link_1y6fe_111\" href=\"https:\/\/www.vg.no\/forfatter\/anne-sofie-roennfeldt\" style=\"z-index:2\" title=\"Anne Sofie R\u00f8nnfeldt\" rel=\"nofollow noopener\" target=\"_blank\"><img alt=\"Bilde av Anne Sofie R\u00f8nnfeldt\" class=\"_image_1y6fe_88\" fetchpriority=\"low\" loading=\"lazy\" decoding=\"async\" itemprop=\"image\"  src=\"https:\/\/www.europesays.com\/no\/wp-content\/uploads\/2025\/09\/1758447609_641_4634311d-064a-4086-be75-18a6e8a88835\"  width=\"480\"\/><\/a><\/li>\n<li><a class=\"_link_1y6fe_111\" href=\"https:\/\/www.vg.no\/forfatter\/thor-benjamin-brekken\" style=\"z-index:1\" title=\"Benjamin Brekken\" rel=\"nofollow noopener\" target=\"_blank\"><img alt=\"Bilde av Benjamin Brekken\" class=\"_image_1y6fe_88\" fetchpriority=\"low\" loading=\"lazy\" decoding=\"async\" itemprop=\"image\"  src=\"https:\/\/www.europesays.com\/no\/wp-content\/uploads\/2025\/09\/1758447609_187_1729a004-83db-4715-83a1-201a2b6019bd\"  width=\"480\"\/><\/a><\/li>\n<\/ul>\n<p> Oppdatert s\u00f8ndag 21. september kl. 11:19     <\/p>\n<p class=\"_paragraph_ew2ao_4 _paragraph_xtcu6_10 layout-component text-serif-m layout-normal text-serif-m layout-padded\"><a href=\"https:\/\/www.indiewire.com\/lists\/2026-oscar-predictions-academy-awards\/best-picture\/\" class=\"_link_ew2ao_39\" rel=\"nofollow noopener\" target=\"_blank\">IndieWire<\/a> spekulerer hvert \u00e5r i hvem som stikker av med \u00e5rets <a href=\"https:\/\/www.vg.no\/tag\/oscar?utm_source=vg-article&amp;utm_medium=auto-tagger&amp;utm_campaign=wgw8Lo\" class=\"_link_ew2ao_39\" rel=\"nofollow noopener\" target=\"_blank\">Oscar<\/a>-nominasjoner.<\/p>\n<p class=\"_paragraph_ew2ao_4 _paragraph_xtcu6_10 layout-component text-serif-m layout-normal text-serif-m layout-padded\">Og der kan det fort g\u00e5 mot en norsk rekord \u2013 ogs\u00e5 hvis Indiwire kun har rett i noen av spekulasjonene. <\/p>\n<p class=\"_paragraph_ew2ao_4 _paragraph_xtcu6_10 layout-component text-serif-m layout-normal text-serif-m layout-padded\">For ikke bare mener magasinet at \u00abAffeksjonsverdi\u00bb er favoritt til \u00e5 bli nomintert til beste film, Joachim Trier til beste regiss\u00f8r, Trier og medforfatter Eskil Vogt for beste manus og Renate Reinsve til beste kvinnelige hovedrolle. <\/p>\n<p><img alt=\"Renate Reinsve er if\u00f8lge IndieWire favoritt til \u00e5 nomineres til beste kvinnelige hovedrolle.  Foto: Kasper Tuxen \/ Mer Film\" class=\"_image_qp4xg_65 layout-component layout-normal\" data-fullscreen- data-track-element-type=\"Article image fullscreen\" data-track-name=\"ImageFullscreen\" decoding=\"async\" loading=\"lazy\" height=\"1080\" itemprop=\"image\"  src=\"https:\/\/www.europesays.com\/no\/wp-content\/uploads\/2025\/09\/dc9a7af0-e803-4387-aca9-ed0a33d29bb6\"  style=\"object-position:0% 0%\" width=\"1998\"\/>Renate Reinsve er if\u00f8lge IndieWire favoritt til \u00e5 nomineres til beste kvinnelige hovedrolle.  Foto: Kasper Tuxen \/ Mer Film<\/p>\n<p class=\"_paragraph_ew2ao_4 _paragraph_xtcu6_10 layout-component text-serif-m layout-normal text-serif-m layout-padded\">I tillegg lister magasinet opp Stellan Skarsg\u00e5rd som favoritt til \u00e5 bli nominert som beste mannlige birolle, mens b\u00e5de Elle Fanning og Inga Ibsdotter Lilleaas er favoritter til \u00e5 nomineres for beste kvinnelige birolle.<\/p>\n<p class=\"_paragraph_ew2ao_4 _paragraph_xtcu6_10 layout-component text-serif-m layout-normal text-serif-m layout-padded\"><strong class=\"_strong_ew2ao_25\">En helnorsk film har aldri f\u00e5tt mer enn to nominasjoner. <\/strong><\/p>\n<p class=\"_paragraph_ew2ao_4 _paragraph_xtcu6_10 layout-component text-serif-m layout-normal text-serif-m layout-padded\">Det var da \u00abVerdens verste menneske\u00bb, ogs\u00e5 regissert av Joachim Trier, ble nominert to ganger i 2022.<\/p>\n<p>Dette er de syv nominasjonene IndieWire sp\u00e5r:<\/p>\n<ol class=\"_list_ew2ao_3 _list_xtcu6_9 _list_16v91_9 _ordered_ew2ao_79 layout-component text-serif-m layout-normal text-sans-m layout-padded\">\n<li class=\"_item_ew2ao_30\">Beste film<\/li>\n<li class=\"_item_ew2ao_30\">Beste regiss\u00f8r \u2013 Joachim Trier<\/li>\n<li class=\"_item_ew2ao_30\">Beste kvinnelige hovedrolle \u2013 Renate Reinsve<\/li>\n<li class=\"_item_ew2ao_30\">Beste mannlige birolle \u2013 Stellan Skarsg\u00e5rd<\/li>\n<li class=\"_item_ew2ao_30\">Beste kvinnelige birolle \u2013 Elle Fanning<\/li>\n<li class=\"_item_ew2ao_30\">Beste kvinnelige birolle \u2013 Inga Ibsdotter Lilleaas<\/li>\n<li class=\"_item_ew2ao_30\">Beste manus\u2013 Joachim Trier og Eskil Vogt<\/li>\n<\/ol>\n<p>Vis mer Hedret i Cannes<\/p>\n<p class=\"_paragraph_ew2ao_4 _paragraph_xtcu6_10 layout-component text-serif-m layout-normal text-serif-m layout-padded\">Allerede i mai ble det klart at Affeksjonsverdi ville seile opp som en internasjonal favoritt. <\/p>\n<p class=\"_paragraph_ew2ao_4 _paragraph_xtcu6_10 layout-component text-serif-m layout-normal text-serif-m layout-padded\">Filmen fikk <a href=\"https:\/\/www.vg.no\/rampelys\/i\/8qMW2r\/trier-om-verdenspremieren-i-cannes-krysser-fingrene\" data-track-element-type=\"Link\" data-track-id=\"link:8qMW2r\" class=\"_link_ew2ao_39\" rel=\"nofollow noopener\" target=\"_blank\">19 minutter st\u00e5ende applaus<\/a> under verdenspremieren i Cannes. <\/p>\n<p class=\"_paragraph_ew2ao_4 _paragraph_xtcu6_10 layout-component text-serif-m layout-normal text-serif-m layout-padded\">Filmen hadde premiere p\u00e5 norske kinoer i september.<\/p>\n","protected":false},"excerpt":{"rendered":"Joachim Triers film \u00abAffeksjonsverdi\u00bb sp\u00e5s til hele syv Oscar-nominasjoner av det anerkjente filmmagasinet IndieWire. Stjernelaget Elle Fanning, Inga&hellip;\n","protected":false},"author":2,"featured_media":41082,"comment_status":"","ping_status":"","sticky":false,"template":"","format":"standard","meta":{"footnotes":""},"categories":[10],"tags":[20,21,24,25,15,3244,22,23,13,30,28,29,14,1052,16,26,27],"class_list":{"0":"post-41081","1":"post","2":"type-post","3":"status-publish","4":"format-standard","5":"has-post-thumbnail","7":"category-norge","8":"tag-breaking-news","9":"tag-breakingnews","10":"tag-featured-news","11":"tag-featurednews","12":"tag-headlines","13":"tag-joachim-trier","14":"tag-latest-news","15":"tag-latestnews","16":"tag-news","17":"tag-no","18":"tag-norge","19":"tag-norway","20":"tag-nyheter","21":"tag-oscar","22":"tag-overskrifter","23":"tag-top-stories","24":"tag-topstories"},"share_on_mastodon":{"url":"","error":""},"_links":{"self":[{"href":"https:\/\/www.europesays.com\/no\/wp-json\/wp\/v2\/posts\/41081","targetHints":{"allow":["GET"]}}],"collection":[{"href":"https:\/\/www.europesays.com\/no\/wp-json\/wp\/v2\/posts"}],"about":[{"href":"https:\/\/www.europesays.com\/no\/wp-json\/wp\/v2\/types\/post"}],"author":[{"embeddable":true,"href":"https:\/\/www.europesays.com\/no\/wp-json\/wp\/v2\/users\/2"}],"replies":[{"embeddable":true,"href":"https:\/\/www.europesays.com\/no\/wp-json\/wp\/v2\/comments?post=41081"}],"version-history":[{"count":0,"href":"https:\/\/www.europesays.com\/no\/wp-json\/wp\/v2\/posts\/41081\/revisions"}],"wp:featuredmedia":[{"embeddable":true,"href":"https:\/\/www.europesays.com\/no\/wp-json\/wp\/v2\/media\/41082"}],"wp:attachment":[{"href":"https:\/\/www.europesays.com\/no\/wp-json\/wp\/v2\/media?parent=41081"}],"wp:term":[{"taxonomy":"category","embeddable":true,"href":"https:\/\/www.europesays.com\/no\/wp-json\/wp\/v2\/categories?post=41081"},{"taxonomy":"post_tag","embeddable":true,"href":"https:\/\/www.europesays.com\/no\/wp-json\/wp\/v2\/tags?post=41081"}],"curies":[{"name":"wp","href":"https:\/\/api.w.org\/{rel}","templated":true}]}}