{"id":41096,"date":"2025-09-21T10:14:10","date_gmt":"2025-09-21T10:14:10","guid":{"rendered":"https:\/\/www.europesays.com\/no\/41096\/"},"modified":"2025-09-21T10:14:10","modified_gmt":"2025-09-21T10:14:10","slug":"utbredt-jodehat-i-danmark","status":"publish","type":"post","link":"https:\/\/www.europesays.com\/no\/41096\/","title":{"rendered":"Utbredt j\u00f8dehat i Danmark"},"content":{"rendered":"<p><strong>If\u00f8lge den st\u00f8rste unders\u00f8kelsen av j\u00f8disk liv i Danmark p\u00e5 50 \u00e5r, opplever j\u00f8der i landet en utbredt antisemitisme som griper direkte inn i hverdagen. Mange f\u00f8ler seg n\u00f8dt til \u00e5 skjule identiteten sin, opplyser den danske kringkasteren <a href=\"https:\/\/www.dr.dk\/nyheder\/indland\/ny-undersoegelse-joeder-i-danmark-oplever-udbredt-antisemitisme\" rel=\"nofollow noopener\" target=\"_blank\">DR<\/a>.<\/strong><\/p>\n<p>Unders\u00f8kelsen er gjennomf\u00f8rt av Institut for Menneskerettigheder og bygger p\u00e5 svar fra 465 personer med j\u00f8disk bakgrunn. Hele 85 prosent svarer at de har opplevd \u00f8kt utrygghet etter terrorangrepet fra Hamas 7. oktober 2023. 58 prosent opplyser at de har innf\u00f8rt sikkerhetstiltak i hjemmet, som hemmelig adresse eller \u00e5 unnlate \u00e5 sette navn p\u00e5 postkassen.<\/p>\n<p>\u2013 Unders\u00f8kelsen viser dessverre at mange j\u00f8der i Danmark opplever antisemitisme og skjuler sin identitet, sier nasjonal sjef ved instituttet, Pernille Boye Koch, til DR.<\/p>\n<p>Rapporten viser ogs\u00e5 at mange vegrer seg for \u00e5 delta i j\u00f8diske arrangementer uten synlig sikkerhet. Rundt 40 prosent sier at de ikke kan v\u00e6re \u00e5pne om sin bakgrunn overfor kollegaer, og nesten halvparten av de unge opplever at de m\u00e5 skjule hvem de er for \u00e5 bli akseptert.<\/p>\n<p>If\u00f8lge DR er dette den mest omfattende unders\u00f8kelsen av j\u00f8disk liv i Danmark siden 1973.<\/p>\n","protected":false},"excerpt":{"rendered":"If\u00f8lge den st\u00f8rste unders\u00f8kelsen av j\u00f8disk liv i Danmark p\u00e5 50 \u00e5r, opplever j\u00f8der i landet en utbredt&hellip;\n","protected":false},"author":2,"featured_media":41097,"comment_status":"","ping_status":"","sticky":false,"template":"","format":"standard","meta":{"footnotes":""},"categories":[12],"tags":[6494,20,21,1524,24,25,15,1154,22,23,13,30,28,29,14,16,26,27,42,43,44,45],"class_list":{"0":"post-41096","1":"post","2":"type-post","3":"status-publish","4":"format-standard","5":"has-post-thumbnail","7":"category-verden","8":"tag-antisemittisme","9":"tag-breaking-news","10":"tag-breakingnews","11":"tag-danmark","12":"tag-featured-news","13":"tag-featurednews","14":"tag-headlines","15":"tag-jodehat","16":"tag-latest-news","17":"tag-latestnews","18":"tag-news","19":"tag-no","20":"tag-norge","21":"tag-norway","22":"tag-nyheter","23":"tag-overskrifter","24":"tag-top-stories","25":"tag-topstories","26":"tag-verden","27":"tag-world","28":"tag-world-news","29":"tag-worldnews"},"share_on_mastodon":{"url":"","error":""},"_links":{"self":[{"href":"https:\/\/www.europesays.com\/no\/wp-json\/wp\/v2\/posts\/41096","targetHints":{"allow":["GET"]}}],"collection":[{"href":"https:\/\/www.europesays.com\/no\/wp-json\/wp\/v2\/posts"}],"about":[{"href":"https:\/\/www.europesays.com\/no\/wp-json\/wp\/v2\/types\/post"}],"author":[{"embeddable":true,"href":"https:\/\/www.europesays.com\/no\/wp-json\/wp\/v2\/users\/2"}],"replies":[{"embeddable":true,"href":"https:\/\/www.europesays.com\/no\/wp-json\/wp\/v2\/comments?post=41096"}],"version-history":[{"count":0,"href":"https:\/\/www.europesays.com\/no\/wp-json\/wp\/v2\/posts\/41096\/revisions"}],"wp:featuredmedia":[{"embeddable":true,"href":"https:\/\/www.europesays.com\/no\/wp-json\/wp\/v2\/media\/41097"}],"wp:attachment":[{"href":"https:\/\/www.europesays.com\/no\/wp-json\/wp\/v2\/media?parent=41096"}],"wp:term":[{"taxonomy":"category","embeddable":true,"href":"https:\/\/www.europesays.com\/no\/wp-json\/wp\/v2\/categories?post=41096"},{"taxonomy":"post_tag","embeddable":true,"href":"https:\/\/www.europesays.com\/no\/wp-json\/wp\/v2\/tags?post=41096"}],"curies":[{"name":"wp","href":"https:\/\/api.w.org\/{rel}","templated":true}]}}