{"id":41114,"date":"2025-09-21T10:37:11","date_gmt":"2025-09-21T10:37:11","guid":{"rendered":"https:\/\/www.europesays.com\/no\/41114\/"},"modified":"2025-09-21T10:37:11","modified_gmt":"2025-09-21T10:37:11","slug":"lorenskog-hund-drepte-annen-hund","status":"publish","type":"post","link":"https:\/\/www.europesays.com\/no\/41114\/","title":{"rendered":"L\u00f8renskog: Hund drepte annen hund"},"content":{"rendered":"\n<p class=\"_lead_ew2ao_2 _lead_xtcu6_50 layout-component text-serif-m layout-normal text-serif-l layout-component layout-wide layout-padded _wide_17hqh_1 layout-padded\">Eieren av den d\u00f8de hunden ble kj\u00f8rt bort i ambulanse.<\/p>\n<p>Aktiver kart<\/p>\n<ul aria-hidden=\"true\" class=\"_images_1y6fe_106\">\n<li><a class=\"_link_1y6fe_111\" href=\"https:\/\/www.vg.no\/forfatter\/ella-bakken-mohn\" style=\"z-index:1\" title=\"Ella Bakken Mohn\" rel=\"nofollow noopener\" target=\"_blank\"><img alt=\"Bilde av Ella Bakken Mohn\" class=\"_image_1y6fe_88\" fetchpriority=\"low\" loading=\"lazy\" decoding=\"async\" itemprop=\"image\"  src=\"https:\/\/www.europesays.com\/no\/wp-content\/uploads\/2025\/09\/1758451029_745_f14dfa49-b244-4048-8e1e-9c8b8245212e\"  width=\"480\"\/><\/a><\/li>\n<\/ul>\n<p> Oppdatert s\u00f8ndag 21. september kl. 11:40     <\/p>\n<p class=\"_paragraph_ew2ao_4 _paragraph_xtcu6_10 layout-component text-serif-m layout-normal text-serif-m layout-padded\">En liten hund og eieren fikk en tragisk start p\u00e5 s\u00f8ndagen da en annen hund gikk til angrep.<\/p>\n<p class=\"_paragraph_ew2ao_4 _paragraph_xtcu6_10 layout-component text-serif-m layout-normal text-serif-m layout-padded\">Klokken 07.10 rykket politiet ut til Solheimveien i <a href=\"https:\/\/www.vg.no\/tag\/loerenskog?utm_source=vg-article&amp;utm_medium=auto-tagger&amp;utm_campaign=EyOwM2\" class=\"_link_ew2ao_39\" rel=\"nofollow noopener\" target=\"_blank\">L\u00f8renskog<\/a>. <\/p>\n<p class=\"_paragraph_ew2ao_4 _paragraph_xtcu6_10 layout-component text-serif-m layout-normal text-serif-m layout-padded\">\u2013 Dessverre fikk dettte et s\u00f8rgelig utfall, sa operasjonsleder Gisle Sveen i \u00d8st politidistrikt til <a href=\"https:\/\/www.rb.no\/politiet-hund-drept-pa-tur\/s\/5-43-2571273\" class=\"_link_ew2ao_39\" rel=\"nofollow noopener\" target=\"_blank\">Romerikes Blad<\/a>, som omtalte saken f\u00f8rst.<\/p>\n<p class=\"_paragraph_ew2ao_4 _paragraph_xtcu6_10 layout-component text-serif-m layout-normal text-serif-m layout-padded\">Vet du noe om hendelsen? Da vil VG gjerne h\u00f8re fra deg. Ta kontakt <a href=\"https:\/\/www.vg.no\/nyheter\/i\/EyOwM2\/mailto:2200@vg.no\" class=\"_link_ew2ao_39\" rel=\"nofollow noopener\" target=\"_blank\">her<\/a>. <\/p>\n<p> Eier skadet<\/p>\n<p class=\"_paragraph_ew2ao_4 _paragraph_xtcu6_10 layout-component text-serif-m layout-normal text-serif-m layout-padded\">Eieren av den lille hunden som d\u00f8de ble ogs\u00e5 skadet i h\u00e5nden i fors\u00f8ket p\u00e5 \u00e5 holde hunden unna. <\/p>\n<p class=\"_paragraph_ew2ao_4 _paragraph_xtcu6_10 layout-component text-serif-m layout-normal text-serif-m layout-padded\">Mannen ble fraktet fra stedet i ambulanse.<\/p>\n<p class=\"_paragraph_ew2ao_4 _paragraph_xtcu6_10 layout-component text-serif-m layout-normal text-serif-m layout-padded\">Operasjonsleder opplyser at mannen var sjokkert etter hendelsen og blir ivaretatt av helsevesenet.<\/p>\n<p class=\"_paragraph_ew2ao_4 _paragraph_xtcu6_10 layout-component text-serif-m layout-normal text-serif-m layout-padded\">Politiet har kontroll p\u00e5 den angripende hunden, og har opprettet kontakt med eieren som har fortalt at hunden skal ha r\u00f8mt hjemmefra.<\/p>\n<p class=\"_paragraph_ew2ao_4 _paragraph_xtcu6_10 layout-component text-serif-m layout-normal text-serif-m layout-padded\">Hunden er beslaglagt og kj\u00f8rt til et hundpensjonat, if\u00f8lge Sveen.<\/p>\n<p class=\"_paragraph_ew2ao_4 _paragraph_xtcu6_10 layout-component text-serif-m layout-normal text-serif-m layout-padded\">Den d\u00f8de hunden er fraktet til en dyrlege.<\/p>\n<p>    <img decoding=\"async\" alt=\"Tips oss illustrasjon\" width=\"62px\" height=\"auto\" src=\"https:\/\/www.europesays.com\/no\/wp-content\/uploads\/2025\/08\/1754784428_95_W9avJzE.png\"\/>    <\/p>\n<p class=\"title-serif-s\">Har du tips til oss?<\/p>\n<p class=\"text-sans-m\">Send oss informasjon, bilder eller video<\/p>\n<p>  <a href=\"https:\/\/www.vg.no\/tips-oss\" rel=\"nofollow noopener\" target=\"_blank\"> Tips oss <\/a>      <\/p>\n","protected":false},"excerpt":{"rendered":"Eieren av den d\u00f8de hunden ble kj\u00f8rt bort i ambulanse. Aktiver kart Oppdatert s\u00f8ndag 21. september kl. 11:40&hellip;\n","protected":false},"author":2,"featured_media":41115,"comment_status":"","ping_status":"","sticky":false,"template":"","format":"standard","meta":{"footnotes":""},"categories":[5],"tags":[31,20,21,24,25,15,19,22,23,2692,17,18,13,30,28,29,14,16,26,27],"class_list":{"0":"post-41114","1":"post","2":"type-post","3":"status-publish","4":"format-standard","5":"has-post-thumbnail","7":"category-overskrifter","8":"tag-breaking","9":"tag-breaking-news","10":"tag-breakingnews","11":"tag-featured-news","12":"tag-featurednews","13":"tag-headlines","14":"tag-hovedoppslag","15":"tag-latest-news","16":"tag-latestnews","17":"tag-lorenskog","18":"tag-main-news","19":"tag-mainnews","20":"tag-news","21":"tag-no","22":"tag-norge","23":"tag-norway","24":"tag-nyheter","25":"tag-overskrifter","26":"tag-top-stories","27":"tag-topstories"},"share_on_mastodon":{"url":"","error":""},"_links":{"self":[{"href":"https:\/\/www.europesays.com\/no\/wp-json\/wp\/v2\/posts\/41114","targetHints":{"allow":["GET"]}}],"collection":[{"href":"https:\/\/www.europesays.com\/no\/wp-json\/wp\/v2\/posts"}],"about":[{"href":"https:\/\/www.europesays.com\/no\/wp-json\/wp\/v2\/types\/post"}],"author":[{"embeddable":true,"href":"https:\/\/www.europesays.com\/no\/wp-json\/wp\/v2\/users\/2"}],"replies":[{"embeddable":true,"href":"https:\/\/www.europesays.com\/no\/wp-json\/wp\/v2\/comments?post=41114"}],"version-history":[{"count":0,"href":"https:\/\/www.europesays.com\/no\/wp-json\/wp\/v2\/posts\/41114\/revisions"}],"wp:featuredmedia":[{"embeddable":true,"href":"https:\/\/www.europesays.com\/no\/wp-json\/wp\/v2\/media\/41115"}],"wp:attachment":[{"href":"https:\/\/www.europesays.com\/no\/wp-json\/wp\/v2\/media?parent=41114"}],"wp:term":[{"taxonomy":"category","embeddable":true,"href":"https:\/\/www.europesays.com\/no\/wp-json\/wp\/v2\/categories?post=41114"},{"taxonomy":"post_tag","embeddable":true,"href":"https:\/\/www.europesays.com\/no\/wp-json\/wp\/v2\/tags?post=41114"}],"curies":[{"name":"wp","href":"https:\/\/api.w.org\/{rel}","templated":true}]}}