{"id":41127,"date":"2025-09-21T10:51:13","date_gmt":"2025-09-21T10:51:13","guid":{"rendered":"https:\/\/www.europesays.com\/no\/41127\/"},"modified":"2025-09-21T10:51:13","modified_gmt":"2025-09-21T10:51:13","slug":"debatt-rbk-rollebytte-hvordan-kan-rbk-sla-glimt","status":"publish","type":"post","link":"https:\/\/www.europesays.com\/no\/41127\/","title":{"rendered":"Debatt, RBK | Rollebytte: Hvordan kan RBK sl\u00e5 Glimt?"},"content":{"rendered":"\n<p><b>N\u00e5 kommer<\/b> Bod\u00f8\/Glimt til Lerkendal s\u00f8ndag som Champions League deltaker og som tabelltopp i Eliteserien med 15 poeng foran RBK p\u00e5 5. plass.<\/p>\n<p><b>I 2007<\/b> spilte RBK i Champions League som siste norske lag f\u00f8r Glimt greide bragden i \u00e5r og kvalifiserte seg. N\u00e5r er derfor sp\u00f8rsm\u00e5let snudd p\u00e5 hodet. Hvordan kan RBK sl\u00e5 Glimt?<\/p>\n<p><b>P\u00e5fallende nok<\/b> har Glimt v\u00e6rt farmerklubben til RBK i mange \u00e5r. Vekselbruket har v\u00e6rt avgj\u00f8rende. Det har g\u00e5tt spillere frem og tilbake mellom de to klubbene. Tidenes nest mestscorende i norsk fotball, Harald Martin Brattbakk, m\u00e5tte via Glimt for \u00e5 bli fotballvoksen.<\/p>\n<p><b>\u00d8rjan <\/b>og <b>Runar Berg<\/b> og <b>Mini Jakobsen<\/b> kom fra Bod\u00f8 og var viktige for RBK b\u00e5de i serien og i Champions League. Tom K\u00e5re Staurvik kom etter hvert og bidro med sin skuddkraft og Trond Sollied var helt sentral b\u00e5de som avgj\u00f8rende m\u00e5lscorer i seriefinalen mot LSK p\u00e5 Lerkendal (1\u20130) og gjennom hele sesongen som midtstopper sammen med Rune Bratseth da RBK tok sitt etterlengtede seriegull i 1985.<\/p>\n<p><b>Det skjedde<\/b> etter 14 \u00e5rs gullt\u00f8rke og siden RBKs aller f\u00f8rste The Double i 1971. Nils Arne Eggen var trener for f\u00f8rste gang, og hadde blant annet f\u00e5tt Arne Hansen og Terje M\u00f8rkved fra Bod\u00f8 i stallen som spilte viktige roller for triumfen. Siden sa Nils: \u00abDet er alltid plass til gode spillere fra Bod\u00f8 Glimt i RBK.\u00bb<\/p>\n<p><b>Siden har RBK<\/b> nesten alltid \u2013 med et unntak av 2008 \u2013 v\u00e6rt storebror. Inntil i 2019. Bod\u00f8\/Glimt endte med \u00e5 bli nummer to p\u00e5 tabellen med 54 poeng, og RBK nummer tre med 52 poeng. Glimt scoret 64 m\u00e5l mot RBKs 53. Siden har rollebytte vedvart.<\/p>\n<p><b>Kjetil Knutsen<\/b>, \u00d8rjan Berg, Runar Berg og Aasmund Bj\u00f8rkan dro til Trondheim 5. mars 2020 og m\u00f8tte Nils Arne Eggen. Knutsen ville ha et innblikk i trenerlegendens filosofi, metodikk og spillestils-prinsipper. Og fikk det de ba om i tradisjonell \u00e5pen Eggen-\u00e5nd.<\/p>\n<p><b>Da sesongen<\/b> var slutt i 2020 hadde Bod\u00f8\/Glimt blitt seriemester for f\u00f8rste gang i klubbens historie. Glimt ble mester fire runder f\u00f8r slutt, vant 26 kamper, spilte tre uavgjorte og tapte en kamp med 103 m\u00e5l for og 32 imot.<\/p>\n<p><b>S\u00e5 hvordan kan RBK sl\u00e5 Glimt s\u00f8ndag?<\/b><\/p>\n<p><b>Offensivt:<\/b> RBK m\u00e5 evne \u00e5 selv diktere kampens premisser med \u00e5 ha ballen s\u00e5 mye at Glimt f\u00e5r den s\u00e5 mye mindre enn \u00f8nsket, at de ikke f\u00e5r etablert sitt grunnspill, som er en videref\u00f8ring av det Eggen l\u00e6rte Knutsen i 2020.<\/p>\n<p><b>RBK m\u00e5 alts\u00e5<\/b> gjenvinne ball hurtigst mulig etter balltap, det vil si innen f\u00e5 sekunder.<\/p>\n<p><b>S\u00e5 handler det<\/b> for RBK om \u00e5 omsette ballinnehavet til \u00e5 v\u00e6re effektive, og omsette de sjansene de skaper. Med ball i laget kan ikke Glimt score.<\/p>\n<p><b>Defensivt:<\/b> Bruke Tottenham-modellen under Ange Postecoglou. Presse h\u00f8yt, spille mann-mann p\u00e5 midtbanen og g\u00e5 fysisk seirende ut av duellene og p\u00e5 d\u00f8dballene.<\/p>\n<p><b>Alfred har<\/b> jobbet mye med presspillet. Det m\u00e5 treffe hundre prosent, og s\u00e5 m\u00e5 RBK har litt flaks. Som alltid er det en litt undervurdert faktor i fotball.<\/p>\n<p><b>S\u00e5 vil tiden vise<\/b> om rollene snur.<\/p>\n<p><b>Inntil det<\/b> kan supporterne tr\u00f8ste seg med at RBK er, og forblir, st\u00f8rst med 26 seriegull og \u00e5tte sammenhengende \u00e5r i Champions League. P\u00e5 s\u00f8ndag er det \u00e5rets eksamen for Alfred Johansson og hans menn. Har RBK det i seg til \u00e5 sl\u00e5 Norges representant i Champions League?<\/p>\n<p><b>Men som l\u00e6remesteren,<\/b> som hadde blitt 84 \u00e5r denne uka, ville sagt om han hadde levd:<\/p>\n<p>\u00abDe viktigste kampene er de som ikke er spilt.\u00bb<\/p>\n","protected":false},"excerpt":{"rendered":"N\u00e5 kommer Bod\u00f8\/Glimt til Lerkendal s\u00f8ndag som Champions League deltaker og som tabelltopp i Eliteserien med 15 poeng&hellip;\n","protected":false},"author":2,"featured_media":41128,"comment_status":"","ping_status":"","sticky":false,"template":"","format":"standard","meta":{"footnotes":""},"categories":[5],"tags":[36,20,21,37,24,25,15,19,22,23,17,18,13,30,28,29,14,1533,16,586,83,26,27],"class_list":{"0":"post-41127","1":"post","2":"type-post","3":"status-publish","4":"format-standard","5":"has-post-thumbnail","7":"category-overskrifter","8":"tag-art","9":"tag-breaking-news","10":"tag-breakingnews","11":"tag-debatt","12":"tag-featured-news","13":"tag-featurednews","14":"tag-headlines","15":"tag-hovedoppslag","16":"tag-latest-news","17":"tag-latestnews","18":"tag-main-news","19":"tag-mainnews","20":"tag-news","21":"tag-no","22":"tag-norge","23":"tag-norway","24":"tag-nyheter","25":"tag-opinion","26":"tag-overskrifter","27":"tag-rbk","28":"tag-sport","29":"tag-top-stories","30":"tag-topstories"},"share_on_mastodon":{"url":"","error":""},"_links":{"self":[{"href":"https:\/\/www.europesays.com\/no\/wp-json\/wp\/v2\/posts\/41127","targetHints":{"allow":["GET"]}}],"collection":[{"href":"https:\/\/www.europesays.com\/no\/wp-json\/wp\/v2\/posts"}],"about":[{"href":"https:\/\/www.europesays.com\/no\/wp-json\/wp\/v2\/types\/post"}],"author":[{"embeddable":true,"href":"https:\/\/www.europesays.com\/no\/wp-json\/wp\/v2\/users\/2"}],"replies":[{"embeddable":true,"href":"https:\/\/www.europesays.com\/no\/wp-json\/wp\/v2\/comments?post=41127"}],"version-history":[{"count":0,"href":"https:\/\/www.europesays.com\/no\/wp-json\/wp\/v2\/posts\/41127\/revisions"}],"wp:featuredmedia":[{"embeddable":true,"href":"https:\/\/www.europesays.com\/no\/wp-json\/wp\/v2\/media\/41128"}],"wp:attachment":[{"href":"https:\/\/www.europesays.com\/no\/wp-json\/wp\/v2\/media?parent=41127"}],"wp:term":[{"taxonomy":"category","embeddable":true,"href":"https:\/\/www.europesays.com\/no\/wp-json\/wp\/v2\/categories?post=41127"},{"taxonomy":"post_tag","embeddable":true,"href":"https:\/\/www.europesays.com\/no\/wp-json\/wp\/v2\/tags?post=41127"}],"curies":[{"name":"wp","href":"https:\/\/api.w.org\/{rel}","templated":true}]}}