{"id":41158,"date":"2025-09-21T11:40:14","date_gmt":"2025-09-21T11:40:14","guid":{"rendered":"https:\/\/www.europesays.com\/no\/41158\/"},"modified":"2025-09-21T11:40:14","modified_gmt":"2025-09-21T11:40:14","slug":"kong-harald-nyheter-kong-harald-har-besokt-nesodden-i-dag","status":"publish","type":"post","link":"https:\/\/www.europesays.com\/no\/41158\/","title":{"rendered":"Kong Harald, Nyheter | Kong Harald har bes\u00f8kt Nesodden i dag"},"content":{"rendered":"\n<p>Det er 50 \u00e5r siden sist Nesodden hadde offisielt kongebes\u00f8k. Kong Haralds far Olav gjestet da halv\u00f8ya. Ogs\u00e5 den gang var det kirkejubileum.<\/p>\n<p>  <a href=\"https:\/\/www.amta.no\/5-3-1897661\" class=\"related-teaser has-image default-story-teaser article--c-eRUmMG article--c-eRUmMG-jKCPdD-design-default\" rel=\"nofollow noopener\" target=\"_blank\"><\/p>\n<p>    <img decoding=\"async\" loading=\"lazy\"  src=\"https:\/\/www.europesays.com\/no\/wp-content\/uploads\/2025\/09\/NTB_8V9N75FYM7Y.jpg\" alt=\"\" class=\"brick-c-cFOWSL\" style=\"\"\/><\/p>\n<p>\n            Les ogs\u00e5<\/p>\n<p>              50 \u00e5r siden forrige bes\u00f8k: \u2013 N\u00e5 er jeg kjempeglad\n        <\/p>\n<p>  <\/a><\/p>\n<p>Kong Harald deltok p\u00e5 en festgudstjeneste i Nesodden kirke i anledning jubileet. Gudstjenesten startet klokken 11.00, og to minutter f\u00f8r rullet den m\u00f8rke limousingen til kongen opp foran kirketrappa.<\/p>\n<p>   <img decoding=\"async\" width=\"2404\" height=\"1602\" fetchpriority=\"low\"  loading=\"lazy\"  src=\"https:\/\/www.europesays.com\/no\/wp-content\/uploads\/2025\/09\/1758454812_69_NTB_8V9N75FYM7Y.jpg\" alt=\"Bergen 20250826. &#10;Gamlehaugen i Bergen har v\u00e6rt kongelig offisiell residens i Bergen i hundre \u00e5r. I anledning 100-\u00e5rsjubileet inviterer kong Harald, dronning Sonja, kronprins Haakon og kronprinsesse Mette-Marit til stor feiring med bl.a. utekonsert.&#10;Foto: Silje Katrine Robinson \/ NTB\" class=\"brick-c-cFOWSL\" style=\"--brick-image-ratio: 2404 \/ 1602;\"\/><\/p>\n<p>    KONGEBES\u00d8K: I dag kommer Kong Harald til Nesodden kirke.<br \/>\n    Foto: Silje Katrine Robinson\n  <\/p>\n<p>  <a href=\"https:\/\/www.amta.no\/5-3-1902223\" class=\"related-teaser has-image default-gallery-teaser article--c-eRUmMG article--c-eRUmMG-jKCPdD-design-default\" rel=\"nofollow noopener\" target=\"_blank\"><\/p>\n<p>    <img decoding=\"async\" loading=\"lazy\"  src=\"https:\/\/www.europesays.com\/no\/wp-content\/uploads\/2025\/09\/IMG_7714.jpg\" alt=\"\" class=\"brick-c-cFOWSL\" style=\"\"\/><\/p>\n<p>\n            Bildeserie<\/p>\n<p>              Se bilder fra kongebes\u00f8ket\n        <\/p>\n<p>  <\/a><br \/>\n  F\u00f8lg bes\u00f8ket direkte p\u00e5 nettet<\/p>\n<p>Det var forventet mange mennesker til arrangementet. Kirken er liten med et begrenset antall plasser, men Nesodden kommune hadde store planer om \u00e5 sende hele gudstjenesten p\u00e5 storskjerm ute p\u00e5 kirkebakken. Dessverre sviktet teknologien.<\/p>\n<p>I tillegg var det mulig \u00e5 f\u00f8lge festgudstjenesten og kongebes\u00f8ket via Nesodden kommunes hjemmeside. De som ikke fikk med seg kongebes\u00f8ket kan fortsatt se sendingen her.<\/p>\n<p>   <img decoding=\"async\" width=\"4000\" height=\"2252\" fetchpriority=\"low\"  loading=\"lazy\"  src=\"https:\/\/www.europesays.com\/no\/wp-content\/uploads\/2025\/09\/1000032421.jpg\" alt=\"\" class=\"brick-c-cFOWSL\" style=\"--brick-image-ratio: 4000 \/ 2252;\"\/><\/p>\n<p>    STORSKJERM: Det har begynt \u00e5 samle seg folk ved Nesodden kirke for \u00e5 ta i mot Kong Harald. Storskjermen utenfor kirken gir alle muligheten til \u00e5 f\u00e5 med seg begivenheten.<br \/>\n    Foto: Tommy Kristiansen\n  <\/p>\n<p><a href=\"https:\/\/www.nesodden.kommune.no\/\" rel=\"Follow nofollow noopener\" target=\"_blank\">SE SENDINGEN HER<\/a><\/p>\n<p>Nesodden kommune streamet ogs\u00e5 kongebes\u00f8ket og gudstjenesten p\u00e5 sin facebookside.<\/p>\n<p><b>LES HVEM SOM BIDRO OG TOK I MOT KONGEN HER:<\/b><\/p>\n<p>  <a href=\"https:\/\/www.amta.no\/5-3-1901307\" class=\"related-teaser has-image default-story-teaser article--c-eRUmMG article--c-eRUmMG-jKCPdD-design-default\" rel=\"nofollow noopener\" target=\"_blank\"><\/p>\n<p>    <img decoding=\"async\" loading=\"lazy\"  src=\"https:\/\/www.europesays.com\/no\/wp-content\/uploads\/2025\/09\/IMG_0263.JPG\" alt=\"\" class=\"brick-c-cFOWSL\" style=\"\"\/><\/p>\n<p>\n            Les ogs\u00e5<\/p>\n<p>              Solveig (10) skal m\u00f8te kongen: \u2013 Han er kul\n        <\/p>\n<p>  <\/a><\/p>\n<p>Det ligger store forberedelser bak kongebes\u00f8ket p\u00e5 Nesodden i dag. Ikke minst teknisk, og dette er det Finn Leiang som har hatt ansvaret for. Han sa f\u00f8lgende til Amta for et par dager siden:<\/p>\n<p>  <a href=\"https:\/\/www.amta.no\/5-3-1901288\" class=\"related-teaser has-image default-story-teaser article--c-eRUmMG article--c-eRUmMG-jKCPdD-design-default\" rel=\"nofollow noopener\" target=\"_blank\"><\/p>\n<p>    <img decoding=\"async\" loading=\"lazy\"  src=\"https:\/\/www.europesays.com\/no\/wp-content\/uploads\/2025\/09\/IMG_0331.JPG\" alt=\"\" class=\"brick-c-cFOWSL\" style=\"\"\/><\/p>\n<p>\n            Les ogs\u00e5<\/p>\n<p>              Finn spiller en viktig rolle under kongebes\u00f8ket: \u2013 Ikke noe simpelt opplegg\n        <\/p>\n<p>  <\/a><\/p>\n<p>   <img decoding=\"async\" width=\"4000\" height=\"2252\" fetchpriority=\"low\"  loading=\"lazy\"  src=\"https:\/\/www.europesays.com\/no\/wp-content\/uploads\/2025\/09\/1000032424.jpg\" alt=\"\" class=\"brick-c-cFOWSL\" style=\"--brick-image-ratio: 4000 \/ 2252;\"\/><\/p>\n<p>    MANGE MENNESKER: Det er fullt langs gjerdene av folk som vil hilse Kong Harald velkommen.<br \/>\n    Foto: Tommy Kristiansen\n  <\/p>\n","protected":false},"excerpt":{"rendered":"Det er 50 \u00e5r siden sist Nesodden hadde offisielt kongebes\u00f8k. Kong Haralds far Olav gjestet da halv\u00f8ya. Ogs\u00e5&hellip;\n","protected":false},"author":2,"featured_media":41159,"comment_status":"","ping_status":"","sticky":false,"template":"","format":"standard","meta":{"footnotes":""},"categories":[5],"tags":[36,20,21,24,25,15,19,2590,22,23,17,18,6496,6500,13,30,28,29,14,16,1510,26,27],"class_list":{"0":"post-41158","1":"post","2":"type-post","3":"status-publish","4":"format-standard","5":"has-post-thumbnail","7":"category-overskrifter","8":"tag-art","9":"tag-breaking-news","10":"tag-breakingnews","11":"tag-featured-news","12":"tag-featurednews","13":"tag-headlines","14":"tag-hovedoppslag","15":"tag-kong-harald","16":"tag-latest-news","17":"tag-latestnews","18":"tag-main-news","19":"tag-mainnews","20":"tag-nesodden","21":"tag-nesodden-kirke","22":"tag-news","23":"tag-no","24":"tag-norge","25":"tag-norway","26":"tag-nyheter","27":"tag-overskrifter","28":"tag-story","29":"tag-top-stories","30":"tag-topstories"},"share_on_mastodon":{"url":"","error":""},"_links":{"self":[{"href":"https:\/\/www.europesays.com\/no\/wp-json\/wp\/v2\/posts\/41158","targetHints":{"allow":["GET"]}}],"collection":[{"href":"https:\/\/www.europesays.com\/no\/wp-json\/wp\/v2\/posts"}],"about":[{"href":"https:\/\/www.europesays.com\/no\/wp-json\/wp\/v2\/types\/post"}],"author":[{"embeddable":true,"href":"https:\/\/www.europesays.com\/no\/wp-json\/wp\/v2\/users\/2"}],"replies":[{"embeddable":true,"href":"https:\/\/www.europesays.com\/no\/wp-json\/wp\/v2\/comments?post=41158"}],"version-history":[{"count":0,"href":"https:\/\/www.europesays.com\/no\/wp-json\/wp\/v2\/posts\/41158\/revisions"}],"wp:featuredmedia":[{"embeddable":true,"href":"https:\/\/www.europesays.com\/no\/wp-json\/wp\/v2\/media\/41159"}],"wp:attachment":[{"href":"https:\/\/www.europesays.com\/no\/wp-json\/wp\/v2\/media?parent=41158"}],"wp:term":[{"taxonomy":"category","embeddable":true,"href":"https:\/\/www.europesays.com\/no\/wp-json\/wp\/v2\/categories?post=41158"},{"taxonomy":"post_tag","embeddable":true,"href":"https:\/\/www.europesays.com\/no\/wp-json\/wp\/v2\/tags?post=41158"}],"curies":[{"name":"wp","href":"https:\/\/api.w.org\/{rel}","templated":true}]}}