{"id":41174,"date":"2025-09-21T12:01:08","date_gmt":"2025-09-21T12:01:08","guid":{"rendered":"https:\/\/www.europesays.com\/no\/41174\/"},"modified":"2025-09-21T12:01:08","modified_gmt":"2025-09-21T12:01:08","slug":"de-norske-stafettjentene-med-ny-norsk-rekord","status":"publish","type":"post","link":"https:\/\/www.europesays.com\/no\/41174\/","title":{"rendered":"De norske stafettjentene med ny norsk rekord"},"content":{"rendered":"\n<p class=\"_lead_ew2ao_2 _lead_xtcu6_50 layout-component text-serif-m layout-normal text-serif-l layout-component layout-wide layout-padded _wide_17hqh_1 layout-padded\">Til tross for ny norsk rekord var finaleheatet for t\u00f8ft. USAs lag tok en suveren seier.<\/p>\n<p><img alt=\" Foto: Bj\u00f8rn S. Delebekk \/ VG\" class=\"_image_qp4xg_65 layout-component layout-wide\" data-fullscreen- data-track-element-type=\"Article image fullscreen\" data-track-name=\"ImageFullscreen\" fetchpriority=\"high\" decoding=\"sync\" loading=\"eager\" height=\"5504\" itemprop=\"image\"  src=\"https:\/\/www.europesays.com\/no\/wp-content\/uploads\/2025\/09\/a3871ba6-ca34-4973-a9b4-9b7d4c78cc21\"  style=\"object-position:0% 0%\" width=\"8256\"\/> Foto: Bj\u00f8rn S. Delebekk \/ VG Oppdatert s\u00f8ndag 21. september kl. 14:00     <\/p>\n<p class=\"_paragraph_ew2ao_4 _paragraph_xtcu6_10 layout-component text-serif-m layout-normal text-serif-m layout-padded\">\u2013 Vi er superstolte! 6.-plass i VM hadde vi ikke dr\u00f8mt om, sier trener Unn Merete Lie J\u00e6ger til NRK etter finalen.<\/p>\n<p class=\"_paragraph_ew2ao_4 _paragraph_xtcu6_10 layout-component text-serif-m layout-normal text-serif-m layout-padded\">Norge var langt bak i medaljekampen, men klokket inn en ny norsk rekord for andre dag p\u00e5 rad.<\/p>\n<p class=\"_paragraph_ew2ao_4 _paragraph_xtcu6_10 layout-component text-serif-m layout-normal text-serif-m layout-padded\"><strong class=\"_strong_ew2ao_25\">Rekordtiden er p\u00e5 3.23,71. 13 hundredeler bedre enn under g\u00e5rsdagens fors\u00f8kg\u00e5rsdagens fors\u00f8kTid: 3.23,84. Ble sl\u00e5tt under s\u00f8ndagens finale..<\/strong><\/p>\n<p class=\"_paragraph_ew2ao_4 _paragraph_xtcu6_10 layout-component text-serif-m layout-normal text-serif-m layout-padded\">\u2013 Vi er veldig glad for norsk rekord, nok en gang, sier <a href=\"https:\/\/www.vg.no\/tag\/amalie-iuel?utm_source=vg-article&amp;utm_medium=auto-tagger&amp;utm_campaign=JbkE9X\" class=\"_link_ew2ao_39\" rel=\"nofollow noopener\" target=\"_blank\">Amalie Iuel<\/a> etter finalen.<\/p>\n<p class=\"_paragraph_ew2ao_4 _paragraph_xtcu6_10 layout-component text-serif-m layout-normal text-serif-m layout-padded\">Etter det fantastiske <a href=\"https:\/\/www.vg.no\/sport\/i\/5E90AX\/stafettjentene-med-norsk-rekord\" data-track-element-type=\"Link\" data-track-id=\"link:5E90AX\" class=\"_link_ew2ao_39\" rel=\"nofollow noopener\" target=\"_blank\">fors\u00f8ket l\u00f8rdag,<\/a> var de norske kvinnene klar for finale, som det f\u00f8rste norske stafettlaget i et globalt mesterskap p\u00e5 seniorniv\u00e5 noensinne.<\/p>\n<p><img alt=\"Foto: Bj\u00f8rn S. Delebekk \/ VG\" class=\"_image_qp4xg_65 layout-component layout-normal\" data-fullscreen- data-track-element-type=\"Article image fullscreen\" data-track-name=\"ImageFullscreen\" decoding=\"async\" loading=\"lazy\" height=\"4272\" itemprop=\"image\"  src=\"https:\/\/www.europesays.com\/no\/wp-content\/uploads\/2025\/09\/acb5b449-3303-4b07-b2e3-4604151da722\"  style=\"object-position:0% 0%\" width=\"6400\"\/>Foto: Bj\u00f8rn S. Delebekk \/ VG<\/p>\n<p class=\"_paragraph_ew2ao_4 _paragraph_xtcu6_10 layout-component text-serif-m layout-normal text-serif-m layout-padded\">I det vanvittige regnv\u00e6ret i Tokyo, skulle Josefine Tomine Eriksen Aks sette fart fra start. Etter den f\u00f8rste etappen vekslet hun p\u00e5 4.-plass.<\/p>\n<p class=\"_paragraph_ew2ao_4 _paragraph_xtcu6_10 layout-component text-serif-m layout-normal text-serif-m layout-padded\">\u2013 Det er deilig. Det er det vi er vant med i Norge, s\u00e5 v\u00e6ret har v\u00e6rt helt prima for oss, sier en forn\u00f8yd Eriksen Aks etter l\u00f8pet.<\/p>\n<p class=\"_paragraph_ew2ao_4 _paragraph_xtcu6_10 layout-component text-serif-m layout-normal text-serif-m layout-padded\">Iuels andre etappe ble tung, men til tross for en god avslutning p\u00e5 etappen vekslet hun p\u00e5 7.-plass.<\/p>\n<p>De norske l\u00f8pernes tider<\/p>\n<ol class=\"_list_ew2ao_3 _list_xtcu6_9 _list_16v91_9 _ordered_ew2ao_79 layout-component text-serif-m layout-normal text-sans-m layout-padded\">\n<li class=\"_item_ew2ao_30\">etappe: Josefine Tomine Eriksen Aks, 51,26<\/li>\n<li class=\"_item_ew2ao_30\">etappe: Amalie Iuel, 51,57<\/li>\n<li class=\"_item_ew2ao_30\">etappe: Lakeri Ertzgaard, 51,35<\/li>\n<li class=\"_item_ew2ao_30\">etappe: Henriette J\u00e6ger, 49,53<\/li>\n<\/ol>\n<p>Vis mer<\/p>\n<p class=\"_paragraph_ew2ao_4 _paragraph_xtcu6_10 layout-component text-serif-m layout-normal text-serif-m layout-padded\">Ertzgaard vekslet i sisteposisjon, men p\u00e5 en fantastisk siste etappe fra Henriette J\u00e6ger, endte det med 6.-plass og ny norsk rekord.<\/p>\n<p class=\"_paragraph_ew2ao_4 _paragraph_xtcu6_10 layout-component text-serif-m layout-normal text-serif-m layout-padded\">Henriette J\u00e6ger roser sine lagvenninner etter 6.-plassen.<\/p>\n<p class=\"_paragraph_ew2ao_4 _paragraph_xtcu6_10 layout-component text-serif-m layout-normal text-serif-m layout-padded\">\u2013 Jentene l\u00f8p veldig bra. Det er deilig \u00e5 veksle bak en rygg, sier J\u00e6ger. <\/p>\n<p class=\"_paragraph_ew2ao_4 _paragraph_xtcu6_10 layout-component text-serif-m layout-normal text-serif-m layout-padded\">Slik gikk det i fors\u00f8ket:<\/p>\n<p class=\"_paragraph_ew2ao_4 _paragraph_xtcu6_10 layout-component text-serif-m layout-normal text-serif-m layout-padded\">USA tok gullet komfortabelt og satt mesterskapsrekord, foran Jamaica og Nederland, som tok s\u00f8lv og bronse.<\/p>\n<p class=\"_paragraph_ew2ao_4 _paragraph_xtcu6_10 layout-component text-serif-m layout-normal text-serif-m layout-padded\">Dermed er det klart &#8211; Norge ender uten medalje i friidretts-VM for f\u00f8rste gang siden VM i Beijing i 2015.<\/p>\n<p class=\"_paragraph_ew2ao_4 _paragraph_xtcu6_10 layout-component text-serif-m layout-normal text-serif-m layout-padded\">Sander Skotheims gullsjanser under tikampen glapp p\u00e5 110 meter hekk:<\/p>\n","protected":false},"excerpt":{"rendered":"Til tross for ny norsk rekord var finaleheatet for t\u00f8ft. USAs lag tok en suveren seier. Foto: Bj\u00f8rn&hellip;\n","protected":false},"author":2,"featured_media":41175,"comment_status":"","ping_status":"","sticky":false,"template":"","format":"standard","meta":{"footnotes":""},"categories":[5],"tags":[1669,20,21,24,25,423,1245,15,2042,19,22,23,17,18,13,30,28,29,14,16,26,27],"class_list":{"0":"post-41174","1":"post","2":"type-post","3":"status-publish","4":"format-standard","5":"has-post-thumbnail","7":"category-overskrifter","8":"tag-amalie-iuel","9":"tag-breaking-news","10":"tag-breakingnews","11":"tag-featured-news","12":"tag-featurednews","13":"tag-friidrett","14":"tag-friidretts-vm","15":"tag-headlines","16":"tag-henriette-jaeger","17":"tag-hovedoppslag","18":"tag-latest-news","19":"tag-latestnews","20":"tag-main-news","21":"tag-mainnews","22":"tag-news","23":"tag-no","24":"tag-norge","25":"tag-norway","26":"tag-nyheter","27":"tag-overskrifter","28":"tag-top-stories","29":"tag-topstories"},"share_on_mastodon":{"url":"","error":""},"_links":{"self":[{"href":"https:\/\/www.europesays.com\/no\/wp-json\/wp\/v2\/posts\/41174","targetHints":{"allow":["GET"]}}],"collection":[{"href":"https:\/\/www.europesays.com\/no\/wp-json\/wp\/v2\/posts"}],"about":[{"href":"https:\/\/www.europesays.com\/no\/wp-json\/wp\/v2\/types\/post"}],"author":[{"embeddable":true,"href":"https:\/\/www.europesays.com\/no\/wp-json\/wp\/v2\/users\/2"}],"replies":[{"embeddable":true,"href":"https:\/\/www.europesays.com\/no\/wp-json\/wp\/v2\/comments?post=41174"}],"version-history":[{"count":0,"href":"https:\/\/www.europesays.com\/no\/wp-json\/wp\/v2\/posts\/41174\/revisions"}],"wp:featuredmedia":[{"embeddable":true,"href":"https:\/\/www.europesays.com\/no\/wp-json\/wp\/v2\/media\/41175"}],"wp:attachment":[{"href":"https:\/\/www.europesays.com\/no\/wp-json\/wp\/v2\/media?parent=41174"}],"wp:term":[{"taxonomy":"category","embeddable":true,"href":"https:\/\/www.europesays.com\/no\/wp-json\/wp\/v2\/categories?post=41174"},{"taxonomy":"post_tag","embeddable":true,"href":"https:\/\/www.europesays.com\/no\/wp-json\/wp\/v2\/tags?post=41174"}],"curies":[{"name":"wp","href":"https:\/\/api.w.org\/{rel}","templated":true}]}}