{"id":41417,"date":"2025-09-21T17:51:11","date_gmt":"2025-09-21T17:51:11","guid":{"rendered":"https:\/\/www.europesays.com\/no\/41417\/"},"modified":"2025-09-21T17:51:11","modified_gmt":"2025-09-21T17:51:11","slug":"manchester-city-spilte-uavgjort-mot-arsenal","status":"publish","type":"post","link":"https:\/\/www.europesays.com\/no\/41417\/","title":{"rendered":"Manchester City spilte uavgjort mot Arsenal"},"content":{"rendered":"\n<p class=\"_lead_ew2ao_2 _lead_xtcu6_50 layout-component text-serif-m layout-normal text-serif-l layout-component layout-wide layout-padded _wide_17hqh_1 layout-padded\">Ekspertene reagerer med sjokk og vantro p\u00e5 taktikken til Pep Guardiola i 2. omgang. <\/p>\n<p> <img class=\"_image_qp4xg_65 layout-component layout-wide\" data-fullscreen- data-track-element-type=\"Article image fullscreen\" data-track-name=\"ImageFullscreen\" fetchpriority=\"high\" decoding=\"sync\" loading=\"eager\" height=\"102\" itemprop=\"image\"  src=\"https:\/\/www.europesays.com\/no\/wp-content\/uploads\/2025\/09\/f926973542ca034e7ca2eb6806ed854a.jpg\"  style=\"object-position:50% 50%;aspect-ratio:1.75;height:auto;object-fit:cover;width:100%\" width=\"102\"\/>  <\/p>\n<ul aria-hidden=\"true\" class=\"_images_1y6fe_106\">\n<li><a class=\"_link_1y6fe_111\" href=\"https:\/\/www.vg.no\/forfatter\/camilla-vesteng\" style=\"z-index:2\" title=\"Camilla Vesteng\" rel=\"nofollow noopener\" target=\"_blank\"><img alt=\"Bilde av Camilla Vesteng\" class=\"_image_1y6fe_88\" fetchpriority=\"low\" loading=\"lazy\" decoding=\"async\" itemprop=\"image\"  src=\"https:\/\/www.europesays.com\/no\/wp-content\/uploads\/2025\/09\/1758477069_262_ab49df32-fc16-44e1-a56a-ce5ad5bd90d2\"  width=\"480\"\/><\/a><\/li>\n<li><a class=\"_link_1y6fe_111\" href=\"https:\/\/www.vg.no\/forfatter\/jens-friberg\" style=\"z-index:1\" title=\"Jens Friberg\" rel=\"nofollow noopener\" target=\"_blank\"><img alt=\"Bilde av Jens Friberg\" class=\"_image_1y6fe_88\" fetchpriority=\"low\" loading=\"lazy\" decoding=\"async\" itemprop=\"image\"  src=\"https:\/\/www.europesays.com\/no\/wp-content\/uploads\/2025\/09\/1758477070_82_d5a4433c-4b68-4c86-a3bf-a19d98457272\"  width=\"480\"\/><\/a><\/li>\n<\/ul>\n<p> Oppdatert s\u00f8ndag 21. september kl. 19:50    <\/p>\n<ul class=\"_list_ew2ao_3 _list_64s2r_85 _unordered_ew2ao_99 text-sans-m\">\n<li class=\"_item_ew2ao_30\">Erling Braut Haaland tangerte Ole Gunnar Solskj\u00e6rs PL-tall med m\u00e5l nummer 91, og scoret allerede etter ni minutter p\u00e5 Emirates.<\/li>\n<li class=\"_item_ew2ao_30\">Gabriel Martinelli satte inn en scoring p\u00e5 overtid som \u00f8dela City-kvelden.<\/li>\n<li class=\"_item_ew2ao_30\">Martin \u00d8degaard spilte ikke for Arsenal.<\/li>\n<\/ul>\n<p>Vis mer <\/p>\n<p class=\"_paragraph_ew2ao_4 _paragraph_xtcu6_10 layout-component text-serif-m layout-normal text-serif-m layout-padded\">\u2013 Pep stilte opp et veldig defensivt lag, sier Peter Schmeichel p\u00e5 Viaplays sending.<\/p>\n<p class=\"_paragraph_ew2ao_4 _paragraph_xtcu6_10 layout-component text-serif-m layout-normal text-serif-m layout-padded\">City la seg fullstendig bakp\u00e5 da Phil Foden ble byttet ut etter 67 minutter, s\u00e5 tok Pep Guardiola ogs\u00e5 ut Haaland. <\/p>\n<p class=\"_paragraph_ew2ao_4 _paragraph_xtcu6_10 layout-component text-serif-m layout-normal text-serif-m layout-padded\"><strong class=\"_strong_ew2ao_25\"> \u2013\u2060\u00a0Jeg har aldri sett City slik, sa Schmeichel.<\/strong> <\/p>\n<p class=\"_paragraph_ew2ao_4 _paragraph_xtcu6_10 layout-component text-serif-m layout-normal text-serif-m layout-padded\">Etter 59 minutter hadde Arsenal store muligheter, og ingen overraskelse at ballen finner Haaland foran m\u00e5l, men her alts\u00e5 foran eget m\u00e5l &#8211; og Haaland fikk beinet ballen ut. Haaland s\u00e5 nesten ut som en sentral del av midtforsvaret i deler av 2. omgang, og han ryddet opp flere ganger. <\/p>\n<p class=\"_paragraph_ew2ao_4 _paragraph_xtcu6_10 layout-component text-serif-m layout-normal text-serif-m layout-padded\">Og til slutt ble Guardiola og City straffet. <\/p>\n<p class=\"_paragraph_ew2ao_4 _paragraph_xtcu6_10 layout-component text-serif-m layout-normal text-serif-m layout-padded\">\u2013 Da tiden ser ut til \u00e5 ebbe ut, br\u00f8lte Kasper Wikestad p\u00e5 Viaplays sending. <\/p>\n<p class=\"_paragraph_ew2ao_4 _paragraph_xtcu6_10 layout-component text-serif-m layout-normal text-serif-m layout-padded\"><strong class=\"_strong_ew2ao_25\">Ja, da lobbet innbytter Gabriel Martinelli ballen lekkert i m\u00e5l forbi Gianluigi Donnarumma. <\/strong><\/p>\n<p class=\"_paragraph_ew2ao_4 _paragraph_xtcu6_10 layout-component text-serif-m layout-normal text-serif-m layout-padded\">\u2013 Han straffer Pep Guardiola, fortsatte Wikestad. <\/p>\n<p class=\"_paragraph_ew2ao_4 _paragraph_xtcu6_10 layout-component text-serif-m layout-normal text-serif-m layout-padded\">\u2013 Et \u00f8yeblikks magi, sier TV-ekspert Gary Neville. <\/p>\n<p class=\"_paragraph_ew2ao_4 _paragraph_xtcu6_10 layout-component text-serif-m layout-normal text-serif-m layout-padded\">Inntil det, var det mye Erling Braut Haaland det handlet om, og en \u00abnorsk m\u00e5lscorer-duell\u00bb. Ole Gunnar Solskj\u00e6r scoret 91 m\u00e5l i Premier League for Manchester United p\u00e5 11 \u00e5r, i begynnelsen av sin fjerde sesong satte Haaland inn sitt Premier League-m\u00e5l nummer 91 for <a href=\"https:\/\/www.vg.no\/tag\/manchester-city?utm_source=vg-article&amp;utm_medium=auto-tagger&amp;utm_campaign=mPOrev\" class=\"_link_ew2ao_39\" rel=\"nofollow noopener\" target=\"_blank\">Manchester City<\/a>. <\/p>\n<p><img alt=\"SCORING: Ole Gunnar Solskj\u00e6r scoret mange m\u00e5l for Manchester City, her feiringen etter det ber\u00f8mte seiersm\u00e5let i Champions League-finalen i 1999.   Foto: TT Nyhetsbyr\u00e5n \/ NTB\" class=\"_image_qp4xg_65 layout-component layout-normal\" data-fullscreen- data-track-element-type=\"Article image fullscreen\" data-track-name=\"ImageFullscreen\" decoding=\"async\" loading=\"lazy\" height=\"3673\" itemprop=\"image\"  src=\"https:\/\/www.europesays.com\/no\/wp-content\/uploads\/2025\/09\/ddb7a985-fd2a-4089-b6d7-4a30af750a59\"  style=\"object-position:0% 0%\" width=\"5600\"\/>SCORING: Ole Gunnar Solskj\u00e6r scoret mange m\u00e5l for Manchester City, her feiringen etter det ber\u00f8mte seiersm\u00e5let i Champions League-finalen i 1999.   Foto: TT Nyhetsbyr\u00e5n \/ NTB<\/p>\n<p class=\"_paragraph_ew2ao_4 _paragraph_xtcu6_10 layout-component text-serif-m layout-normal text-serif-m layout-padded\">Scoringen til Haaland kom etter bare ni minutter p\u00e5 Emirates. Han spilte Tijani Reijnders, f\u00f8r han selv eksploderte i et vanvittig taktskifte og stormet fremover i sine velkjente Haaland-klyv. Han fikk ballen perfekt tilbake fra Reijnders og satte ballen sikkert i det lengste hj\u00f8rnet forbi David Raya.<\/p>\n<p><img alt=\"Foto: Matthew Childs \/ Reuters\" class=\"_image_qp4xg_65 layout-component layout-normal\" data-fullscreen- data-track-element-type=\"Article image fullscreen\" data-track-name=\"ImageFullscreen\" decoding=\"async\" loading=\"lazy\" height=\"1565\" itemprop=\"image\"  src=\"https:\/\/www.europesays.com\/no\/wp-content\/uploads\/2025\/09\/7e4dd6dd-2dfb-4271-bfab-caa11ac58a4c\"  style=\"object-position:0% 0%\" width=\"2454\"\/>Foto: Matthew Childs \/ Reuters<\/p>\n<p class=\"_paragraph_ew2ao_4 _paragraph_xtcu6_10 layout-component text-serif-m layout-normal text-serif-m layout-padded\">\u2013 Dette l\u00f8pet, det knuser dem helt, og det uunng\u00e5elige skjedde da Reijnders s\u00e5 ham: Str\u00e5lende av Haaland. Han er den beste, sier Manchester United-legende og TV-ekspert Gary Neville p\u00e5 Sky Sports. <\/p>\n<p class=\"_paragraph_ew2ao_4 _paragraph_xtcu6_10 layout-component text-serif-m layout-normal text-serif-m layout-padded\">Men etter at det ble uavgjort, s\u00e5 sa Neville dette: <\/p>\n<p class=\"_paragraph_ew2ao_4 _paragraph_xtcu6_10 layout-component text-serif-m layout-normal text-serif-m layout-padded\"><strong class=\"_strong_ew2ao_25\">\u2013 Liverpool er muligens vinneren av dette resultatet. <\/strong><\/p>\n<p><img decoding=\"async\" alt=\"Bilde av Gary Neville \" class=\"_image_ygndg_42\" height=\"26\" itemprop=\"image\" loading=\"lazy\"  src=\"https:\/\/www.europesays.com\/no\/wp-content\/uploads\/2025\/09\/e2a92696-ad53-497c-803c-9192b9ee80e1\"  width=\"40\"\/><strong class=\"_name_ygndg_51 title-serif-xs\">Gary Neville <\/strong><\/p>\n<p class=\"_paragraph_ew2ao_4 text-sans-m _description_ygndg_56\">Spilte vilt mange kamper for Manchester United i 20 \u00e5r<\/p>\n<p class=\"_paragraph_ew2ao_4 _paragraph_xtcu6_10 layout-component text-serif-m layout-normal text-serif-m layout-padded\">Og da slo Haaland ut h\u00e5ret, og m\u00e5tte knyte den ber\u00f8mte h\u00e5rknuten i nakken p\u00e5 nytt. <\/p>\n<p class=\"_paragraph_ew2ao_4 _paragraph_xtcu6_10 layout-component text-serif-m layout-normal text-serif-m layout-padded\">Det er ogs\u00e5 f\u00f8rste gang p\u00e5 n\u00f8yaktig ett \u00e5r at Arsenal har sluppet inn et m\u00e5l s\u00e5 tidlig i kampen i Premier Legue melder OptaJoe, etter ni minutter alts\u00e5. <\/p>\n<p class=\"_paragraph_ew2ao_4 _paragraph_xtcu6_10 layout-component text-serif-m layout-normal text-serif-m layout-padded\"><strong class=\"_strong_ew2ao_25\">Arsenal-kaptein Martin \u00d8degaard spilte ikke. Han sto ogs\u00e5 over forrige kamp i Champions League etter at han skadet seg mot Nottingham Forest. <\/strong><\/p>\n<p class=\"_paragraph_ew2ao_4 _paragraph_xtcu6_10 layout-component text-serif-m layout-normal text-serif-m layout-padded\">Arsenal hadde noen sjanser til \u00e5 utligne og gjorde det til slutt. Noni Madueke p\u00e5 h\u00f8yrekanten spilte City-back Nico O\u2019Reilly svimmel mer enn en gang. Men lagene gikk til pause med Haaland-scoringen som eneste nettkjenning. <\/p>\n<p class=\"_paragraph_ew2ao_4 _paragraph_xtcu6_10 layout-component text-serif-m layout-normal text-serif-m layout-padded\">Arsenal trykket p\u00e5, og ble frustrert utover i kampen. Men etter 81 minutter var det gjestene sin ut og Manchester City hadde en stor sjanse, ballen ble spilt inn foran Arsenal-m\u00e5let, men da var Haaland tatt av og byttet med Nicolas Gonzalez. Haaland satt p\u00e5 benken ved siden av landsmannen Oscar Bobb og s\u00e5 de siste minuttene av kampen. <\/p>\n<p class=\"_paragraph_ew2ao_4 _paragraph_xtcu6_10 layout-component text-serif-m layout-normal text-serif-m layout-padded\"><strong class=\"_strong_ew2ao_25\">City har hatt en utfordrende start p\u00e5 sesongen, med to tap p\u00e5 fire kamper foran s\u00f8ndagens m\u00f8te med Arsenal, og seier nummer tre m\u00e5 de vente p\u00e5.<\/strong><\/p>\n<p class=\"_paragraph_ew2ao_4 _paragraph_xtcu6_10 layout-component text-serif-m layout-normal text-serif-m layout-padded\">Peter Schmeichel er overrasket over hvor defensivt City la seg etter hvert. <\/p>\n<p class=\"_paragraph_ew2ao_4 _paragraph_xtcu6_10 layout-component text-serif-m layout-normal text-serif-m layout-padded\">\u2013 Jeg har aldri sett det, sier Schmeichel. <\/p>\n","protected":false},"excerpt":{"rendered":"Ekspertene reagerer med sjokk og vantro p\u00e5 taktikken til Pep Guardiola i 2. omgang. Oppdatert s\u00f8ndag 21. september&hellip;\n","protected":false},"author":2,"featured_media":41418,"comment_status":"","ping_status":"","sticky":false,"template":"","format":"standard","meta":{"footnotes":""},"categories":[5],"tags":[2216,20,21,810,24,25,15,19,22,23,17,18,671,13,30,28,29,14,16,26,27],"class_list":{"0":"post-41417","1":"post","2":"type-post","3":"status-publish","4":"format-standard","5":"has-post-thumbnail","7":"category-overskrifter","8":"tag-arsenal-fc","9":"tag-breaking-news","10":"tag-breakingnews","11":"tag-erling-braut-haaland","12":"tag-featured-news","13":"tag-featurednews","14":"tag-headlines","15":"tag-hovedoppslag","16":"tag-latest-news","17":"tag-latestnews","18":"tag-main-news","19":"tag-mainnews","20":"tag-manchester-city","21":"tag-news","22":"tag-no","23":"tag-norge","24":"tag-norway","25":"tag-nyheter","26":"tag-overskrifter","27":"tag-top-stories","28":"tag-topstories"},"share_on_mastodon":{"url":"","error":""},"_links":{"self":[{"href":"https:\/\/www.europesays.com\/no\/wp-json\/wp\/v2\/posts\/41417","targetHints":{"allow":["GET"]}}],"collection":[{"href":"https:\/\/www.europesays.com\/no\/wp-json\/wp\/v2\/posts"}],"about":[{"href":"https:\/\/www.europesays.com\/no\/wp-json\/wp\/v2\/types\/post"}],"author":[{"embeddable":true,"href":"https:\/\/www.europesays.com\/no\/wp-json\/wp\/v2\/users\/2"}],"replies":[{"embeddable":true,"href":"https:\/\/www.europesays.com\/no\/wp-json\/wp\/v2\/comments?post=41417"}],"version-history":[{"count":0,"href":"https:\/\/www.europesays.com\/no\/wp-json\/wp\/v2\/posts\/41417\/revisions"}],"wp:featuredmedia":[{"embeddable":true,"href":"https:\/\/www.europesays.com\/no\/wp-json\/wp\/v2\/media\/41418"}],"wp:attachment":[{"href":"https:\/\/www.europesays.com\/no\/wp-json\/wp\/v2\/media?parent=41417"}],"wp:term":[{"taxonomy":"category","embeddable":true,"href":"https:\/\/www.europesays.com\/no\/wp-json\/wp\/v2\/categories?post=41417"},{"taxonomy":"post_tag","embeddable":true,"href":"https:\/\/www.europesays.com\/no\/wp-json\/wp\/v2\/tags?post=41417"}],"curies":[{"name":"wp","href":"https:\/\/api.w.org\/{rel}","templated":true}]}}