{"id":41425,"date":"2025-09-21T17:59:13","date_gmt":"2025-09-21T17:59:13","guid":{"rendered":"https:\/\/www.europesays.com\/no\/41425\/"},"modified":"2025-09-21T17:59:13","modified_gmt":"2025-09-21T17:59:13","slug":"martin-odegaard-mister-storkamp-mot-manchester-city","status":"publish","type":"post","link":"https:\/\/www.europesays.com\/no\/41425\/","title":{"rendered":"Martin \u00d8degaard mister storkamp mot Manchester City"},"content":{"rendered":"<p>  Arsenal-kaptein Martin \u00d8degaard har fortsatt skulderproblemer og er ikke i troppen til storkampen mot Manchester City i Premier League.<\/p>\n<p>\n    Martin \u00d8degaard mister nok en kamp p\u00e5 grunn av sin skulderskade. Foto: Kirsty Wigglesworth \/ AP \/ NTB\n  <\/p>\n<p>Det kommer fram av lagoppstillingene som ble publisert foran kampen. Arsenal-kapteinen er ute, og vertenes midtbane best\u00e5r av Mikel Merino, Mart\u00edn Zubimendi og Declan Rice.<\/p>\n<p>\u00d8degaard spilte Norges kamper tidligere i m\u00e5neden, men fikk problemer med skulderen igjen i p\u00e5f\u00f8lgende seriekamp mot Nottingham Forest. I midtuken gikk han glipp av mesterligam\u00f8tet med Athletic Bilbao.<\/p>\n<p>For Manchester City starter formsterke Erling Braut Haaland p\u00e5 topp. Oscar Bobb er henvist til benken fra start mot Arsenal.<\/p>\n<p>Kampstart i London er klokken 17.30.<\/p>\n","protected":false},"excerpt":{"rendered":"Arsenal-kaptein Martin \u00d8degaard har fortsatt skulderproblemer og er ikke i troppen til storkampen mot Manchester City i Premier&hellip;\n","protected":false},"author":2,"featured_media":41426,"comment_status":"","ping_status":"","sticky":false,"template":"","format":"standard","meta":{"footnotes":""},"categories":[59],"tags":[328,30,28,29,14,6538,83,82],"class_list":{"0":"post-41425","1":"post","2":"type-post","3":"status-publish","4":"format-standard","5":"has-post-thumbnail","7":"category-sport","8":"tag-arsenal","9":"tag-no","10":"tag-norge","11":"tag-norway","12":"tag-nyheter","13":"tag-odegaard","14":"tag-sport","15":"tag-sports"},"share_on_mastodon":{"url":"","error":""},"_links":{"self":[{"href":"https:\/\/www.europesays.com\/no\/wp-json\/wp\/v2\/posts\/41425","targetHints":{"allow":["GET"]}}],"collection":[{"href":"https:\/\/www.europesays.com\/no\/wp-json\/wp\/v2\/posts"}],"about":[{"href":"https:\/\/www.europesays.com\/no\/wp-json\/wp\/v2\/types\/post"}],"author":[{"embeddable":true,"href":"https:\/\/www.europesays.com\/no\/wp-json\/wp\/v2\/users\/2"}],"replies":[{"embeddable":true,"href":"https:\/\/www.europesays.com\/no\/wp-json\/wp\/v2\/comments?post=41425"}],"version-history":[{"count":0,"href":"https:\/\/www.europesays.com\/no\/wp-json\/wp\/v2\/posts\/41425\/revisions"}],"wp:featuredmedia":[{"embeddable":true,"href":"https:\/\/www.europesays.com\/no\/wp-json\/wp\/v2\/media\/41426"}],"wp:attachment":[{"href":"https:\/\/www.europesays.com\/no\/wp-json\/wp\/v2\/media?parent=41425"}],"wp:term":[{"taxonomy":"category","embeddable":true,"href":"https:\/\/www.europesays.com\/no\/wp-json\/wp\/v2\/categories?post=41425"},{"taxonomy":"post_tag","embeddable":true,"href":"https:\/\/www.europesays.com\/no\/wp-json\/wp\/v2\/tags?post=41425"}],"curies":[{"name":"wp","href":"https:\/\/api.w.org\/{rel}","templated":true}]}}