{"id":41446,"date":"2025-09-21T18:32:14","date_gmt":"2025-09-21T18:32:14","guid":{"rendered":"https:\/\/www.europesays.com\/no\/41446\/"},"modified":"2025-09-21T18:32:14","modified_gmt":"2025-09-21T18:32:14","slug":"redningsselskapet-redningsskoytene-markant-okning-i-antall-oppdrag-for-eivind-eckbo-langt-mer-hektisk-enn-i-fjor","status":"publish","type":"post","link":"https:\/\/www.europesays.com\/no\/41446\/","title":{"rendered":"Redningsselskapet, Redningssk\u00f8ytene | Markant \u00f8kning i antall oppdrag for \u00abEivind Eckbo\u00bb: \u2013 Langt mer hektisk enn i fjor"},"content":{"rendered":"\n<p>Redningssk\u00f8yta \u00abEivind Eckbo\u00bb hadde en markant \u00f8kning i antall oppdrag denne sommeren.<\/p>\n<p><b>I T\u00f8nsberg og F\u00e6rder rykket redningssk\u00f8yta ut p\u00e5 253 oppdrag mot 224 i samme periode i fjor. Det er en \u00f8kning p\u00e5 12,9 prosent. <\/b><\/p>\n<p>Redningssk\u00f8ytene i Vestfold rykket i sommerperioden, 1. mai til 31. august totalt ut p\u00e5 567 oppdrag, opp fra 523 i fjor.<\/p>\n<p><b>\u2013 Det er en \u00f8kning p\u00e5 litt over \u00e5tte prosent \u2013 og gj\u00f8r Vestfold til det fylket med flest oppdrag i landet, melder Redningsselskapet i en pressemelding.<\/b><\/p>\n<p>\u2013 Kunne g\u00e5tt ordentlig galt<\/p>\n<p>Terje Dalen, leder i sj\u00f8redningskorpset i T\u00f8nsberg sier at mannskapet p\u00e5 redningssk\u00f8yta i T\u00f8nsberg merket en veldig stor endring i \u00e5r.<\/p>\n<p><b>\u2013 Sommeren var jo veldig fin i \u00e5r, men langt mer hektisk enn den forrige. Noen dager var det veldig mange b\u00e5ter utp\u00e5 fjorden. Da hadde vi mange oppdrag i forbindelse med motor- og fremdriftsproblemer, sier Terje Dalen. <\/b><\/p>\n<p>Han sier at det ikke var s\u00e5 mange veldig alvorlige oppdrag i sommer, men det var en liten \u00f8kning i akutthjelpeoppdrag fra AMK i sommer, spesielt p\u00e5 godv\u00e6rsdager.<\/p>\n<p>\u2013 Noen av hendelsene bar preg av at det kunne v\u00e6re veldig alvorlig, men heldigvis var utfallene gode. Det var en gang vi fikk melding om en mulig drukning, og da haster det. Det var ogs\u00e5 andre medisinske tilfeller som kunne v\u00e6rt alvorlige der vi m\u00e5tte sette litt fart.<\/p>\n<p>Han nevner ogs\u00e5 en hendelse i v\u00e5r da det begynte \u00e5 brenne i en seilb\u00e5t.<\/p>\n<p><b>\u2013 Da reddet vi liv. Det kunne g\u00e5tt ordentlig galt, men da var \u00abEivind Eckbo\u00bb f\u00f8rst p\u00e5 stedet og tok h\u00e5nd om en person om bord. Da samarbeidet vi med brannvesenet. Vi slepte seilb\u00e5ten til n\u00e6rmeste havn og brannvesenet jobbet med \u00e5 slokke brannen.<\/b><\/p>\n<p>   <img decoding=\"async\" width=\"3024\" height=\"4032\" fetchpriority=\"low\"  loading=\"lazy\"  src=\"https:\/\/www.europesays.com\/no\/wp-content\/uploads\/2025\/09\/SEilba%CC%8At_brann2.jpg\" alt=\"\" class=\"brick-c-cFOWSL\" style=\"--brick-image-ratio: 3024 \/ 4032;\"\/><\/p>\n<p>    Foto: Redningsselskapet\n  <\/p>\n<p>  <a href=\"https:\/\/www.tb.no\/5-76-2548786\" class=\"related-teaser has-image default-story-teaser article--c-eRUmMG article--c-eRUmMG-jKCPdD-design-default\" rel=\"nofollow noopener\" target=\"_blank\"><\/p>\n<p>    <img decoding=\"async\" loading=\"lazy\"  src=\"https:\/\/www.europesays.com\/no\/wp-content\/uploads\/2025\/09\/SEilba%CC%8At_brann.jpg\" alt=\"\" class=\"brick-c-cFOWSL\" style=\"\"\/><\/p>\n<p>\n            Les ogs\u00e5<\/p>\n<p>              Brann i seilb\u00e5t\n        <\/p>\n<p>  <\/a><br \/>\n  \u2013 Hadde beredskap hele sommeren<\/p>\n<p>Han er sv\u00e6rt forn\u00f8yd med hvordan redningssk\u00f8yta har jobbet i sommer.<\/p>\n<p><b>\u2013 Vi har hatt en vaktordning med 20 frivillige vaktlag hele sommeren. Vi har hatt beredskap hele sommeren uten unntak.<\/b><\/p>\n<p>   <img decoding=\"async\" width=\"3543\" height=\"2362\" fetchpriority=\"low\"  loading=\"lazy\"  src=\"https:\/\/www.europesays.com\/no\/wp-content\/uploads\/2025\/09\/fb594360-c70b-4bec-a120-3b174b0359f3.jpg\" alt=\"En dag p\u00e5 jobb med gutta p\u00e5 RS Stormbull i Stavern. 2 havarister m\u00e5tte taues til land, grunnet motorproblemer, og et dykk ble gjennomf\u00f8rt for \u00e5 sjekke evt. skader under b\u00e5t som hadde g\u00e5tt p\u00e5 grunn. Personer som er synlig p\u00e5 bildene har godkjent at de brukes av RS. &#10;&#10;Mannskap: &#10;Lars Petter Helminsen&#10;Jan-Olaf Johansen&#10;Regin Didriksen&#10;&#10;Foto: RS\/ Karina Halvorsen\" class=\"brick-c-cFOWSL\" style=\"--brick-image-ratio: 3543 \/ 2362;\"\/><\/p>\n<p>    REDNING: Redningsselskapet har tre stasjoner i Vestfold. Stasjonene ligger i T\u00f8nsberg, Horten og Stavern.\u00a0<br \/>\n    Foto: RS\/ Karina Halvorsen\n  <\/p>\n<p>  Tydelig nedgang i SAR-oppdrag<\/p>\n<p><b>RS \u00abStormbull\u00bb i Stavern hadde i likhet med \u00abEivind Eckbo\u00bb ogs\u00e5 en markant \u00f8kning i antall oppdrag denne sommeren. <\/b><\/p>\n<p>I Stavern ble det utf\u00f8rt 203 oppdrag i \u00e5r mot 186 i fjor, en \u00f8kning p\u00e5 ni prosent.<\/p>\n<p>Mens i Horten gikk antallet oppdrag ned med to prosent; fra 113 til 111.<\/p>\n<p><b>Sommerstatistikken viser derimot en tydelig nedgang i antall s\u00f8k- og redningsoppdrag, ogs\u00e5 kjent som SAR-oppdrag, i Vestfold. <\/b><\/p>\n<p>Sommeren 2024 rykket redningssk\u00f8ytene ut p\u00e5 70 SAR-oppdrag.<\/p>\n<p>I \u00e5r var dette tallet redusert til 61. Tre av de 61 alvorlige s\u00f8k- og redningsoppdragene var relatert til brann i fritidsb\u00e5ter.<\/p>\n<p>  <a href=\"https:\/\/www.tb.no\/5-76-2656478\" class=\"related-teaser has-image default-story-teaser article--c-eRUmMG article--c-eRUmMG-jKCPdD-design-default\" rel=\"nofollow noopener\" target=\"_blank\"><\/p>\n<p>    <img decoding=\"async\" loading=\"lazy\"  src=\"https:\/\/www.europesays.com\/no\/wp-content\/uploads\/2025\/09\/image0.jpg\" alt=\"\" class=\"brick-c-cFOWSL\" style=\"\"\/><\/p>\n<p>\n            Les ogs\u00e5<\/p>\n<p>              \u00abKysten\u00bb fikk problemer: \u2013 Vi hadde en veldig fin tur, s\u00e5 ble det plutselig stopp\n        <\/p>\n<p>  <\/a><br \/>\n  Travelt i hele landet<\/p>\n<p>Sk\u00f8ytene i Norge rykket ut p\u00e5 totalt 3.745 oppdrag i sommer.<\/p>\n<p><b>\u2013 Det er en \u00f8kning p\u00e5 tre prosent sammenlignet med fjor\u00e5ret. Samtidig har antallet s\u00f8k- og redningsoppdrag g\u00e5tt ned, melder Redningsselskapet. <\/b><\/p>\n<p>Redningsselskapets har 58 redningssk\u00f8yter plassert rundt i landet, og melder at de har hatt en travel sommer p\u00e5 grunn av det fine v\u00e6ret.<\/p>\n<p><b>\u2013 Den klart st\u00f8rste andelen av fritidsfart\u00f8yer befinner seg i S\u00f8r-Norge. Bra sommerv\u00e6r gir \u00f8kt trafikk p\u00e5 sj\u00f8en. V\u00e5re faste og frivillige mannskaper har virkelig st\u00e5tt p\u00e5 i sommer, sier Gorm Hillgaar, maritim direkt\u00f8r i Redningsselskapet.<\/b><\/p>\n<p>  <a href=\"https:\/\/www.tb.no\/5-76-2630910\" class=\"related-teaser has-image default-story-teaser article--c-eRUmMG article--c-eRUmMG-jKCPdD-design-default\" rel=\"nofollow noopener\" target=\"_blank\"><\/p>\n<p>    <img decoding=\"async\" loading=\"lazy\"  src=\"https:\/\/www.europesays.com\/no\/wp-content\/uploads\/2025\/09\/photo33.jpg\" alt=\"\" class=\"brick-c-cFOWSL\" style=\"\"\/><\/p>\n<p>\n            Les ogs\u00e5<\/p>\n<p>              Finn O. Eckbo til sine redningsmenn: \u2013 Takknemlig og imponert\n        <\/p>\n<p>  <\/a><\/p>\n<p>  <a href=\"https:\/\/www.tb.no\/5-76-2636773\" class=\"related-teaser has-image default-story-teaser article--c-eRUmMG article--c-eRUmMG-jKCPdD-design-default\" rel=\"nofollow noopener\" target=\"_blank\"><\/p>\n<p>    <img decoding=\"async\" loading=\"lazy\"  src=\"https:\/\/www.europesays.com\/no\/wp-content\/uploads\/2025\/09\/b%C3%A5t2.jpg\" alt=\"\" class=\"brick-c-cFOWSL\" style=\"\"\/><\/p>\n<p>\n            Les ogs\u00e5<\/p>\n<p>              Seilb\u00e5t gikk p\u00e5 grunn: \u2013 Skikkelig uheldig\n        <\/p>\n<p>  <\/a><\/p>\n","protected":false},"excerpt":{"rendered":"Redningssk\u00f8yta \u00abEivind Eckbo\u00bb hadde en markant \u00f8kning i antall oppdrag denne sommeren. I T\u00f8nsberg og F\u00e6rder rykket redningssk\u00f8yta&hellip;\n","protected":false},"author":2,"featured_media":41447,"comment_status":"","ping_status":"","sticky":false,"template":"","format":"standard","meta":{"footnotes":""},"categories":[10],"tags":[36,20,21,962,24,25,15,22,23,13,30,28,29,14,16,5964,6539,1510,26,27,431,825],"class_list":{"0":"post-41446","1":"post","2":"type-post","3":"status-publish","4":"format-standard","5":"has-post-thumbnail","7":"category-norge","8":"tag-art","9":"tag-breaking-news","10":"tag-breakingnews","11":"tag-faerder","12":"tag-featured-news","13":"tag-featurednews","14":"tag-headlines","15":"tag-latest-news","16":"tag-latestnews","17":"tag-news","18":"tag-no","19":"tag-norge","20":"tag-norway","21":"tag-nyheter","22":"tag-overskrifter","23":"tag-redningsselskapet","24":"tag-redningsskoytene","25":"tag-story","26":"tag-top-stories","27":"tag-topstories","28":"tag-tonsberg","29":"tag-vestfold"},"share_on_mastodon":{"url":"","error":""},"_links":{"self":[{"href":"https:\/\/www.europesays.com\/no\/wp-json\/wp\/v2\/posts\/41446","targetHints":{"allow":["GET"]}}],"collection":[{"href":"https:\/\/www.europesays.com\/no\/wp-json\/wp\/v2\/posts"}],"about":[{"href":"https:\/\/www.europesays.com\/no\/wp-json\/wp\/v2\/types\/post"}],"author":[{"embeddable":true,"href":"https:\/\/www.europesays.com\/no\/wp-json\/wp\/v2\/users\/2"}],"replies":[{"embeddable":true,"href":"https:\/\/www.europesays.com\/no\/wp-json\/wp\/v2\/comments?post=41446"}],"version-history":[{"count":0,"href":"https:\/\/www.europesays.com\/no\/wp-json\/wp\/v2\/posts\/41446\/revisions"}],"wp:featuredmedia":[{"embeddable":true,"href":"https:\/\/www.europesays.com\/no\/wp-json\/wp\/v2\/media\/41447"}],"wp:attachment":[{"href":"https:\/\/www.europesays.com\/no\/wp-json\/wp\/v2\/media?parent=41446"}],"wp:term":[{"taxonomy":"category","embeddable":true,"href":"https:\/\/www.europesays.com\/no\/wp-json\/wp\/v2\/categories?post=41446"},{"taxonomy":"post_tag","embeddable":true,"href":"https:\/\/www.europesays.com\/no\/wp-json\/wp\/v2\/tags?post=41446"}],"curies":[{"name":"wp","href":"https:\/\/api.w.org\/{rel}","templated":true}]}}