{"id":41459,"date":"2025-09-21T19:07:14","date_gmt":"2025-09-21T19:07:14","guid":{"rendered":"https:\/\/www.europesays.com\/no\/41459\/"},"modified":"2025-09-21T19:07:14","modified_gmt":"2025-09-21T19:07:14","slug":"dae-blaese-pa-jaeren-sa-mye-tjener-kommunene-pa-det-jaerbladet","status":"publish","type":"post","link":"https:\/\/www.europesays.com\/no\/41459\/","title":{"rendered":"\u00abD\u00e6 bl\u00e6se p\u00e5 J\u00e6ren!\u00bb \u2013 S\u00e5 mye tjener kommunene p\u00e5 det &#8211; J\u00e6rbladet"},"content":{"rendered":"<ol>\n<li><a href=\"https:\/\/news.google.com\/rss\/articles\/CBMiiwFBVV95cUxPdVFSWlVlS1dJYlZHTnBPS0hXQzJ0U0pJQjkyUk9JRVVMam50cXZydGxsb0ZEVlZZamVWbU9VdFVYWVdOeUxzbzNFX1NQWmZMREVoMjl6VVRKdmQ5LW81ejNKUmM1YUtEZUhXOU5SVzY0MzY5R0RMalFkakJBRUR5dTBhX25URlZFLXRJ?oc=5\" target=\"_blank\" rel=\"nofollow noopener\">\u00abD\u00e6 bl\u00e6se p\u00e5 J\u00e6ren!\u00bb \u2013 S\u00e5 mye tjener kommunene p\u00e5 det<\/a>&nbsp;&nbsp;J\u00e6rbladet<\/li>\n<li><a href=\"https:\/\/news.google.com\/rss\/articles\/CBMiigFBVV95cUxPOHJIUklOQ2tFVFJ4WnpoZUViU2JjM192dm9FRlRzUUpZUWpNd2lzRjdudi1fWDhwSUU4Mi1qei1KS0FTbF9KV3E3NkxBdDR4VUJfc3pURERkWFBranhDZkN6YWd4WHpSYlBydlM4dm1mbVJyU21LZW9LeUluSHJ1WnN2SWNCdi1hSmc?oc=5\" target=\"_blank\" rel=\"nofollow noopener\">F\u00e5r nest mest penger i landet fra vindkraft<\/a>&nbsp;&nbsp;NRK<\/li>\n<li><a href=\"https:\/\/news.google.com\/rss\/articles\/CBMilAFBVV95cUxPU25obFhfV2FuamRzUFZvXzI2a2ljRWt6VmdOYzFKYTJkQUtjakd3TTRacE1HZmptUmdOd1F5MUwtMi10MFpWWlMyMnJVNXZIdVBzTVNvVm5KZWNjM09RN1FSSFpiM21leE5yc0FZX0JqQTFnVS0tZm9XNzFZUmUtV2lBZm92STM5ejUyTjE1UEluelV4?oc=5\" target=\"_blank\" rel=\"nofollow noopener\">Vindkraftkommuner f\u00e5r saftig utbetaling for fjor\u00e5ret<\/a>&nbsp;&nbsp;smp.no<\/li>\n<li><a href=\"https:\/\/news.google.com\/rss\/articles\/CBMipgFBVV95cUxOZUs2RnBaM3pjRm5OZTN4YzVlWmtsTWl1d0g1cE90QTBIb3duLTBLYlNLZWZaSTAxR0pWSGVfNlF2aG1SeGVOQ0lreklVZUFoNnhjaHBtQWt6RmZNa0hrOS1lYVlfOHFFNUxJOW44elMtd1RVZEpRZjJtbzh2YWxuaEFZaEFXeU1JZ3BJcVVSX1d2cHRPV2ZkcUlGTXE5SUt2TGJMeF9n?oc=5\" target=\"_blank\" rel=\"nofollow noopener\">Betaler ut vindkraftmillioner: S\u00e5 mye f\u00e5r Fosen-kommunene<\/a>&nbsp;&nbsp;fosna-folket.no<\/li>\n<li><a href=\"https:\/\/news.google.com\/rss\/articles\/CBMib0FVX3lxTFB4N0hYMVZsN3p2WVRiY0lLTS1MNS1TQXNKak5yVmk0d0thSS1pM3lqUkJBc01zMktBb3FhYUhqTVJ6czFBd3NFT241REl0anktc25CWlFDVkcxM3BVNlYtRkt6MGxvUlo4Q2ZBdTlycw?oc=5\" target=\"_blank\" rel=\"nofollow noopener\">(+) S\u00e5 mye f\u00e5r vertskommunen<\/a>&nbsp;&nbsp;vol.no<\/li>\n<\/ol>\n","protected":false},"excerpt":{"rendered":"\u00abD\u00e6 bl\u00e6se p\u00e5 J\u00e6ren!\u00bb \u2013 S\u00e5 mye tjener kommunene p\u00e5 det&nbsp;&nbsp;J\u00e6rbladet F\u00e5r nest mest penger i landet fra&hellip;\n","protected":false},"author":2,"featured_media":41460,"comment_status":"","ping_status":"","sticky":false,"template":"","format":"standard","meta":{"footnotes":""},"categories":[10],"tags":[20,21,24,25,15,22,23,13,30,28,29,14,16,26,27],"class_list":{"0":"post-41459","1":"post","2":"type-post","3":"status-publish","4":"format-standard","5":"has-post-thumbnail","7":"category-norge","8":"tag-breaking-news","9":"tag-breakingnews","10":"tag-featured-news","11":"tag-featurednews","12":"tag-headlines","13":"tag-latest-news","14":"tag-latestnews","15":"tag-news","16":"tag-no","17":"tag-norge","18":"tag-norway","19":"tag-nyheter","20":"tag-overskrifter","21":"tag-top-stories","22":"tag-topstories"},"share_on_mastodon":{"url":"","error":""},"_links":{"self":[{"href":"https:\/\/www.europesays.com\/no\/wp-json\/wp\/v2\/posts\/41459","targetHints":{"allow":["GET"]}}],"collection":[{"href":"https:\/\/www.europesays.com\/no\/wp-json\/wp\/v2\/posts"}],"about":[{"href":"https:\/\/www.europesays.com\/no\/wp-json\/wp\/v2\/types\/post"}],"author":[{"embeddable":true,"href":"https:\/\/www.europesays.com\/no\/wp-json\/wp\/v2\/users\/2"}],"replies":[{"embeddable":true,"href":"https:\/\/www.europesays.com\/no\/wp-json\/wp\/v2\/comments?post=41459"}],"version-history":[{"count":0,"href":"https:\/\/www.europesays.com\/no\/wp-json\/wp\/v2\/posts\/41459\/revisions"}],"wp:featuredmedia":[{"embeddable":true,"href":"https:\/\/www.europesays.com\/no\/wp-json\/wp\/v2\/media\/41460"}],"wp:attachment":[{"href":"https:\/\/www.europesays.com\/no\/wp-json\/wp\/v2\/media?parent=41459"}],"wp:term":[{"taxonomy":"category","embeddable":true,"href":"https:\/\/www.europesays.com\/no\/wp-json\/wp\/v2\/categories?post=41459"},{"taxonomy":"post_tag","embeddable":true,"href":"https:\/\/www.europesays.com\/no\/wp-json\/wp\/v2\/tags?post=41459"}],"curies":[{"name":"wp","href":"https:\/\/api.w.org\/{rel}","templated":true}]}}