{"id":41470,"date":"2025-09-21T19:29:13","date_gmt":"2025-09-21T19:29:13","guid":{"rendered":"https:\/\/www.europesays.com\/no\/41470\/"},"modified":"2025-09-21T19:29:13","modified_gmt":"2025-09-21T19:29:13","slug":"john-arne-riise-kjendis-viste-fram-kjaeresten-pa-den-rosa-loperen-for-forste-gang","status":"publish","type":"post","link":"https:\/\/www.europesays.com\/no\/41470\/","title":{"rendered":"John Arne Riise, Kjendis | Viste fram kj\u00e6resten p\u00e5 den rosa l\u00f8peren for f\u00f8rste gang"},"content":{"rendered":"\n<p><b>KJENDIS: <\/b><a href=\"https:\/\/www.nettavisen.no\/kjendis\/roper-detaljer-fra-skal-vi-danse-et-sjokk-for-systemet\/s\/5-95-2630471\" rel=\"Follow nofollow noopener\" target=\"_blank\">Nettavisen skriver s\u00f8ndag at John Arne Riise (44) har tatt turen<\/a> til den rosa l\u00f8peren s\u00f8ndag kveld sammen med en mystisk kvinne.<\/p>\n<p>Overfor <a rel=\"Follow nofollow noopener\" href=\"https:\/\/www.seher.no\/kjendis\/viste-frem-ny-kjaereste\/83611569?utm_source=sdrn%3Avg%3Aarticle%3A8qeQJ1&amp;utm_medium=Storycard&amp;utm_content=storycard%3A1\" target=\"_blank\">Se og H\u00f8r<\/a> bekrefter han at det er \u00abmadamen\u00bb.<\/p>\n<p><b>\u2013 Hun er ikke s\u00e5 offentlig, og jeg har bevisst valgt \u00e5 holde privatlivet skjult, men jeg er nominert her og vi skal kose oss og ha en fin kveld, og da tar jeg selvf\u00f8lgelig med madamen, sier han til Se og H\u00f8r. <\/b><\/p>\n<p>Nominert til pris<\/p>\n<p>   <img decoding=\"async\" width=\"2549\" height=\"3824\" fetchpriority=\"low\"  loading=\"lazy\"  src=\"https:\/\/www.europesays.com\/no\/wp-content\/uploads\/2025\/09\/cueres_scp-mangler_navn_G3zM3JT4zBA.jpg\" alt=\"Oslo 20250921. &#10;John Arne Riise med f\u00f8lge p\u00e5 vei inn til utdelingen av Se og H\u00f8rs Reality Awards p\u00e5 Ambassaden i Oslo s\u00f8ndag kveld.&#10;Foto: Thomas Fure \/ NTB\" class=\"brick-c-cFOWSL\" style=\"--brick-image-ratio: 2549 \/ 3824;\"\/><\/p>\n<p>    MADAMEN: John Arne Riise bekreftet at det var \u00abmadamen\u00bb han hadde med seg p\u00e5 den rosa l\u00f8peren.<br \/>\n    Foto: Thomas Fure\/NTB\n  <\/p>\n<p>Han \u00f8nsker ikke \u00e5 dele hva kj\u00e6resten heter, men forteller videre at de begge gleder seg til prisutdelingen.<\/p>\n<p><b>\u2013 Vi skal jo kose oss med gode folk og pr\u00f8ve \u00e5 vinne en pris. Jeg har ikke v\u00e6rt p\u00e5 r\u00f8d l\u00f8per p\u00e5 mange \u00e5r og det er veldig bevisst, men n\u00e5 var jeg nominert og jeg synes den prisen jeg er nominert til betyr veldig mye for meg. S\u00e5 derfor valgte jeg \u00e5 bli med, skyter Riise inn. <\/b><\/p>\n<p>Den tidligere Liverpool-stjernen \u2013 som blant annet har bodd p\u00e5 Haugalandet i flere \u00e5r da han trente Avaldsnes \u2013 har blant annet deltatt i \u00ab16 ukers helvete\u00bb og er nominert til \u00c5rets realitydeltaker etter deltakelsen.<\/p>\n<p>Vant prisen<\/p>\n<p>De andre nominerte til prisen er Trygve Kroken-Braate, Ole Baldishol og Morten Thoresen.<\/p>\n<p>Riise har flyttet fra Haugesund, men har blant annet v\u00e6rt her for \u00e5 delta i padelturnering og for \u00e5 ha l\u00f8petimer p\u00e5 Boost Treningssenter.<\/p>\n<p>  <a href=\"https:\/\/www.h-avis.no\/5-62-1812930\" class=\"related-teaser has-image default-story-teaser article--c-eRUmMG article--c-eRUmMG-jKCPdD-design-default\" wp_automatic_readability=\"1\" rel=\"nofollow noopener\" target=\"_blank\"><\/p>\n<p>    For abonnenter<\/p>\n<p>    <img decoding=\"async\" loading=\"lazy\"  src=\"https:\/\/www.europesays.com\/no\/wp-content\/uploads\/2025\/09\/IMG_3496.jpeg\" alt=\"\" class=\"brick-c-cFOWSL\" style=\"\"\/><\/p>\n<p>\n            Les ogs\u00e5<\/p>\n<p>  Riise er frelst: \u2013 Jeg leker ikke<\/p>\n<p>  <\/a><\/p>\n<p>  <a href=\"https:\/\/www.h-avis.no\/5-62-1812671\" class=\"related-teaser has-image default-story-teaser article--c-eRUmMG article--c-eRUmMG-jKCPdD-design-default\" wp_automatic_readability=\"1.5\" rel=\"nofollow noopener\" target=\"_blank\"><\/p>\n<p>    For abonnenter<\/p>\n<p>    <img decoding=\"async\" loading=\"lazy\"  src=\"https:\/\/www.europesays.com\/no\/wp-content\/uploads\/2025\/09\/b55d3c01-79d9-47f7-b1f9-ca6b9d4c2228.jpeg\" alt=\"\" class=\"brick-c-cFOWSL\" style=\"\"\/><\/p>\n<p>\n            Les ogs\u00e5<\/p>\n<p>  Caroline og Emilie satt p\u00e5 alarm for \u00e5 f\u00e5 plass p\u00e5 Riise-\u00f8kt: \u2013 Det er helt fryktelig<\/p>\n<p>  <\/a><\/p>\n<p>Seint s\u00f8ndag kveld ble det kjent at Riise vant prisen for \u00c5rets realitydeltaker.<\/p>\n<p>Her er hele listen over vinnere:<\/p>\n<p>*\u00c5rets underholdningsprogram: A-laget.<\/p>\n<p>*\u00c5rets karakterdrevne reality: Team P\u00f8lsa.<\/p>\n<p>*\u00c5rets konkurransedrevne reality: Spillet.<\/p>\n<p>*\u00c5rets TV-\u00f8yeblikk: Team P\u00f8lsa som krysser m\u00e5lstreken.<\/p>\n<p>*\u00c5rets humorprogram: Norges dummeste.<\/p>\n<p>*\u00c5rets programleder: Jan Thomas.<\/p>\n<p>*\u00c5rets comeback: Hallvard Flatland.<\/p>\n<p>*\u00c5rets nykommer: A-laget.<\/p>\n<p>*\u00c5rets duo: Jon Almaas og Ellen Heider.<\/p>\n<p>*\u00c5rets romanse: Camilla Sagen og Markus Botten.<\/p>\n<p><b>*\u00c5rets deltaker: John Arne Riise.<\/b><\/p>\n<p>*\u00c5rets snakkis: Team P\u00f8lsa.<\/p>\n<p>*\u00c5rets fagpris: Klipperne p\u00e5 Paradise Hotel.<\/p>\n<p>*\u00c5rets \u00e6respris: Staysman &#8211; Stian Thorbj\u00f8rnsen.<\/p>\n<p>  <a href=\"https:\/\/www.h-avis.no\/5-62-1805149\" class=\"related-teaser has-image default-story-teaser article--c-eRUmMG article--c-eRUmMG-jKCPdD-design-default\" wp_automatic_readability=\"1\" rel=\"nofollow noopener\" target=\"_blank\"><\/p>\n<p>    For abonnenter<\/p>\n<p>    <img decoding=\"async\" loading=\"lazy\"  src=\"https:\/\/www.europesays.com\/no\/wp-content\/uploads\/2025\/09\/IMG_7489.jpeg\" alt=\"\" class=\"brick-c-cFOWSL\" style=\"\"\/><\/p>\n<p>\n            Les ogs\u00e5<\/p>\n<p>  Riise tilbake p\u00e5 gamle trakter: \u2013 Elsker \u00e5 v\u00e6re her<\/p>\n<p>  <\/a><\/p>\n<p>  <a href=\"https:\/\/www.h-avis.no\/5-62-1750422\" class=\"related-teaser has-image default-story-teaser article--c-eRUmMG article--c-eRUmMG-jKCPdD-design-default\" wp_automatic_readability=\"1\" rel=\"nofollow noopener\" target=\"_blank\"><\/p>\n<p>    <img decoding=\"async\" loading=\"lazy\"  src=\"https:\/\/www.europesays.com\/no\/wp-content\/uploads\/2025\/09\/wj20240106_NEA_John_Arne_Riise_052_4.jpg\" alt=\"\" class=\"brick-c-cFOWSL\" style=\"\"\/><\/p>\n<p>\n            Les ogs\u00e5<\/p>\n<p>  Riise med brutal innr\u00f8mmelse: \u2013 Har v\u00e6rt veldig s\u00e5rt<\/p>\n<p>  <\/a><\/p>\n<p>  <a href=\"https:\/\/www.h-avis.no\/5-62-1722288\" class=\"related-teaser has-image default-story-teaser article--c-eRUmMG article--c-eRUmMG-jKCPdD-design-default\" wp_automatic_readability=\"1\" rel=\"nofollow noopener\" target=\"_blank\"><\/p>\n<p>    For abonnenter<\/p>\n<p>    <img decoding=\"async\" loading=\"lazy\"  src=\"https:\/\/www.europesays.com\/no\/wp-content\/uploads\/2025\/09\/John+Arne+Riise.bin\" alt=\"\" class=\"brick-c-cFOWSL\" style=\"\"\/><\/p>\n<p>\n            Les ogs\u00e5<\/p>\n<p>  John Arne Riise flytter til T\u00f8nsberg: \u2013 En nydelig by <\/p>\n<p>  <\/a><\/p>\n<p>  <a href=\"https:\/\/www.h-avis.no\/5-62-1648229\" class=\"related-teaser has-image default-story-teaser article--c-eRUmMG article--c-eRUmMG-jKCPdD-design-default\" wp_automatic_readability=\"1\" rel=\"nofollow noopener\" target=\"_blank\"><\/p>\n<p>    For abonnenter<\/p>\n<p>    <img decoding=\"async\" loading=\"lazy\"  src=\"https:\/\/www.europesays.com\/no\/wp-content\/uploads\/2025\/09\/riiseavskjed.jpg\" alt=\"\" class=\"brick-c-cFOWSL\" style=\"\"\/><\/p>\n<p>\n            Les ogs\u00e5<\/p>\n<p>  Riise om de dramatiske dagene: \u2013 Jeg knakk fullstendig sammen<\/p>\n<p>  <\/a><\/p>\n<p>  <a href=\"https:\/\/www.h-avis.no\/5-62-1646699\" class=\"related-teaser default-feature-teaser article--c-eRUmMG article--c-eRUmMG-jKCPdD-design-default article--c-eRUmMG-kpKLOW-cv\" wp_automatic_readability=\"1.5\" rel=\"nofollow noopener\" target=\"_blank\"><\/p>\n<p>\n            Les ogs\u00e5<\/p>\n<p>  John Arne Riise tok et valg for \u00e5 beskytte de n\u00e6rmeste: \u2013 Hele livet har jeg v\u00e6rt egoistisk<\/p>\n<p>  <\/a><\/p>\n<p>  <a href=\"https:\/\/www.h-avis.no\/5-62-1639405\" class=\"related-teaser has-image default-story-teaser article--c-eRUmMG article--c-eRUmMG-jKCPdD-design-default\" wp_automatic_readability=\"1\" rel=\"nofollow noopener\" target=\"_blank\"><\/p>\n<p>    For abonnenter<\/p>\n<p>    <img decoding=\"async\" loading=\"lazy\"  src=\"https:\/\/www.europesays.com\/no\/wp-content\/uploads\/2025\/09\/IMG_3816.jpg\" alt=\"\" class=\"brick-c-cFOWSL\" style=\"\"\/><\/p>\n<p>\n            Les ogs\u00e5<\/p>\n<p>  Vender hjem til Haugesund: \u2013 Jeg er \u00e5pen for alt<\/p>\n<p>  <\/a><\/p>\n<p>  <a href=\"https:\/\/www.h-avis.no\/5-62-1638993\" class=\"related-teaser has-image default-story-teaser article--c-eRUmMG article--c-eRUmMG-jKCPdD-design-default\" wp_automatic_readability=\"1\" rel=\"nofollow noopener\" target=\"_blank\"><\/p>\n<p>    For abonnenter<\/p>\n<p>    <img decoding=\"async\" loading=\"lazy\"  src=\"https:\/\/www.europesays.com\/no\/wp-content\/uploads\/2025\/09\/NTB_LRjKOXsSh5M.jpg\" alt=\"\" class=\"brick-c-cFOWSL\" style=\"\"\/><\/p>\n<p>\n            Les ogs\u00e5<\/p>\n<p>  Avaldsnes bekrefter \u2013 Riise gir seg i Avaldsnes<\/p>\n<p>  <\/a><\/p>\n","protected":false},"excerpt":{"rendered":"KJENDIS: Nettavisen skriver s\u00f8ndag at John Arne Riise (44) har tatt turen til den rosa l\u00f8peren s\u00f8ndag kveld&hellip;\n","protected":false},"author":2,"featured_media":41471,"comment_status":"","ping_status":"","sticky":false,"template":"","format":"standard","meta":{"footnotes":""},"categories":[5],"tags":[36,20,21,24,25,15,19,6237,479,22,23,17,18,13,30,28,29,14,16,2587,1510,26,27],"class_list":{"0":"post-41470","1":"post","2":"type-post","3":"status-publish","4":"format-standard","5":"has-post-thumbnail","7":"category-overskrifter","8":"tag-art","9":"tag-breaking-news","10":"tag-breakingnews","11":"tag-featured-news","12":"tag-featurednews","13":"tag-headlines","14":"tag-hovedoppslag","15":"tag-john-arne-riise","16":"tag-kjendis","17":"tag-latest-news","18":"tag-latestnews","19":"tag-main-news","20":"tag-mainnews","21":"tag-news","22":"tag-no","23":"tag-norge","24":"tag-norway","25":"tag-nyheter","26":"tag-overskrifter","27":"tag-reality","28":"tag-story","29":"tag-top-stories","30":"tag-topstories"},"share_on_mastodon":{"url":"","error":""},"_links":{"self":[{"href":"https:\/\/www.europesays.com\/no\/wp-json\/wp\/v2\/posts\/41470","targetHints":{"allow":["GET"]}}],"collection":[{"href":"https:\/\/www.europesays.com\/no\/wp-json\/wp\/v2\/posts"}],"about":[{"href":"https:\/\/www.europesays.com\/no\/wp-json\/wp\/v2\/types\/post"}],"author":[{"embeddable":true,"href":"https:\/\/www.europesays.com\/no\/wp-json\/wp\/v2\/users\/2"}],"replies":[{"embeddable":true,"href":"https:\/\/www.europesays.com\/no\/wp-json\/wp\/v2\/comments?post=41470"}],"version-history":[{"count":0,"href":"https:\/\/www.europesays.com\/no\/wp-json\/wp\/v2\/posts\/41470\/revisions"}],"wp:featuredmedia":[{"embeddable":true,"href":"https:\/\/www.europesays.com\/no\/wp-json\/wp\/v2\/media\/41471"}],"wp:attachment":[{"href":"https:\/\/www.europesays.com\/no\/wp-json\/wp\/v2\/media?parent=41470"}],"wp:term":[{"taxonomy":"category","embeddable":true,"href":"https:\/\/www.europesays.com\/no\/wp-json\/wp\/v2\/categories?post=41470"},{"taxonomy":"post_tag","embeddable":true,"href":"https:\/\/www.europesays.com\/no\/wp-json\/wp\/v2\/tags?post=41470"}],"curies":[{"name":"wp","href":"https:\/\/api.w.org\/{rel}","templated":true}]}}