{"id":41478,"date":"2025-09-21T19:37:12","date_gmt":"2025-09-21T19:37:12","guid":{"rendered":"https:\/\/www.europesays.com\/no\/41478\/"},"modified":"2025-09-21T19:37:12","modified_gmt":"2025-09-21T19:37:12","slug":"viking-tok-vare-pa-sjansen-etter-bodo-glimts-uavgjort-mot-rosenborg-vant-1-0-mot-molde","status":"publish","type":"post","link":"https:\/\/www.europesays.com\/no\/41478\/","title":{"rendered":"Viking tok vare p\u00e5 sjansen etter Bod\u00f8\/Glimts uavgjort mot Rosenborg \u2013 vant 1\u20130 mot Molde"},"content":{"rendered":"\n<p class=\"_lead_ew2ao_2 _lead_xtcu6_50 layout-component text-serif-m layout-normal text-serif-l layout-component layout-wide layout-padded _wide_17hqh_1 layout-padded\">En sylfrekk scoring av Simen Kvia-Egeskog (22) sendte Viking \u00e0 poeng med Bod\u00f8\/Glimt.<\/p>\n<ul class=\"_gallery_1qa3s_23\" tabindex=\"0\">\n<li class=\"_item_1qa3s_37\" data-index=\"0\"><img fetchpriority=\"high\" decoding=\"async\" class=\"_image_foru8_23 _introGallery_foru8_43\" data-fullscreen- width=\"5075\" height=\"3383\" itemprop=\"image\" loading=\"eager\"  src=\"https:\/\/www.europesays.com\/no\/wp-content\/uploads\/2025\/09\/ec5bd70e-dcec-4d97-8430-dcbfb1be46aa\"  style=\"object-position:50% 50%;aspect-ratio:var(--gallery-aspect-ratio, 16 \/ 9)\"\/>Foto: Carina Johansen \/ NTB<\/li>\n<li class=\"_item_1qa3s_37\" data-index=\"1\"><img decoding=\"async\" class=\"_image_foru8_23 _introGallery_foru8_43\" data-fullscreen- width=\"5323\" height=\"3549\" itemprop=\"image\" loading=\"lazy\"  src=\"https:\/\/www.europesays.com\/no\/wp-content\/uploads\/2025\/09\/21f57328-9bee-4c53-af45-23e44ac63add\"  style=\"object-position:50% 50%;aspect-ratio:var(--gallery-aspect-ratio, 16 \/ 9)\"\/>Foto: Carina Johansen \/ NTB<\/li>\n<\/ul>\n<p>Foto: Carina Johansen \/ NTB<\/p>\n<ul aria-hidden=\"true\" class=\"_images_1y6fe_106\">\n<li><a class=\"_link_1y6fe_111\" href=\"https:\/\/www.vg.no\/forfatter\/sindre-espe\" style=\"z-index:1\" title=\"Sindre Espe\" rel=\"nofollow noopener\" target=\"_blank\"><img alt=\"Bilde av Sindre Espe\" class=\"_image_1y6fe_88\" fetchpriority=\"low\" loading=\"lazy\" decoding=\"async\" itemprop=\"image\"  src=\"https:\/\/www.europesays.com\/no\/wp-content\/uploads\/2025\/09\/1758483430_799_5d41d29b-af5f-421d-80e6-42e6d80fe76e\"  width=\"480\"\/><\/a><\/li>\n<\/ul>\n<p> Oppdatert s\u00f8ndag 21. september kl. 21:34     <\/p>\n<p class=\"_paragraph_ew2ao_4 _paragraph_xtcu6_10 layout-component text-serif-m layout-normal text-serif-m layout-padded\">Viking tok vare p\u00e5 muligheten etter at de regjerende seriemesterne spilte <a href=\"https:\/\/www.vg.no\/sport\/i\/pP7p7o\/glimt-rotet-bort-seieren-etter-sjansesloeseri-rosenborg-kjempet-seg-til-uavgjort\" data-track-element-type=\"Link\" data-track-id=\"link:pP7p7o\" class=\"_link_ew2ao_39\" rel=\"nofollow noopener\" target=\"_blank\">uavgjort mot Rosenborg<\/a> tidligere p\u00e5 s\u00f8ndagen. <\/p>\n<p class=\"_paragraph_ew2ao_4 _paragraph_xtcu6_10 layout-component text-serif-m layout-normal text-serif-m layout-padded\">Kampens eneste scoring kom da Vikings Simen Kvia-Egeskog dro av Birk Risa f\u00f8r han chippet ballen iskaldt over Jacob Karlstr\u00f8m i andre omgang. <\/p>\n<p class=\"_paragraph_ew2ao_4 _paragraph_xtcu6_10 layout-component text-serif-m layout-normal text-serif-m layout-padded\">\u2013 Det finnes ikke mange kj\u00f8ligere avsluttere i Eliteserien. Det er bare \u00e5 lene seg tilbake og nyte ballbehandlingen og m\u00e5ten \u00e5 tenke fotball p\u00e5. Det er s\u00e5nne m\u00e5l man bare scorer p\u00e5 trening normalt sett, det er useri\u00f8st \u00e5 gj\u00f8re det i en Eliteseriekamp, l\u00f8d det fra TV 2s Peder M\u00f8rtvedt p\u00e5 kommentatorplass. <\/p>\n<p class=\"_paragraph_ew2ao_4 _paragraph_xtcu6_10 layout-component text-serif-m layout-normal text-serif-m layout-padded\">\u2013 Jeg har lyst til \u00e5 g\u00e5 p\u00e5 skudd med en gang, men s\u00e5 ser jeg at jeg kan \u00abfake\u00bb den og sette den rolig etterp\u00e5. Det var deilig, sier Kvia-Egeskog til TV 2.<\/p>\n<ul class=\"_gallery_1qa3s_23\" tabindex=\"0\">\n<li class=\"_item_1qa3s_37\" data-index=\"0\"><img decoding=\"async\" class=\"_image_foru8_23 _articleGallery_foru8_39\" data-fullscreen- width=\"5469\" height=\"3646\" itemprop=\"image\" loading=\"lazy\"  src=\"https:\/\/www.europesays.com\/no\/wp-content\/uploads\/2025\/09\/1433a3b7-d991-4920-99b2-86f9ee88912c\"  style=\"object-position:50% 50%;aspect-ratio:var(--gallery-aspect-ratio, 16 \/ 9)\"\/>Foto: Carina Johansen \/ NTB<\/li>\n<li class=\"_item_1qa3s_37\" data-index=\"1\"><img decoding=\"async\" class=\"_image_foru8_23 _articleGallery_foru8_39\" data-fullscreen- width=\"7289\" height=\"4859\" itemprop=\"image\" loading=\"lazy\"  src=\"https:\/\/www.europesays.com\/no\/wp-content\/uploads\/2025\/09\/1f23a7e3-1a10-4bac-8d5a-7a0f09842361\"  style=\"object-position:50% 50%;aspect-ratio:var(--gallery-aspect-ratio, 16 \/ 9)\"\/>Foto: Carina Johansen \/ NTB<\/li>\n<\/ul>\n<p>Foto: Carina Johansen \/ NTB<\/p>\n<p class=\"_paragraph_ew2ao_4 _paragraph_xtcu6_10 layout-component text-serif-m layout-normal text-serif-m layout-padded\">Med \u00e5tte serierunder igjen st\u00e5r Viking og Bod\u00f8\/Glimt helt likt \u2013 b\u00e5de i poeng og antall gjenst\u00e5ende kamper i Eliteserien.<\/p>\n<p class=\"_paragraph_ew2ao_4 _paragraph_xtcu6_10 layout-component text-serif-m layout-normal text-serif-m layout-padded\">\u2013 Det er \u00e5tte cupfinaler igjen for oss. Vi f\u00e5r ta \u00e9n om gangen og pr\u00f8ve \u00e5 skvise ut s\u00e5 mye energi som vi kan, sier Morten Jensen til TV 2. <\/p>\n<p class=\"_paragraph_ew2ao_4 _paragraph_xtcu6_10 layout-component text-serif-m layout-normal text-serif-m layout-padded\">Viking-treneren sier at laget elsker \u00e5 v\u00e6re i utfordrerposisjon. <\/p>\n<p class=\"_paragraph_ew2ao_4 _paragraph_xtcu6_10 layout-component text-serif-m layout-normal text-serif-m layout-padded\">\u2013 Det er oss og de andre mot Glimt, sier han.<\/p>\n<p class=\"_paragraph_ew2ao_4 _paragraph_xtcu6_10 layout-component text-serif-m layout-normal text-serif-m layout-padded\">TV 2-ekspert Jesper Mathisen mener Viking har det som skal til for \u00e5 st\u00e5 l\u00f8pet helt ut. <\/p>\n<p class=\"_paragraph_ew2ao_4 _paragraph_xtcu6_10 layout-component text-serif-m layout-normal text-serif-m layout-padded\">\u2013 Det \u00e5 sl\u00e5 Molde i en s\u00e5 ekkel kamp som i kveld, det viser styrke, mener han.<\/p>\n<p class=\"_paragraph_ew2ao_4 _paragraph_xtcu6_10 layout-component text-serif-m layout-normal text-serif-m layout-padded\">\u2013 De drar seieren i land p\u00e5 imponerende vis, sier Mathisen. <\/p>\n<p class=\"_paragraph_ew2ao_4 _paragraph_xtcu6_10 layout-component text-serif-m layout-normal text-serif-m layout-padded\">Mens Viking har minst niniKan bli flere om de g\u00e5r videre i cupen. kamper igjen \u00e5 spille, venter et langt mer tettpakket program for Glimt. <\/p>\n<p class=\"_paragraph_ew2ao_4 _paragraph_xtcu6_10 layout-component text-serif-m layout-normal text-serif-m layout-padded\">I tillegg til de siste \u00e5tte serierundene, skal de ut i fire Champions League-kamper f\u00f8r sesongslutt 30. november.<\/p>\n<p class=\"_paragraph_ew2ao_4 _paragraph_xtcu6_10 layout-component text-serif-m layout-normal text-serif-m layout-padded\">Det betyr at Bod\u00f8\/Glimt st\u00e5r foran minst 1313Kan bli flere om de g\u00e5r videre i cupen. kamper i l\u00f8pet av de neste dr\u00f8ye to m\u00e5nedene.<\/p>\n<p class=\"_paragraph_ew2ao_4 _paragraph_xtcu6_10 layout-component text-serif-m layout-normal text-serif-m layout-padded\">Etter den mye omtalte overgangen fra <a href=\"https:\/\/www.vg.no\/sport\/i\/9395wW\/veton-berisha-tilbake-i-viking-ber-om-unnskyldning\" data-track-element-type=\"Link\" data-track-id=\"link:9395wW\" class=\"_link_ew2ao_39\" rel=\"nofollow noopener\" target=\"_blank\">Molde til Viking<\/a> i august, m\u00f8tte Veton Berisha s\u00f8ndag kveld sine tidligere lagkamerater for f\u00f8rste gang.<\/p>\n<p class=\"_paragraph_ew2ao_4 _paragraph_xtcu6_10 layout-component text-serif-m layout-normal text-serif-m layout-padded\">31-\u00e5ringen var tilbake i startelleveren etter \u00e5 ha startet p\u00e5 benken mot KFUM Oslo i forrige runde.<\/p>\n<p><img alt=\"Foto: Carina Johansen \/ NTB\" class=\"_image_qp4xg_65 layout-component layout-normal\" data-fullscreen- data-track-element-type=\"Article image fullscreen\" data-track-name=\"ImageFullscreen\" decoding=\"async\" loading=\"lazy\" height=\"3539\" itemprop=\"image\"  src=\"https:\/\/www.europesays.com\/no\/wp-content\/uploads\/2025\/09\/af65fe8c-91bc-40d2-ab87-e94c9b2a8384\"  style=\"object-position:0% 0%\" width=\"5309\"\/>Foto: Carina Johansen \/ NTB<\/p>\n<p class=\"_paragraph_ew2ao_4 _paragraph_xtcu6_10 layout-component text-serif-m layout-normal text-serif-m layout-padded\">Berishas kontrakt med Molde ble terminert, og comebacket i Stavanger <a href=\"https:\/\/www.vg.no\/sport\/i\/bmVykq\/veton-berishas-overgang-til-viking-skaper-boelger-beloenning-for-drittoppfoersel\" data-track-element-type=\"Link\" data-track-id=\"link:bmVykq\" class=\"_link_ew2ao_39\" rel=\"nofollow noopener\" target=\"_blank\">vakte sterke f\u00f8lelser<\/a> blant Viking-supporterne.<\/p>\n<p>Derfor ble Berisha upopul\u00e6r blant Viking-fansen<\/p>\n<p class=\"_paragraph_ew2ao_4 _paragraph_xtcu6_10 _paragraph_16v91_10 layout-component text-serif-m layout-normal text-sans-m layout-padded\">I 2022 ble Berisha solgt til Hammarby \u2013 mellom to kvalifiseringskamper til Conference League. Da surnet forholdet mellom spissen og supporterne i J\u00e5tt\u00e5v\u00e5gen.<\/p>\n<p class=\"_paragraph_ew2ao_4 _paragraph_xtcu6_10 _paragraph_16v91_10 layout-component text-serif-m layout-normal text-sans-m layout-padded\">Det ble ikke bedre da spissen et halvt \u00e5r senere gikk videre til Molde. Han ble stemplet som en giftig slange i en\u00a0<a href=\"https:\/\/www.tv2.no\/sport\/fotball\/eliteserien\/far-slange-stempel-han-sprer-gift\/15453725\/?utm_source=sdrn%3Avg%3Aarticle%3AVPoVM4\" class=\"_link_ew2ao_39\" rel=\"nofollow noopener\" target=\"_blank\">TV 2-sak<\/a>.<\/p>\n<p>Vis mer<\/p>\n<p class=\"_paragraph_ew2ao_4 _paragraph_xtcu6_10 layout-component text-serif-m layout-normal text-serif-m layout-padded\">Viking-fansen dro opp disse bannerne under kampen:<\/p>\n<ul class=\"_gallery_1qa3s_23\" tabindex=\"0\">\n<li class=\"_item_1qa3s_37\" data-index=\"0\"><img decoding=\"async\" class=\"_image_foru8_23 _articleGallery_foru8_39\" data-fullscreen- width=\"5601\" height=\"3734\" itemprop=\"image\" loading=\"lazy\"  src=\"https:\/\/www.europesays.com\/no\/wp-content\/uploads\/2025\/09\/74df631a-22ac-48ab-a1ad-5d984630e7dd\"  style=\"object-position:50% 50%;aspect-ratio:var(--gallery-aspect-ratio, 16 \/ 9)\"\/>Foto: Carina Johansen \/ NTB<\/li>\n<li class=\"_item_1qa3s_37\" data-index=\"1\"><img decoding=\"async\" class=\"_image_foru8_23 _articleGallery_foru8_39\" data-fullscreen- width=\"6192\" height=\"4128\" itemprop=\"image\" loading=\"lazy\"  src=\"https:\/\/www.europesays.com\/no\/wp-content\/uploads\/2025\/09\/07490a41-288c-41bb-b64a-84ca85b7cdec\"  style=\"object-position:50% 50%;aspect-ratio:var(--gallery-aspect-ratio, 16 \/ 9)\"\/>Foto: Carina Johansen \/ NTB<\/li>\n<\/ul>\n<p>Foto: Carina Johansen \/ NTB<\/p>\n<p class=\"_paragraph_ew2ao_4 _paragraph_xtcu6_10 layout-component text-serif-m layout-normal text-serif-m layout-padded\">Dagen etter 1\u20132-tapet mot Fredrikstad p\u00e5 Aker stadion valgte Molde \u00e5 <a href=\"https:\/\/www.vg.no\/sport\/i\/8qnk1d\/hoegmo-er-ferdig-i-molde\" data-track-element-type=\"Link\" data-track-id=\"link:8qnk1d\" class=\"_link_ew2ao_39\" rel=\"nofollow noopener\" target=\"_blank\">kvitte seg<\/a> med hovedtrener Per-Mathias H\u00f8gmo.<\/p>\n<p class=\"_paragraph_ew2ao_4 _paragraph_xtcu6_10 layout-component text-serif-m layout-normal text-serif-m layout-padded\">Mot Viking var det Magne Hoseth som ledet laget fra sidelinjen, men det ga ingen umiddelbar uttelling i form av seier. Molde har n\u00e5 tapt halvparten av sine kamper i Eliteserien \u2013 11 av 22.<\/p>\n<p><img alt=\"\" class=\"_image_qp4xg_65 layout-component layout-normal\" data-fullscreen- data-track-element-type=\"Article image fullscreen\" data-track-name=\"ImageFullscreen\" decoding=\"async\" loading=\"lazy\" height=\"2560\" itemprop=\"image\"  src=\"https:\/\/www.europesays.com\/no\/wp-content\/uploads\/2025\/09\/5104b00d-6c1e-49bc-b2f5-b534561ef204\"  style=\"object-position:0% 0%\" width=\"2048\"\/><\/p>\n<p class=\"_paragraph_ew2ao_4 _paragraph_xtcu6_10 layout-component text-serif-m layout-normal text-serif-m layout-padded\"><strong class=\"_strong_ew2ao_25\">Grafikk:<\/strong> <a href=\"https:\/\/www.sofascore.com\/football\/match\/viking-fk-molde-fk\/lnsoy#id:13295706?utm_source=vg.no&amp;utm_medium=FootballMatchStats\" class=\"_link_ew2ao_39\" rel=\"nofollow noopener\" target=\"_blank\">Sofascore.com<\/a><\/p>\n<p>Eliteserien runde 22<\/p>\n<p class=\"_paragraph_ew2ao_4 _paragraph_xtcu6_10 _paragraph_16v91_10 layout-component text-serif-m layout-normal text-sans-m layout-padded\">Fredrikstad \u2013 Bryne 1\u20131<\/p>\n<p class=\"_paragraph_ew2ao_4 _paragraph_xtcu6_10 _paragraph_16v91_10 layout-component text-serif-m layout-normal text-sans-m layout-padded\">Sandefjord \u2013 Brann 0\u20133<\/p>\n<p class=\"_paragraph_ew2ao_4 _paragraph_xtcu6_10 _paragraph_16v91_10 layout-component text-serif-m layout-normal text-sans-m layout-padded\">V\u00e5lerenga \u2013 KFUM Oslo 1\u20131<\/p>\n<p class=\"_paragraph_ew2ao_4 _paragraph_xtcu6_10 _paragraph_16v91_10 layout-component text-serif-m layout-normal text-sans-m layout-padded\">Rosenborg \u2013 Bod\u00f8\/Glimt 1\u20131<\/p>\n<p class=\"_paragraph_ew2ao_4 _paragraph_xtcu6_10 _paragraph_16v91_10 layout-component text-serif-m layout-normal text-sans-m layout-padded\">Kristiansund \u2013 Haugesund 2\u20130<\/p>\n<p class=\"_paragraph_ew2ao_4 _paragraph_xtcu6_10 _paragraph_16v91_10 layout-component text-serif-m layout-normal text-sans-m layout-padded\">Str\u00f8msgodset \u2013 Sarpsborg 08 2\u20131<\/p>\n<p class=\"_paragraph_ew2ao_4 _paragraph_xtcu6_10 _paragraph_16v91_10 layout-component text-serif-m layout-normal text-sans-m layout-padded\">Troms\u00f8 \u2013 HamKam 1\u20130 <\/p>\n<p class=\"_paragraph_ew2ao_4 _paragraph_xtcu6_10 _paragraph_16v91_10 layout-component text-serif-m layout-normal text-sans-m layout-padded\">Viking \u2013 Molde 1\u20130<\/p>\n<p>Vis mer    <\/p>\n","protected":false},"excerpt":{"rendered":"En sylfrekk scoring av Simen Kvia-Egeskog (22) sendte Viking \u00e0 poeng med Bod\u00f8\/Glimt. Foto: Carina Johansen \/ NTB&hellip;\n","protected":false},"author":2,"featured_media":41479,"comment_status":"","ping_status":"","sticky":false,"template":"","format":"standard","meta":{"footnotes":""},"categories":[59],"tags":[517,134,6545,869,30,28,29,5673,83,82,108,109],"class_list":{"0":"post-41478","1":"post","2":"type-post","3":"status-publish","4":"format-standard","5":"has-post-thumbnail","7":"category-sport","8":"tag-bodo-glimt","9":"tag-eliteserien","10":"tag-magne-hoseth","11":"tag-molde-fk","12":"tag-no","13":"tag-norge","14":"tag-norway","15":"tag-per-mathias-hogmo","16":"tag-sport","17":"tag-sports","18":"tag-veton-berisha","19":"tag-viking-fk"},"share_on_mastodon":{"url":"","error":""},"_links":{"self":[{"href":"https:\/\/www.europesays.com\/no\/wp-json\/wp\/v2\/posts\/41478","targetHints":{"allow":["GET"]}}],"collection":[{"href":"https:\/\/www.europesays.com\/no\/wp-json\/wp\/v2\/posts"}],"about":[{"href":"https:\/\/www.europesays.com\/no\/wp-json\/wp\/v2\/types\/post"}],"author":[{"embeddable":true,"href":"https:\/\/www.europesays.com\/no\/wp-json\/wp\/v2\/users\/2"}],"replies":[{"embeddable":true,"href":"https:\/\/www.europesays.com\/no\/wp-json\/wp\/v2\/comments?post=41478"}],"version-history":[{"count":0,"href":"https:\/\/www.europesays.com\/no\/wp-json\/wp\/v2\/posts\/41478\/revisions"}],"wp:featuredmedia":[{"embeddable":true,"href":"https:\/\/www.europesays.com\/no\/wp-json\/wp\/v2\/media\/41479"}],"wp:attachment":[{"href":"https:\/\/www.europesays.com\/no\/wp-json\/wp\/v2\/media?parent=41478"}],"wp:term":[{"taxonomy":"category","embeddable":true,"href":"https:\/\/www.europesays.com\/no\/wp-json\/wp\/v2\/categories?post=41478"},{"taxonomy":"post_tag","embeddable":true,"href":"https:\/\/www.europesays.com\/no\/wp-json\/wp\/v2\/tags?post=41478"}],"curies":[{"name":"wp","href":"https:\/\/api.w.org\/{rel}","templated":true}]}}