{"id":41611,"date":"2025-09-22T00:41:09","date_gmt":"2025-09-22T00:41:09","guid":{"rendered":"https:\/\/www.europesays.com\/no\/41611\/"},"modified":"2025-09-22T00:41:09","modified_gmt":"2025-09-22T00:41:09","slug":"shaman-durek-i-ny-video-forsvarer-seg-mot-kritikk","status":"publish","type":"post","link":"https:\/\/www.europesays.com\/no\/41611\/","title":{"rendered":"Shaman Durek i ny video: Forsvarer seg mot kritikk"},"content":{"rendered":"\n<p class=\"_lead_ew2ao_2 _lead_xtcu6_50 layout-component text-serif-m layout-normal text-serif-l layout-component layout-wide layout-padded _wide_17hqh_1 layout-padded\">Prinsesse M\u00e4rthas ektemann avviser p\u00e5stander om at han ikke elsker sin svigerfamilie.<\/p>\n<p><img alt=\" Foto: Instagram \/ skjermdump\" class=\"_image_qp4xg_65 layout-component layout-wide\" data-fullscreen- data-track-element-type=\"Article image fullscreen\" data-track-name=\"ImageFullscreen\" fetchpriority=\"high\" decoding=\"sync\" loading=\"eager\" height=\"540\" itemprop=\"image\"  src=\"https:\/\/www.europesays.com\/no\/wp-content\/uploads\/2025\/09\/f6d2bf9c-87c3-44c2-a185-52084a8d63a3\"  style=\"object-position:0% 0%\" width=\"498\"\/> Foto: Instagram \/ skjermdump<\/p>\n<ul aria-hidden=\"true\" class=\"_images_1y6fe_106\">\n<li><a class=\"_link_1y6fe_111\" href=\"https:\/\/www.vg.no\/forfatter\/isak-loeve-pilskog-loe\" style=\"z-index:1\" title=\"Isak L\u00f8ve Pilskog Loe\" rel=\"nofollow noopener\" target=\"_blank\"><img alt=\"Bilde av Isak L\u00f8ve Pilskog Loe\" class=\"_image_1y6fe_88\" fetchpriority=\"low\" loading=\"lazy\" decoding=\"async\" itemprop=\"image\"  src=\"https:\/\/www.europesays.com\/no\/wp-content\/uploads\/2025\/09\/1758501669_75_8b0354e3-bf53-460c-9c1c-790321a0c923\"  width=\"480\"\/><\/a><\/li>\n<\/ul>\n<p> Oppdatert s\u00f8ndag 21. september kl. 23:57     <\/p>\n<p class=\"_paragraph_ew2ao_4 _paragraph_xtcu6_10 layout-component text-serif-m layout-normal text-serif-m layout-padded\">I en video publisert p\u00e5 Instagram rett f\u00f8r midnatt s\u00f8ndag, tar den amerikanske \u2013 selverkl\u00e6rte \u2013 sjamanen et oppgj\u00f8r med det han mener er feilaktige fremstillinger av forholdet hans til den norske kongefamilien.<\/p>\n<p class=\"_paragraph_ew2ao_4 _paragraph_xtcu6_10 layout-component text-serif-m layout-normal text-serif-m layout-padded\">Durek Verrett (50) g\u00e5r ut med en klar beskjed til pressen og offentligheten: Han elsker sin svigerfamilie og har stor respekt for dem.<\/p>\n<p class=\"_paragraph_ew2ao_4 _paragraph_xtcu6_10 layout-component text-serif-m layout-normal text-serif-m layout-padded\">\u2013 Jeg har h\u00f8rt mye i pressen hvor folk har denne ideen om at jeg ikke elsker mine svigerfamilie og at jeg ikke har stor respekt for min svigerfamilie, og det er bare ikke sant, sier Verrett i videoen.<\/p>\n<p class=\"_paragraph_ew2ao_4 _paragraph_xtcu6_10 layout-component text-serif-m layout-normal text-serif-m layout-padded\">Bakgrunnen for utspillet er blant annet dokumentaren \u00abRebel Royals\u00bb, hvor Verrett har uttalt seg om svigerfamilien og rasisme. N\u00e5 presiserer han hva han egentlig mente.<\/p>\n<p class=\"_paragraph_ew2ao_4 _paragraph_xtcu6_10 layout-component text-serif-m layout-normal text-serif-m layout-padded\">\u2013 I dokumentaren snakker jeg om at min svigerfamilie ikke forst\u00e5r rasisme, men det jeg mente er at de ikke forst\u00e5r hvilken p\u00e5virkning rasisme har p\u00e5 mitt liv etter \u00e5r med \u00e5 reise frem og tilbake til Norge, og p\u00e5 livene til fargede mennesker som bor i Norge, forklarer han.<\/p>\n<p> \u2013 R\u00f8rende<\/p>\n<p class=\"_paragraph_ew2ao_4 _paragraph_xtcu6_10 layout-component text-serif-m layout-normal text-serif-m layout-padded\">Samtidig roser han svigerfamilien for hvordan de har h\u00e5ndtert situasjonen.<\/p>\n<p class=\"_paragraph_ew2ao_4 _paragraph_xtcu6_10 layout-component text-serif-m layout-normal text-serif-m layout-padded\">\u2013 Jeg vil ogs\u00e5 p\u00e5peke hvor kraftfullt og r\u00f8rende det var for meg \u00e5 kunne se min svigerfamilie st\u00e5 opp og g\u00e5 ut i pressen og komme med en uttalelse mot rasisme og mot hvordan det p\u00e5virket mitt liv, sier Verrett.<\/p>\n<p class=\"_paragraph_ew2ao_4 _paragraph_xtcu6_10 layout-component text-serif-m layout-normal text-serif-m layout-padded\">Han beskriver det som \u00abenormt\u00bb at svigerfamilien tok opp samtalen med ham om rasisme, selv om de ikke trengte \u00e5 gj\u00f8re det.<\/p>\n<p class=\"_paragraph_ew2ao_4 _paragraph_xtcu6_10 layout-component text-serif-m layout-normal text-serif-m layout-padded\">\u2013 Det viser hvor progressiv denne familien er, sier han.<\/p>\n<p>\u2013 Normalt \u00e5 bli vurdert<\/p>\n<p class=\"_paragraph_ew2ao_4 _paragraph_xtcu6_10 layout-component text-serif-m layout-normal text-serif-m layout-padded\">Verrett adresserer ogs\u00e5 oppfatninger om hvordan han ble mottatt da han kom inn i kongefamilien.<\/p>\n<p class=\"_paragraph_ew2ao_4 _paragraph_xtcu6_10 layout-component text-serif-m layout-normal text-serif-m layout-padded\">\u2013 N\u00e5r jeg snakket om \u00e5 komme inn i familien og hvordan de s\u00e5 p\u00e5 meg, s\u00e5 er det normalt for alle som kommer inn i en familie for f\u00f8rste gang, fordi folk vil forsikre seg om at den personen er riktig for deres datter eller s\u00f8nn, forklarer han.<\/p>\n<p class=\"_paragraph_ew2ao_4 _paragraph_xtcu6_10 layout-component text-serif-m layout-normal text-serif-m layout-padded\">Verrett oppfordrer til \u00e5 fokusere p\u00e5 fakta fremfor spekulasjoner.<\/p>\n<p class=\"_paragraph_ew2ao_4 _paragraph_xtcu6_10 layout-component text-serif-m layout-normal text-serif-m layout-padded\">\u2013 Jeg synes det er viktig at vi slutter \u00e5 spre narrativer som ikke er ekte, som pressen fortsetter \u00e5 pr\u00f8ve \u00e5 skape, og begynner \u00e5 fokusere p\u00e5 fakta og sannheten, sier han.<\/p>\n<p class=\"_paragraph_ew2ao_4 _paragraph_xtcu6_10 layout-component text-serif-m layout-normal text-serif-m layout-padded\">\u2013 Sannheten er at jeg elsker min svigerfamilie, jeg vil det beste for dem og jeg setter pris p\u00e5 dem, og det er sant, avslutter Verrett i videoen.<\/p>\n<p>Les ogs\u00e5<\/p>\n","protected":false},"excerpt":{"rendered":"Prinsesse M\u00e4rthas ektemann avviser p\u00e5stander om at han ikke elsker sin svigerfamilie. Foto: Instagram \/ skjermdump Oppdatert s\u00f8ndag&hellip;\n","protected":false},"author":2,"featured_media":41612,"comment_status":"","ping_status":"","sticky":false,"template":"","format":"standard","meta":{"footnotes":""},"categories":[10],"tags":[20,21,2858,24,25,15,22,23,13,30,28,29,14,16,1221,26,27],"class_list":{"0":"post-41611","1":"post","2":"type-post","3":"status-publish","4":"format-standard","5":"has-post-thumbnail","7":"category-norge","8":"tag-breaking-news","9":"tag-breakingnews","10":"tag-durek-verrett","11":"tag-featured-news","12":"tag-featurednews","13":"tag-headlines","14":"tag-latest-news","15":"tag-latestnews","16":"tag-news","17":"tag-no","18":"tag-norge","19":"tag-norway","20":"tag-nyheter","21":"tag-overskrifter","22":"tag-prinsesse-martha-louise","23":"tag-top-stories","24":"tag-topstories"},"share_on_mastodon":{"url":"","error":""},"_links":{"self":[{"href":"https:\/\/www.europesays.com\/no\/wp-json\/wp\/v2\/posts\/41611","targetHints":{"allow":["GET"]}}],"collection":[{"href":"https:\/\/www.europesays.com\/no\/wp-json\/wp\/v2\/posts"}],"about":[{"href":"https:\/\/www.europesays.com\/no\/wp-json\/wp\/v2\/types\/post"}],"author":[{"embeddable":true,"href":"https:\/\/www.europesays.com\/no\/wp-json\/wp\/v2\/users\/2"}],"replies":[{"embeddable":true,"href":"https:\/\/www.europesays.com\/no\/wp-json\/wp\/v2\/comments?post=41611"}],"version-history":[{"count":0,"href":"https:\/\/www.europesays.com\/no\/wp-json\/wp\/v2\/posts\/41611\/revisions"}],"wp:featuredmedia":[{"embeddable":true,"href":"https:\/\/www.europesays.com\/no\/wp-json\/wp\/v2\/media\/41612"}],"wp:attachment":[{"href":"https:\/\/www.europesays.com\/no\/wp-json\/wp\/v2\/media?parent=41611"}],"wp:term":[{"taxonomy":"category","embeddable":true,"href":"https:\/\/www.europesays.com\/no\/wp-json\/wp\/v2\/categories?post=41611"},{"taxonomy":"post_tag","embeddable":true,"href":"https:\/\/www.europesays.com\/no\/wp-json\/wp\/v2\/tags?post=41611"}],"curies":[{"name":"wp","href":"https:\/\/api.w.org\/{rel}","templated":true}]}}