{"id":41613,"date":"2025-09-22T00:42:13","date_gmt":"2025-09-22T00:42:13","guid":{"rendered":"https:\/\/www.europesays.com\/no\/41613\/"},"modified":"2025-09-22T00:42:13","modified_gmt":"2025-09-22T00:42:13","slug":"dataangrep-forarsaker-kaos-pa-flyplasser-i-brussel-berlin-og-london","status":"publish","type":"post","link":"https:\/\/www.europesays.com\/no\/41613\/","title":{"rendered":"Dataangrep for\u00e5rsaker kaos p\u00e5 flyplasser i Brussel, Berlin og London"},"content":{"rendered":"<p>  Brussel lufthavn har bedt flyselskapene innstille halvparten av mandagens avganger fordi de tekniske problemene etter dataangrepet enn\u00e5 ikke er l\u00f8st.<\/p>\n<p>\n    Folk i innsjekkingsk\u00f8er p\u00e5 Brussel internasjonale lufthavn i Zaventem l\u00f8rdag. Foto: Harry Nakos \/ AP \/ NTB\n  <\/p>\n<p>Det var fredag at et dataangrep f\u00f8rte til store innsjekkingsproblemer b\u00e5de i Brussel, Berlin og London.<\/p>\n<p>Til sammen ble 29 ankomster og avganger innstilt l\u00f8rdag, mens mange andre flygninger ble en time forsinket. I Berlin var det lange k\u00f8er til innsjekk, if\u00f8lge flyplassens nettside.<\/p>\n<p>En talsperson for lufthavnen i Brussel sier s\u00f8ndag at selskapet som st\u00e5r bak innsjekkingssystemet, Collins Aerospace, sliter med \u00e5 f\u00e5 innsjekkingssystemet p\u00e5 beina igjen. Det har enn\u00e5 ikke greid \u00e5 f\u00e5 p\u00e5 plass en oppdatert versjon av programvaren som trengs for \u00e5 oppn\u00e5 full funksjonalitet, if\u00f8lge talspersonen.<\/p>\n<p>    <a itemprop=\"url\" href=\"https:\/\/sol.no\/nyheter\/trump-sier-han-vil-bidra-med-a-forsvare-polen-og-baltiske-land-hvis-russland-eskalerer\/83623696\" rel=\"nofollow noopener\" target=\"_blank\"><\/p>\n<p>      <img loading=\"lazy\" decoding=\"async\" src=\"https:\/\/www.europesays.com\/no\/wp-content\/uploads\/2025\/09\/83623733.webp\" width=\"980\" height=\"441\" title=\"Trump sier han vil forsvare Polen\" alt=\"\" class=\"lazyload\" style=\"--aspect-ratio-image: 2.22; \"\/><\/p>\n<p>        Trump sier han vil forsvare Polen\u00a0<\/p>\n<p>sol.no<\/p>\n<p>    <\/a><\/p>\n<p>Brussel lufthavn har allerede bedt flyselskapene om \u00e5 innstille halvparten av flygningene ved flyplassen s\u00f8ndag, og sier en i en uttalelse at de har noen indikasjoner p\u00e5 n\u00e5r problemene l\u00f8ses.<\/p>\n<p>Venter lange innsjekkingsk\u00f8er\t<\/p>\n<p>S\u00e5 langt er 44 avganger innstilt i Brussel, og flyplassen sier at de fortsatt venter lange innsjekkingsk\u00f8er og forsinkelser. Brandenburg lufthavn i Berlin ber reisende sjekke inn online eller med bruk av selvinnsjekkingsautomater.<\/p>\n<p>    <a itemprop=\"url\" href=\"https:\/\/sol.no\/nyheter\/store-om-russiske-nato-krenkelser-det-er-alvorlig\/83624505\" rel=\"nofollow noopener\" target=\"_blank\"><\/p>\n<p>      <img loading=\"lazy\" decoding=\"async\" src=\"https:\/\/www.europesays.com\/no\/wp-content\/uploads\/2025\/09\/83624512.webp\" width=\"980\" height=\"441\" title=\"St\u00f8re om russiske Nato-krenkelser: \u2013 Det er alvorlig\" alt=\"\" class=\"lazyload\" style=\"--aspect-ratio-image: 2.22; \"\/><\/p>\n<p>        St\u00f8re om russiske Nato-krenkelser: \u2013 Det er alvorlig<\/p>\n<p>sol.no<\/p>\n<p>    <\/a><\/p>\n<p>De tekniske problemene stammer fra et cyberangrep mot Collins Aerospace, et eksternt selskap som leverer automatiserte innsjekkings- og ombordstigningsl\u00f8sninger til flere flyplasser.<\/p>\n<p>Moderselskapet RTX sa i en uttalelse l\u00f8rdag at de jobber med \u00e5 rette opp feilen s\u00e5 fort som mulig.<\/p>\n<p>Samtlige av flyplassene oppfordrer reisende til \u00e5 kontakte flyselskapene om status p\u00e5 sine flygninger.<\/p>\n<p>Avinor ikke ber\u00f8rt\t<\/p>\n<p>Ingen av Avinors flyplasser i Norge er direkte ber\u00f8rt av problemene.<\/p>\n<p>\u2013 Avinor og v\u00e5re systemer er ikke ber\u00f8rt av dette utover at vi ser noen forsinkelser og kanselleringer p\u00e5 innkommende trafikk fra ber\u00f8rte flyplasser. Innsjekk fungerer som normalt ved alle v\u00e5re lufthavner, skrev pressevakt Carita Storm R\u00f8saasen i en melding til NTB l\u00f8rdag.<\/p>\n","protected":false},"excerpt":{"rendered":"Brussel lufthavn har bedt flyselskapene innstille halvparten av mandagens avganger fordi de tekniske problemene etter dataangrepet enn\u00e5 ikke&hellip;\n","protected":false},"author":2,"featured_media":41614,"comment_status":"","ping_status":"","sticky":false,"template":"","format":"standard","meta":{"footnotes":""},"categories":[5],"tags":[20,21,24,25,300,2582,15,19,6556,22,23,17,18,13,30,28,29,14,16,26,27],"class_list":{"0":"post-41613","1":"post","2":"type-post","3":"status-publish","4":"format-standard","5":"has-post-thumbnail","7":"category-overskrifter","8":"tag-breaking-news","9":"tag-breakingnews","10":"tag-featured-news","11":"tag-featurednews","12":"tag-fly","13":"tag-flyplass","14":"tag-headlines","15":"tag-hovedoppslag","16":"tag-innstillinger","17":"tag-latest-news","18":"tag-latestnews","19":"tag-main-news","20":"tag-mainnews","21":"tag-news","22":"tag-no","23":"tag-norge","24":"tag-norway","25":"tag-nyheter","26":"tag-overskrifter","27":"tag-top-stories","28":"tag-topstories"},"share_on_mastodon":{"url":"","error":""},"_links":{"self":[{"href":"https:\/\/www.europesays.com\/no\/wp-json\/wp\/v2\/posts\/41613","targetHints":{"allow":["GET"]}}],"collection":[{"href":"https:\/\/www.europesays.com\/no\/wp-json\/wp\/v2\/posts"}],"about":[{"href":"https:\/\/www.europesays.com\/no\/wp-json\/wp\/v2\/types\/post"}],"author":[{"embeddable":true,"href":"https:\/\/www.europesays.com\/no\/wp-json\/wp\/v2\/users\/2"}],"replies":[{"embeddable":true,"href":"https:\/\/www.europesays.com\/no\/wp-json\/wp\/v2\/comments?post=41613"}],"version-history":[{"count":0,"href":"https:\/\/www.europesays.com\/no\/wp-json\/wp\/v2\/posts\/41613\/revisions"}],"wp:featuredmedia":[{"embeddable":true,"href":"https:\/\/www.europesays.com\/no\/wp-json\/wp\/v2\/media\/41614"}],"wp:attachment":[{"href":"https:\/\/www.europesays.com\/no\/wp-json\/wp\/v2\/media?parent=41613"}],"wp:term":[{"taxonomy":"category","embeddable":true,"href":"https:\/\/www.europesays.com\/no\/wp-json\/wp\/v2\/categories?post=41613"},{"taxonomy":"post_tag","embeddable":true,"href":"https:\/\/www.europesays.com\/no\/wp-json\/wp\/v2\/tags?post=41613"}],"curies":[{"name":"wp","href":"https:\/\/api.w.org\/{rel}","templated":true}]}}