{"id":41615,"date":"2025-09-22T00:47:19","date_gmt":"2025-09-22T00:47:19","guid":{"rendered":"https:\/\/www.europesays.com\/no\/41615\/"},"modified":"2025-09-22T00:47:19","modified_gmt":"2025-09-22T00:47:19","slug":"storbritannia-canada-og-australia-anerkjenner-palestina-som-stat-nrk-urix-utenriksnyheter-og-dokumentarer-2","status":"publish","type":"post","link":"https:\/\/www.europesays.com\/no\/41615\/","title":{"rendered":"Storbritannia, Canada og Australia anerkjenner Palestina som stat \u2013 NRK Urix \u2013 Utenriksnyheter og -dokumentarer"},"content":{"rendered":"<p>Saken oppsummert: <\/p>\n<ul>\n<li>Storbritannia, Canada og Australia har anerkjent Palestina som stat. Flere europeiske land er ventet \u00e5 f\u00f8lge etter.<\/li>\n<li>Statsminister Keir Starmer begrunner avgj\u00f8relsen med h\u00e5p om fred og en tostatsl\u00f8sning.<\/li>\n<li>Anerkjennelsen skjer i forkant av FNs hovedforsamling og har skapt sterke reaksjoner fra Israel, som kaller det en \u00abbel\u00f8nning for terror\u00bb.<\/li>\n<li>Norge st\u00f8tter avgj\u00f8relsen og mener det er avgj\u00f8rende for \u00e5 l\u00f8se den langvarige konflikten.<\/li>\n<li>Anerkjennelsen ses som et viktig steg for \u00e5 skape fortgang i fredsforhandlingene og presse Israel til \u00e5 endre sin politikk.<\/li>\n<\/ul>\n<p>Oppsummeringen er laget av en KI-tjeneste fra OpenAI. Innholdet er kvalitetssikret av NRKs journalister f\u00f8r publisering.<\/p>\n<p><strong>\u2013 I dag, for \u00e5 vekke h\u00e5pet om fred for palestinere og israelere, og en tostatsl\u00f8sning, anerkjenner Storbritannia Palestina som stat.<\/strong><\/p>\n<p>Det sier statsminister Keir Starmer i en uttalelse s\u00f8ndag.<\/p>\n<p>    \u2190<\/p>\n<ul data-scroll-container=\"\" role=\"list\" aria-label=\"Bildegalleri\">\n<li><img alt=\"Husam Zomlot feirer mens han ser p\u00e5 en TV-sending\"  width=\"3840\" height=\"2560\" style=\"--_average-color:transparent\" loading=\"lazy\"\/>\n<p>Palestinas ambassad\u00f8r i Storbritannia, Husam Zomlot, feirer mens han ser p\u00e5 TV-sendingen av at Starmer formelt anerkjenner Palestina som stat.<\/p>\n<p> Foto: JUSTIN TALLIS \/ AFP \/ NTB <\/li>\n<li><img alt=\"Keir Starmer og Mahmoud Abbas poserer for et bilde\"  width=\"3840\" height=\"2564\" style=\"--_average-color:transparent\" loading=\"lazy\"\/>\n<p>Keir Starmer m\u00f8tte Palestinas president Mahmoud Abbas i London 8. september. <\/p>\n<p> Foto: JONATHAN BRADY \/ AFP \/ NTB <\/li>\n<\/ul>\n<p>\u2192<\/p>\n<p>Kunngj\u00f8ringen kommer dagen f\u00f8r h\u00f8yniv\u00e5uken i FNs hovedforsamling i New York finner sted.<\/p>\n<p>Storbritannia er dermed det andre G7-landet som formelt anerkjenner Palestina som stat.<\/p>\n<p>Canada kunngjorde anerkjennelse av Palestina tidligere s\u00f8ndag, omtrent samtidig som Australia.<\/p>\n<p>\u2013 Canada anerkjenner staten Palestina og tilbyr v\u00e5rt partnerskap i \u00e5 bygge et fredelig framtidsh\u00e5p for b\u00e5de staten Palestina og staten Israel, sier Canadas statsminister Mark Carney i en uttalelse.<\/p>\n<p>S\u00f8ndag kveld ble det klart at ogs\u00e5 Portugal formelt anerkjenner Palestina.<\/p>\n<p><img decoding=\"async\"   src=\"data:image\/gif;base64,R0lGODlhAQABAIAAAAAAAP\/\/\/yH5BAEAAAAALAAAAAABAAEAAAIBRAA7\" loading=\"eager\" alt=\"Carney st\u00e5r p\u00e5 et podium med en mikrofon foran flagg\" title=\"Foto: Amber Bracken \/ AP \/ NTB\"\/><\/p>\n<p class=\"\">Canada er det f\u00f8rste av G7-landene som anerkjenner Palestina som stat. Her statsminister Mark Carney tidligere i september.<\/p>\n<p>Foto: Amber Bracken \/ AP \/ NTB<\/p>\n<p>Netanyahu: \u2013 Det blir ingen palestinsk stat<\/p>\n<p>S\u00e6rlig Storbritannias anerkjennelse av Palestina har symbolsk tyngde. Storbritannia spilte en viktig rolle i opprettelsen av staten Israel etter andre verdenskrig og har lenge v\u00e6rt landets alliert.<\/p>\n<p>Starmer varslet anerkjennelse av Palestina i juli hvis ikke Israel tok \u00abvesentlige grep\u00bb for \u00e5 bedre situasjonen i Gaza, som \u00e5 inng\u00e5 v\u00e5penhvile p\u00e5 Gazastripen og forplikte seg til en langvarig fredsprosess som ville f\u00f8re til en tostatsl\u00f8sning.<\/p>\n<p>Israels statsminister Benjamin Netanyahu har kalt tiltaket \u00e5 \u00abbel\u00f8nne terror\u00bb, med henvisning til Hamas&#8217; terrorangrep 7. oktober 2023, der 1200 personer ble drept og 251 tatt som gisler.<\/p>\n<p><strong>\u2013 Det blir ingen palestinsk stat, sier Netanyahu s\u00f8ndag, if\u00f8lge Reuters.<\/strong><\/p>\n<p>Han sier videre at Israel vil fortsette \u00e5 utvide j\u00f8diske bosetninger p\u00e5 Vestbredden.<\/p>\n<p><img decoding=\"async\"   src=\"data:image\/gif;base64,R0lGODlhAQABAIAAAAAAAP\/\/\/yH5BAEAAAAALAAAAAABAAEAAAIBRAA7\" loading=\"eager\" alt=\"netanyahu holder opp et kart med overskriften \u00abDet nye Midt\u00f8sten\u00bb hvor Palestina ikke er synlig. \" title=\"Foto: Mary Altaffer \/ AP \/ NTB\"\/><\/p>\n<p class=\"\">Netanyahu holder opp et kart med tittelen \u00abDet nye Midt\u00f8sten\u00bb hvor Israels territorium dekker over Palestina under FN-toppm\u00f8tet 22. september 2023. <\/p>\n<p>Foto: Mary Altaffer \/ AP \/ NTB<\/p>\n<p>Utenriksdepartementet i Israel reagerer ogs\u00e5 skarpt s\u00f8ndag.<\/p>\n<p><strong>\u2013 Anerkjennelsen av en palestinsk stat fremmer ikke fred, men gj\u00f8r regionen enda mer ustabil og svekker sjansene for en fredelig l\u00f8sning i framtiden, sier utenriksdepartementet i Israel i en uttalelse.<\/strong><\/p>\n<p>Palestina roser avgj\u00f8relsen<\/p>\n<p>Siden Storbritannias signaler i juli har Israel innledet en bakkeinvasjon av Gaza by og drevet flere hundre tusen p\u00e5 flukt.<\/p>\n<p>    \u2190<\/p>\n<ul data-scroll-container=\"\" role=\"list\" aria-label=\"Bildegalleri\">\n<li><img alt=\"En lang konvoi av palestinere langs en strand. R\u00f8ykskyer stiger fra byen i bakgrunnen.\"  width=\"3840\" height=\"2559\" style=\"--_average-color:transparent\" loading=\"lazy\"\/>\n<p>Palestinere fra Gaza by flykter langs en kystvei i n\u00e6rheten av Nuseirat 19. september.<\/p>\n<p> Foto: EYAD BABA \/ AFP \/ NTB <\/li>\n<li><img alt=\"en stor r\u00f8yksky over Gaza\"  width=\"3840\" height=\"2561\" style=\"--_average-color:transparent\" loading=\"lazy\"\/>\n<p>En r\u00f8yksky stiger over Gaza s\u00f8ndag. <\/p>\n<p> Foto: Ohad Zwigenberg \/ AP \/ NTB <\/li>\n<li><img alt=\"en milit\u00e6r stridsvogn som kj\u00f8rer gjennom sand\"  width=\"3840\" height=\"2554\" style=\"--_average-color:transparent\" loading=\"lazy\"\/> Foto: Amir Cohen \/ Reuters \/ NTB <\/li>\n<\/ul>\n<p>\u2192<\/p>\n<p><strong>Nesten 80 prosent av bygningene i Gaza er lagt i grus og rundt 65.000 personer har blitt drept i Gaza i l\u00f8pet av den over 700 dager lange krigen.<\/strong><\/p>\n<p>President for selvstyremyndighetene i Palestina, Mahmoud Abbas, roser anerkjennelsen av Palestina som et n\u00f8dvendig steg mot en langvarig fred i regionen.<\/p>\n<p>\u2013 Hans eksellense roser Storbritannia sin anerkjennelse av den uavhengige staten Palestina og sl\u00e5r fast at dette er et viktig og n\u00f8dvendig steg mot \u00e5 oppn\u00e5 en rettferdig og verig fred i tr\u00e5d med internasjonal legitimitet, heter det i en uttalelse fra presidentkontoret.<\/p>\n<p>Mahmoud Abbas og 80 andre tjenestepersoner fra Palestina nektes visum til USA og f\u00e5r dermed ikke m\u00f8te i FNs hovedforsamling neste uke.<\/p>\n<p>    \u2190<\/p>\n<ul data-scroll-container=\"\" role=\"list\" aria-label=\"Bildegalleri\">\n<li><img alt=\"Abbas taler under et tidligere FN-m\u00f8te\"  width=\"3840\" height=\"2560\" style=\"--_average-color:transparent\" loading=\"lazy\"\/>\n<p>Palestinas representanter nektes visum til USA og vil ikke f\u00e5 m\u00f8te i FNs hovedforsamling. Her taler Abbas under toppm\u00f8tet i FN 26. september 2024.<\/p>\n<p> Foto: Frank Franklin II \/ AP \/ NTB <\/li>\n<li><img alt=\"Mahmoud Abbas i dress og slips p\u00e5 et podium\"  width=\"3840\" height=\"2560\" style=\"--_average-color:transparent\" loading=\"lazy\"\/>\n<p>Abbas p\u00e5 talerstolen i 2022.<\/p>\n<p> Foto: Julia Nikhinson \/ AP \/ NTB <\/li>\n<li><img alt=\"Abbas holder opp et kart over palestinske omr\u00e5der siden 2017 og reduserte omr\u00e5der fra 2020\"  width=\"3840\" height=\"2720\" style=\"--_average-color:transparent\" loading=\"lazy\"\/>\n<p>I 2020 holdt Abbas opp et kart over palestinske omr\u00e5der siden 1917 i forbindelse med Trumps plan for fred mellom Israel og Palestina.<\/p>\n<p> Foto: JOHANNES EISELE \/ AFP \/ NTB <\/li>\n<li><img alt=\"Abbas hilser p\u00e5 delegater fra Egypt\"  width=\"3840\" height=\"2497\" style=\"--_average-color:transparent\" loading=\"lazy\"\/>\n<p>Abbas og de palestinske representantene vil ikke f\u00e5 mulighet til \u00e5 m\u00f8te FN-delegatene i \u00e5r. Her hilser Abbas p\u00e5 delegater fra Egypt under FNs toppm\u00f8te i 2018. <\/p>\n<p> Foto: DON EMMERT \/ AFP \/ NTB <\/li>\n<li><img alt=\"Abbas taler p\u00e5 talerstolen til en fullsatt sal i FNs hovedkvarter\"  width=\"3840\" height=\"2512\" style=\"--_average-color:transparent\" loading=\"lazy\"\/>\n<p>Palestina har siden 2012 v\u00e6rt regnet som en \u00abobservat\u00f8rstat uten medlemskap\u00bb i FN. Her taler Abbas i 2012 da Palestinas status i FN ble hevet fra \u00abannen enhet\u00bb til landets n\u00e5v\u00e6rende observat\u00f8rstatus.<\/p>\n<p> Foto: CHIP EAST \/ Reuters \/ NTB <\/li>\n<\/ul>\n<p>\u2192<\/p>\n<p>St\u00f8re mener Norge viste vei<\/p>\n<p>I et intervju med NRK s\u00f8ndag snakker statsminister Jonas Gahr St\u00f8re (Ap) om betydningen av at flere store land n\u00e5 formelt anerkjenner Palestina som stat.<\/p>\n<p>\u2013 Aldri har det v\u00e6rt st\u00f8rre enighet om en anerkjennelse av Palestina, som en viktig brikke for \u00e5 f\u00e5 varig fred. Det trekker ogs\u00e5 mot en tostatsl\u00f8sning, at Israel og Palestina kan leve side om side i fred, sier St\u00f8re.<\/p>\n<p><img decoding=\"async\"   src=\"data:image\/gif;base64,R0lGODlhAQABAIAAAAAAAP\/\/\/yH5BAEAAAAALAAAAAABAAEAAAIBRAA7\" loading=\"eager\" alt=\"Jonas Gahr St\u00f8re prater i en togvogn\" title=\"Foto: Pontus H\u00f6\u00f6k \/ NTB\"\/><\/p>\n<p class=\"\">Jonas Gahr St\u00f8re er i USA i forbindelse med FNs toppm\u00f8te. Her p\u00e5 vei til ub\u00e5tbasen Naval Submarine Base New London i Connecticut med sjef for sj\u00f8forsvaret Oliver Berdal. <\/p>\n<p>Foto: Pontus H\u00f6\u00f6k \/ NTB<\/p>\n<p>Norge anerkjente Palestina som stat sammen med Irland, Spania i <a href=\"https:\/\/www.nrk.no\/urix\/noreg-anerkjenner-palestina-1.16891635\" ec-id=\"pp:1.16891635\" ec-name=\"mai i fjor.\" rel=\"nofollow noopener\" target=\"_blank\">mai i fjor.<\/a> Fra f\u00f8r har over 140 av verdens 193 land anerkjent Palestina som stat.<\/p>\n<p><strong>St\u00f8re mener Norges beslutning utgj\u00f8r en viktig bakgrunn for de landene som f\u00f8lger etter n\u00e5.<\/strong><\/p>\n<p>\u2013 Det at land som Storbritannia, Portugal og Canada n\u00e5 anerkjenner, det vil jeg, i all beskjedenhet, si viser at det Norge, Spania og Irland gjorde i mai i fjor har utl\u00f8st at ogs\u00e5 andre land gj\u00f8r dette. Budskapet er: Palestinerne har rett til \u00e5 bli behandlet som en enhet med rettigheter og plikter under FN-pakten, som andre land.<\/p>\n<p>Kartet viser land som anerkjenner Palestina. Landene i gult har tidligere anerkjent Palestina, mens landene i r\u00f8dt har anerkjent Palestina s\u00f8ndag 21. september eller ventes \u00e5 anerkjenne Palestina i forkant av FNs hovedforsamling mandag.<\/p>\n<p>Utenriksminister Espen Barth Eide er klar p\u00e5 at han mener anerkjennelse er et steg p\u00e5 veien til fred.<\/p>\n<p>\u2013 Dette er helt avgj\u00f8rende for \u00e5 l\u00f8se den underliggende konflikten. Det er ikke dette som stopper den akutte krigen i Gaza, men skal man ut av den mange ti \u00e5r lange konflikten m\u00e5 verdenssamfunnet trappe opp politikken, gj\u00f8re den tydeligere og v\u00e6re klar med Israel at dette g\u00e5r ikke lenger, sier Eide til NRK.<\/p>\n<p><img decoding=\"async\"   src=\"data:image\/gif;base64,R0lGODlhAQABAIAAAAAAAP\/\/\/yH5BAEAAAAALAAAAAABAAEAAAIBRAA7\" loading=\"eager\" alt=\"Espen Barth Eide, Muhammed Mustafa og flere sitter p\u00e5 et langbord med mikrofoner\" title=\"Foto: Heiko Junge \/ NTB\"\/><\/p>\n<p class=\"\">Utenriksminister Espen Barth Eide ved siden av Palestinas statsminister Muhammed Mustafa under et m\u00f8te i Den globale alliansen for implementeringen av tostatsl\u00f8sningen i Oslo r\u00e5dhus 15. januar. Over 80 land deltok p\u00e5 m\u00f8tet.<\/p>\n<p>Foto: Heiko Junge \/ NTB<\/p>\n<p>Flere land ventes \u00e5 f\u00f8lge etter<\/p>\n<p>Frankrike, Belgia og flere andre har varslet at de kommer til \u00e5 anerkjenne Palestina i forkant av FNs hovedforsamling mandag.<\/p>\n<p><strong>Grunnen til at Storbritannia \u2013 trolig Canada og Australia ogs\u00e5 \u2013 kunngj\u00f8r anerkjennelse s\u00f8ndag skal v\u00e6re fordi j\u00f8disk nytt\u00e5r, Rosh Hashanah, markeres mandag.<\/strong><\/p>\n<p>If\u00f8lge BBC har diplomater fortalt at de ikke ville st\u00f8te israelere med en s\u00e5 omstridt avgj\u00f8relse idet de markerer en helligdag.<\/p>\n<p><img decoding=\"async\"   src=\"data:image\/gif;base64,R0lGODlhAQABAIAAAAAAAP\/\/\/yH5BAEAAAAALAAAAAABAAEAAAIBRAA7\" loading=\"eager\" alt=\"Macron og Netanyahu h\u00e5ndhilser\" title=\"Foto: CHRISTOPHE ENA \/ AFP \/ NTB\"\/><\/p>\n<p class=\"\">Macron m\u00f8tte Netanyahu i Jerusalem i oktober 2023 for \u00e5 vise solidaritet med Israel og jobbe mot deeskalering og en tostatsl\u00f8sning. Siden har forholdet mellom lederne kj\u00f8lnet.<\/p>\n<p>Foto: CHRISTOPHE ENA \/ AFP \/ NTB<\/p>\n<p>Frankrike, som organiserer en egen konferanse under m\u00f8tet, har valgt \u00e5 st\u00e5 med mandag.<\/p>\n<p>En annen grunn skal v\u00e6re at Starmer ikke kommer til \u00e5 v\u00e6re til stede p\u00e5 FNs hovedforsamling neste uke, og at en kunngj\u00f8ring av et slikt kaliber burde offentliggj\u00f8res av statsministeren selv.<\/p>\n<p>\u2013 Ikke en bel\u00f8nning til Hamas<\/p>\n<p>Under Trumps statsbes\u00f8k til Storbritannia tidligere i uken markerte presidenten motstand mot Storbritannias varslede avgj\u00f8relse.<\/p>\n<p>\u2013 Jeg er uenig med statsministeren p\u00e5 dette punktet. En av v\u00e5re f\u00e5 uenigheter, faktisk, svarte Trump.<\/p>\n<p>USA er Israels n\u00e6rmeste allierte. Trump snakket i stedet om at Hamas m\u00e5 frigi de israelske gislene.<\/p>\n<p><img decoding=\"async\"   src=\"data:image\/gif;base64,R0lGODlhAQABAIAAAAAAAP\/\/\/yH5BAEAAAAALAAAAAABAAEAAAIBRAA7\" loading=\"eager\" alt=\"to menn i dress\" title=\"Foto: Leon Neal \/ Reuters \/ NTB\"\/><\/p>\n<p class=\"\">USAs president Donald Trump og Storbritannias statsminister Keir Starmer under en felles pressekonferanse p\u00e5 statsministerens landsted Chequers utenfor London torsdag. <\/p>\n<p>Foto: Leon Neal \/ Reuters \/ NTB<\/p>\n<p><strong>48 gisler er fortsatt i Hamas&#8217; varetekt. Israelsk etterretning ansl\u00e5r at kun 20 av dem fortsatt er i live.<\/strong><\/p>\n<p>Statsminister Starmer insisterer p\u00e5 at anerkjennelse av Palestina ikke er en bel\u00f8nning til Hamas.<\/p>\n<p>\u2013 La oss v\u00e6re \u00e6rlige, Hamas er en brutal terrororganisasjon. V\u00e5rt krav om en tostatsl\u00f8sning er den rake motsetningen av deres hatefulle visjon, sier Starmer og legger til:<\/p>\n<p>\u2013 Vi er klar p\u00e5 at denne avgj\u00f8relsen ikke er en bel\u00f8nning til Hamas, fordi det betyr at Hamas ikke vil ha en fremtid, ingen rolle i myndighetene, ingen rolle i sikkerhet.<\/p>\n<p>Publisert<\/p>\n<p>21.09.2025, kl. 15.21<\/p>\n<p>Oppdatert<\/p>\n<p>22.09.2025, kl. 00.41<\/p>\n","protected":false},"excerpt":{"rendered":"Saken oppsummert: Storbritannia, Canada og Australia har anerkjent Palestina som stat. Flere europeiske land er ventet \u00e5 f\u00f8lge&hellip;\n","protected":false},"author":2,"featured_media":41252,"comment_status":"","ping_status":"","sticky":false,"template":"","format":"standard","meta":{"footnotes":""},"categories":[12],"tags":[20,21,24,25,15,22,23,13,30,28,29,14,16,26,27,42,43,44,45],"class_list":{"0":"post-41615","1":"post","2":"type-post","3":"status-publish","4":"format-standard","5":"has-post-thumbnail","7":"category-verden","8":"tag-breaking-news","9":"tag-breakingnews","10":"tag-featured-news","11":"tag-featurednews","12":"tag-headlines","13":"tag-latest-news","14":"tag-latestnews","15":"tag-news","16":"tag-no","17":"tag-norge","18":"tag-norway","19":"tag-nyheter","20":"tag-overskrifter","21":"tag-top-stories","22":"tag-topstories","23":"tag-verden","24":"tag-world","25":"tag-world-news","26":"tag-worldnews"},"share_on_mastodon":{"url":"","error":""},"_links":{"self":[{"href":"https:\/\/www.europesays.com\/no\/wp-json\/wp\/v2\/posts\/41615","targetHints":{"allow":["GET"]}}],"collection":[{"href":"https:\/\/www.europesays.com\/no\/wp-json\/wp\/v2\/posts"}],"about":[{"href":"https:\/\/www.europesays.com\/no\/wp-json\/wp\/v2\/types\/post"}],"author":[{"embeddable":true,"href":"https:\/\/www.europesays.com\/no\/wp-json\/wp\/v2\/users\/2"}],"replies":[{"embeddable":true,"href":"https:\/\/www.europesays.com\/no\/wp-json\/wp\/v2\/comments?post=41615"}],"version-history":[{"count":0,"href":"https:\/\/www.europesays.com\/no\/wp-json\/wp\/v2\/posts\/41615\/revisions"}],"wp:featuredmedia":[{"embeddable":true,"href":"https:\/\/www.europesays.com\/no\/wp-json\/wp\/v2\/media\/41252"}],"wp:attachment":[{"href":"https:\/\/www.europesays.com\/no\/wp-json\/wp\/v2\/media?parent=41615"}],"wp:term":[{"taxonomy":"category","embeddable":true,"href":"https:\/\/www.europesays.com\/no\/wp-json\/wp\/v2\/categories?post=41615"},{"taxonomy":"post_tag","embeddable":true,"href":"https:\/\/www.europesays.com\/no\/wp-json\/wp\/v2\/tags?post=41615"}],"curies":[{"name":"wp","href":"https:\/\/api.w.org\/{rel}","templated":true}]}}