{"id":41630,"date":"2025-09-22T02:13:08","date_gmt":"2025-09-22T02:13:08","guid":{"rendered":"https:\/\/www.europesays.com\/no\/41630\/"},"modified":"2025-09-22T02:13:08","modified_gmt":"2025-09-22T02:13:08","slug":"enebolig-overtent-i-tvedestrand","status":"publish","type":"post","link":"https:\/\/www.europesays.com\/no\/41630\/","title":{"rendered":"Enebolig overtent i Tvedestrand"},"content":{"rendered":"\n<p class=\"_lead_ew2ao_2 _lead_xtcu6_50 layout-component text-serif-m layout-normal text-serif-l layout-component layout-wide layout-padded _wide_17hqh_1 layout-padded\">En person reddet seg ut av en brennende enebolig i Tvedestrand natt til mandag. Boligen var overtent f\u00f8r brannvesenet startet en kontrollert nedbrenning.<\/p>\n<ul aria-hidden=\"true\" class=\"_images_1y6fe_106\">\n<li><a class=\"_link_1y6fe_111\" href=\"https:\/\/www.vg.no\/forfatter\/ntb\" style=\"z-index:1\" title=\"NTB\" rel=\"nofollow noopener\" target=\"_blank\"><img alt=\"Bilde av NTB\" class=\"_image_1y6fe_88\" fetchpriority=\"low\" loading=\"lazy\" decoding=\"async\" itemprop=\"image\"  src=\"https:\/\/www.europesays.com\/no\/wp-content\/uploads\/2025\/09\/1758507188_725_c33980b0-5d07-4027-84a1-813f90a7c8d6\"  width=\"480\"\/><\/a><\/li>\n<\/ul>\n<p> Oppdatert mandag 22. september kl. 02:58     <\/p>\n<p class=\"_paragraph_ew2ao_4 _paragraph_xtcu6_10 layout-component text-serif-m layout-normal text-serif-m layout-padded\">N\u00f8detatene rykket ut like etter klokken 2 natt til mandag etter melding om brann i en enebolig i <a href=\"https:\/\/www.vg.no\/tag\/tvedestrand?utm_source=vg-article&amp;utm_medium=auto-tagger&amp;utm_campaign=3MrEJL\" class=\"_link_ew2ao_39\" rel=\"nofollow noopener\" target=\"_blank\">Tvedestrand<\/a>.<\/p>\n<p class=\"_paragraph_ew2ao_4 _paragraph_xtcu6_10 layout-component text-serif-m layout-normal text-serif-m layout-padded\">\u2013 Boligen er overtent. Det skal ikke v\u00e6re fare for spredning til andre bygg, opplyste operasjonsleder i Agder politidistrikt, Ronny Aateigen Andersen, p\u00e5 politiloggen.<\/p>\n<p class=\"_paragraph_ew2ao_4 _paragraph_xtcu6_10 layout-component text-serif-m layout-normal text-serif-m layout-padded\">Det skal bare ha v\u00e6rt \u00e9n person i boligen. Politiet opplyser at vedkommende kom seg ut selv og blir unders\u00f8kt av helsepersonell.<\/p>\n<p class=\"_paragraph_ew2ao_4 _paragraph_xtcu6_10 layout-component text-serif-m layout-normal text-serif-m layout-padded\">Politiet meldte om brannen klokken 2.09 natt til mandag. En dr\u00f8y halvtime senere opplyste politiet at brannvesenet ville gjennomf\u00f8re en kontrollert nedbrenning.<\/p>\n","protected":false},"excerpt":{"rendered":"En person reddet seg ut av en brennende enebolig i Tvedestrand natt til mandag. Boligen var overtent f\u00f8r&hellip;\n","protected":false},"author":2,"featured_media":41631,"comment_status":"","ping_status":"","sticky":false,"template":"","format":"standard","meta":{"footnotes":""},"categories":[10],"tags":[4686,20,21,24,25,15,22,23,13,30,28,29,14,16,26,27,1738],"class_list":{"0":"post-41630","1":"post","2":"type-post","3":"status-publish","4":"format-standard","5":"has-post-thumbnail","7":"category-norge","8":"tag-agder-politidistrikt","9":"tag-breaking-news","10":"tag-breakingnews","11":"tag-featured-news","12":"tag-featurednews","13":"tag-headlines","14":"tag-latest-news","15":"tag-latestnews","16":"tag-news","17":"tag-no","18":"tag-norge","19":"tag-norway","20":"tag-nyheter","21":"tag-overskrifter","22":"tag-top-stories","23":"tag-topstories","24":"tag-tvedestrand"},"share_on_mastodon":{"url":"","error":""},"_links":{"self":[{"href":"https:\/\/www.europesays.com\/no\/wp-json\/wp\/v2\/posts\/41630","targetHints":{"allow":["GET"]}}],"collection":[{"href":"https:\/\/www.europesays.com\/no\/wp-json\/wp\/v2\/posts"}],"about":[{"href":"https:\/\/www.europesays.com\/no\/wp-json\/wp\/v2\/types\/post"}],"author":[{"embeddable":true,"href":"https:\/\/www.europesays.com\/no\/wp-json\/wp\/v2\/users\/2"}],"replies":[{"embeddable":true,"href":"https:\/\/www.europesays.com\/no\/wp-json\/wp\/v2\/comments?post=41630"}],"version-history":[{"count":0,"href":"https:\/\/www.europesays.com\/no\/wp-json\/wp\/v2\/posts\/41630\/revisions"}],"wp:featuredmedia":[{"embeddable":true,"href":"https:\/\/www.europesays.com\/no\/wp-json\/wp\/v2\/media\/41631"}],"wp:attachment":[{"href":"https:\/\/www.europesays.com\/no\/wp-json\/wp\/v2\/media?parent=41630"}],"wp:term":[{"taxonomy":"category","embeddable":true,"href":"https:\/\/www.europesays.com\/no\/wp-json\/wp\/v2\/categories?post=41630"},{"taxonomy":"post_tag","embeddable":true,"href":"https:\/\/www.europesays.com\/no\/wp-json\/wp\/v2\/tags?post=41630"}],"curies":[{"name":"wp","href":"https:\/\/api.w.org\/{rel}","templated":true}]}}