{"id":41642,"date":"2025-09-22T02:43:21","date_gmt":"2025-09-22T02:43:21","guid":{"rendered":"https:\/\/www.europesays.com\/no\/41642\/"},"modified":"2025-09-22T02:43:21","modified_gmt":"2025-09-22T02:43:21","slug":"vm-sem-if-de-norske-stafettjentene-satte-ny-norsk-rekord-ble-nummer-seks-i-vm-finalen","status":"publish","type":"post","link":"https:\/\/www.europesays.com\/no\/41642\/","title":{"rendered":"VM, Sem IF | De norske stafettjentene satte ny norsk rekord \u2013 ble nummer seks i VM-finalen"},"content":{"rendered":"\n<p>Det norske stafettlaget for kvinner l\u00f8p inn til 6.-plass i finalen p\u00e5 4&#215;400 meter under friidretts-VM i Tokyo. De sikret imidlertid en ny bestenotering.<\/p>\n<p>Norge hadde identisk lag i finalen som i l\u00f8rdagens fors\u00f8k: Josefine Tomine Eriksen Aks, Amalie Iuel, Astri Ertzgaard og Henriette J\u00e6ger var de fire utvalgte.<\/p>\n<p>  <a href=\"https:\/\/www.tb.no\/5-76-2681927\" class=\"related-teaser has-image default-story-teaser article--c-eRUmMG article--c-eRUmMG-jKCPdD-design-default\" rel=\"nofollow noopener\" target=\"_blank\"><\/p>\n<p>    <img decoding=\"async\" loading=\"lazy\"  src=\"https:\/\/www.europesays.com\/no\/wp-content\/uploads\/2025\/09\/NTB_3H6xJTzxUJA.jpg\" alt=\"\" class=\"brick-c-cFOWSL\" style=\"\"\/><\/p>\n<p>\n            Les ogs\u00e5<\/p>\n<p>              Josefine (25) l\u00f8per for Sem i Tokyo: \u2013 Veldig stolte\n        <\/p>\n<p>  <\/a><\/p>\n<p>Norge var langt bak i medaljekampen, men klokket inn en ny norsk rekord for andre dag p\u00e5 rad. Rekordtiden er p\u00e5 3.23,71.<\/p>\n<p>De norske stafettjentene satte norsk rekord da de l\u00f8p p\u00e5 tiden 3.23,84 under l\u00f8rdagens fors\u00f8k. Den var en forbedring fra den tidligere rekorden p\u00e5 3.35,35.<\/p>\n<p>  <a href=\"https:\/\/www.tb.no\/5-76-2683091\" class=\"related-teaser has-image default-story-teaser article--c-eRUmMG article--c-eRUmMG-jKCPdD-design-default\" rel=\"nofollow noopener\" target=\"_blank\"><\/p>\n<p>    <img decoding=\"async\" loading=\"lazy\"  src=\"https:\/\/www.europesays.com\/no\/wp-content\/uploads\/2025\/09\/cueres_scp-mangler_navn_KVI4cHCHifk.jpg\" alt=\"\" class=\"brick-c-cFOWSL\" style=\"\"\/><\/p>\n<p>\n            Les ogs\u00e5<\/p>\n<p>              De norske stafettjentene satte norsk rekord \u2013 videre til VM-finale\n        <\/p>\n<p>  <\/a><\/p>\n","protected":false},"excerpt":{"rendered":"Det norske stafettlaget for kvinner l\u00f8p inn til 6.-plass i finalen p\u00e5 4&#215;400 meter under friidretts-VM i Tokyo.&hellip;\n","protected":false},"author":2,"featured_media":41196,"comment_status":"","ping_status":"","sticky":false,"template":"","format":"standard","meta":{"footnotes":""},"categories":[5],"tags":[36,20,21,24,25,15,19,22,23,17,18,13,30,28,29,14,16,6558,83,6559,1510,26,27,1871],"class_list":{"0":"post-41642","1":"post","2":"type-post","3":"status-publish","4":"format-standard","5":"has-post-thumbnail","7":"category-overskrifter","8":"tag-art","9":"tag-breaking-news","10":"tag-breakingnews","11":"tag-featured-news","12":"tag-featurednews","13":"tag-headlines","14":"tag-hovedoppslag","15":"tag-latest-news","16":"tag-latestnews","17":"tag-main-news","18":"tag-mainnews","19":"tag-news","20":"tag-no","21":"tag-norge","22":"tag-norway","23":"tag-nyheter","24":"tag-overskrifter","25":"tag-sem-if","26":"tag-sport","27":"tag-stafett","28":"tag-story","29":"tag-top-stories","30":"tag-topstories","31":"tag-vm"},"share_on_mastodon":{"url":"","error":""},"_links":{"self":[{"href":"https:\/\/www.europesays.com\/no\/wp-json\/wp\/v2\/posts\/41642","targetHints":{"allow":["GET"]}}],"collection":[{"href":"https:\/\/www.europesays.com\/no\/wp-json\/wp\/v2\/posts"}],"about":[{"href":"https:\/\/www.europesays.com\/no\/wp-json\/wp\/v2\/types\/post"}],"author":[{"embeddable":true,"href":"https:\/\/www.europesays.com\/no\/wp-json\/wp\/v2\/users\/2"}],"replies":[{"embeddable":true,"href":"https:\/\/www.europesays.com\/no\/wp-json\/wp\/v2\/comments?post=41642"}],"version-history":[{"count":0,"href":"https:\/\/www.europesays.com\/no\/wp-json\/wp\/v2\/posts\/41642\/revisions"}],"wp:featuredmedia":[{"embeddable":true,"href":"https:\/\/www.europesays.com\/no\/wp-json\/wp\/v2\/media\/41196"}],"wp:attachment":[{"href":"https:\/\/www.europesays.com\/no\/wp-json\/wp\/v2\/media?parent=41642"}],"wp:term":[{"taxonomy":"category","embeddable":true,"href":"https:\/\/www.europesays.com\/no\/wp-json\/wp\/v2\/categories?post=41642"},{"taxonomy":"post_tag","embeddable":true,"href":"https:\/\/www.europesays.com\/no\/wp-json\/wp\/v2\/tags?post=41642"}],"curies":[{"name":"wp","href":"https:\/\/api.w.org\/{rel}","templated":true}]}}