{"id":41649,"date":"2025-09-22T03:41:08","date_gmt":"2025-09-22T03:41:08","guid":{"rendered":"https:\/\/www.europesays.com\/no\/41649\/"},"modified":"2025-09-22T03:41:08","modified_gmt":"2025-09-22T03:41:08","slug":"russisk-militaerfly-over-ostersjoen-utloste-alarm-igjen","status":"publish","type":"post","link":"https:\/\/www.europesays.com\/no\/41649\/","title":{"rendered":"Russisk milit\u00e6rfly over \u00d8stersj\u00f8en utl\u00f8ste alarm \u2013 igjen"},"content":{"rendered":"\n<p class=\"_lead_ew2ao_2 _lead_xtcu6_50 layout-component text-serif-m layout-normal text-serif-l layout-component layout-wide layout-padded _wide_17hqh_1 layout-padded\">Tyske jagerfly avskar russisk fly uten radiokontakt over \u00d8stersj\u00f8en. Hendelsen skjedde samme dag som FNs sikkerhetsr\u00e5d holder krisem\u00f8te.<\/p>\n<p><img alt=\"Et russisk IL-20M rekognoseringsfly, samme type som nylig utl\u00f8ste NATO-alarm over \u00d8stersj\u00f8en. Foto: NIKITA SHCHYUKIN \/ AFP \/ NTB\" class=\"_image_qp4xg_65 layout-component layout-wide\" data-fullscreen- data-track-element-type=\"Article image fullscreen\" data-track-name=\"ImageFullscreen\" fetchpriority=\"high\" decoding=\"sync\" loading=\"eager\" height=\"2400\" itemprop=\"image\"  src=\"https:\/\/www.europesays.com\/no\/wp-content\/uploads\/2025\/09\/f8a1e63a-6e02-4f7c-a2d2-d9729d584137\"  style=\"object-position:0% 0%\" width=\"3600\"\/>Et russisk IL-20M rekognoseringsfly, samme type som nylig utl\u00f8ste NATO-alarm over \u00d8stersj\u00f8en. Foto: NIKITA SHCHYUKIN \/ AFP \/ NTB<\/p>\n<ul aria-hidden=\"true\" class=\"_images_1y6fe_106\">\n<li><a class=\"_link_1y6fe_111\" href=\"https:\/\/www.vg.no\/forfatter\/isak-loeve-pilskog-loe\" style=\"z-index:1\" title=\"Isak L\u00f8ve Pilskog Loe\" rel=\"nofollow noopener\" target=\"_blank\"><img alt=\"Bilde av Isak L\u00f8ve Pilskog Loe\" class=\"_image_1y6fe_88\" fetchpriority=\"low\" loading=\"lazy\" decoding=\"async\" itemprop=\"image\"  src=\"https:\/\/www.europesays.com\/no\/wp-content\/uploads\/2025\/09\/1758512468_352_8b0354e3-bf53-460c-9c1c-790321a0c923\"  width=\"480\"\/><\/a><\/li>\n<\/ul>\n<p> Oppdatert mandag 22. september kl. 05:04     <\/p>\n<p class=\"_paragraph_ew2ao_4 _paragraph_xtcu6_10 layout-component text-serif-m layout-normal text-serif-m layout-padded\">Situasjonen i \u00d8stersj\u00f8en tilspisser seg. N\u00e5 har ogs\u00e5 Tyskland m\u00e5ttet sende opp jagerfly for \u00e5 avskj\u00e6re et russisk milit\u00e6rfly som fl\u00f8y uten radiokontakt over internasjonalt farvann.<\/p>\n<p class=\"_paragraph_ew2ao_4 _paragraph_xtcu6_10 layout-component text-serif-m layout-normal text-serif-m layout-padded\">To tyske Eurofighter-fly ble sendt opp fra flybasen Rostock-Laage for \u00e5 identifisere det ukjente luftfart\u00f8yet, melder<a href=\"https:\/\/www.spiegel.de\/ausland\/ostsee-russisches-militaerflugzeug-loest-alarmstart-von-eurofightern-aus-a-178ec37b-61dc-48b4-805e-d3cb382dd2c4\" class=\"_link_ew2ao_39\" rel=\"nofollow noopener\" target=\"_blank\"> Der Spiegel<\/a>, som siterer tysk luftforsvar. <\/p>\n<p class=\"_paragraph_ew2ao_4 _paragraph_xtcu6_10 layout-component text-serif-m layout-normal text-serif-m layout-padded\">Det viste seg \u00e5 v\u00e6re et russisk overv\u00e5kningsfly av typen Il-20M.<\/p>\n<p class=\"_paragraph_ew2ao_4 _paragraph_xtcu6_10 layout-component text-serif-m layout-normal text-serif-m layout-padded\">Hendelsen skjer timer f\u00f8r FNs sikkerhetsr\u00e5d innkaller til krisem\u00f8te mandag. R\u00e5det skal if\u00f8lge Estland dr\u00f8fte det landet omtaler som russiske brudd p\u00e5 estisk luftrom over Finskebukta.<\/p>\n<p class=\"_paragraph_ew2ao_4 _paragraph_xtcu6_10 layout-component text-serif-m layout-normal text-serif-m layout-padded\"><strong class=\"_strong_ew2ao_25\">R\u00e5dets program for mandag har bare ett punkt: \u00abTrusler mot internasjonal fred og sikkerhet\u00bb.<\/strong><\/p>\n<p>Medlemmer av sikkerhetsr\u00e5det<\/p>\n<p class=\"_paragraph_ew2ao_4 _paragraph_xtcu6_10 _paragraph_16v91_10 layout-component text-serif-m layout-normal text-sans-m layout-padded\">Fem land er permanente medlemmer i sikkerhetsr\u00e5det: USA, Kina, Frankrike, Russland og Storbritannia. <\/p>\n<p class=\"_paragraph_ew2ao_4 _paragraph_xtcu6_10 _paragraph_16v91_10 layout-component text-serif-m layout-normal text-sans-m layout-padded\">Ogs\u00e5 ti ikke-permanente medlemmer: Algerie, Danmark, Hellas, Guyana, Pakistan, Panama, S\u00f8r-Korea, Sierra Leone, Slovenia og Somalia.<\/p>\n<p>Vis merNye artikkel 4-konsultasjoner<\/p>\n<p class=\"_paragraph_ew2ao_4 _paragraph_xtcu6_10 layout-component text-serif-m layout-normal text-serif-m layout-padded\">Fredag ba Estland om <a href=\"https:\/\/www.vg.no\/tag\/nato?utm_source=vg-article&amp;utm_medium=auto-tagger&amp;utm_campaign=lwB33e\" class=\"_link_ew2ao_39\" rel=\"nofollow noopener\" target=\"_blank\">NATO<\/a>-m\u00f8te etter at tre russiske MiG-31 jagerfly skal ha krenket landets luftrom i tolv minutter. Krenkelsen var uvanlig lang, og Margus Tsahkna, Estlands utenriksminister, kalte det for et \u00abhistorisk og frekt inngrep\u00bb: <\/p>\n<p class=\"_paragraph_ew2ao_4 _paragraph_xtcu6_10 layout-component text-serif-m layout-normal text-serif-m layout-padded\">\u2013 Et klart bevis p\u00e5 Russlands \u00f8kende aggresjon, sa Tsahkna videre.<\/p>\n<p><img alt=\"Margus Tsahkna, Estlands utenriksminister.  Foto: MICHAL CIZEK \/ AFP \/ NTB\" class=\"_image_qp4xg_65 layout-component layout-normal\" data-fullscreen- data-track-element-type=\"Article image fullscreen\" data-track-name=\"ImageFullscreen\" decoding=\"async\" loading=\"lazy\" height=\"3160\" itemprop=\"image\"  src=\"https:\/\/www.europesays.com\/no\/wp-content\/uploads\/2025\/09\/9457d17b-093c-4e6b-8643-1f9631a8137b\"  style=\"object-position:0% 0%\" width=\"4739\"\/>Margus Tsahkna, Estlands utenriksminister.  Foto: MICHAL CIZEK \/ AFP \/ NTB<\/p>\n<p class=\"_paragraph_ew2ao_4 _paragraph_xtcu6_10 layout-component text-serif-m layout-normal text-serif-m layout-padded\">Russland har avvist at de krenket estisk luftrom og hevdet at flyene holdt seg over n\u00f8ytralt farvann p\u00e5 vei til den russiske enklaven Kaliningrad.<\/p>\n<p class=\"_paragraph_ew2ao_4 _paragraph_xtcu6_10 layout-component text-serif-m layout-normal text-serif-m layout-padded\">Estland har bedt om et s\u00e5kalt artikkel 4-m\u00f8te i Nato. Under <a href=\"https:\/\/www.nato.int\/cps\/en\/natohq\/topics_49187.htm\" class=\"_link_ew2ao_39\" rel=\"nofollow noopener\" target=\"_blank\">NATOs artikkel 4<\/a> kan medlemsland be om konsultasjoner n\u00e5r de mener deres territorielle integritet, politiske uavhengighet eller sikkerhet er truet. Siden alliansens opprettelse i 1949 har artikkel 4 blitt aktivert \u00e5tte ganger.<\/p>\n<p class=\"_paragraph_ew2ao_4 _paragraph_xtcu6_10 layout-component text-serif-m layout-normal text-serif-m layout-padded\">Tidligere i september ba ogs\u00e5 Polen om <a href=\"https:\/\/www.nato.int\/cps\/en\/natohq\/opinions_237559.htm?selectedLocale=en\" class=\"_link_ew2ao_39\" rel=\"nofollow noopener\" target=\"_blank\">artikkel 4-konsultasjoner<\/a> etter at 19 russiske droner skal ha krenket polsk luftrom.<\/p>\n<p>\u2013 Putin tester Vestens vilje<\/p>\n<p class=\"_paragraph_ew2ao_4 _paragraph_xtcu6_10 layout-component text-serif-m layout-normal text-serif-m layout-padded\">Norges utenriksminister Espen Barth Eide har omtalt de russiske handlingene for \u00abalvorlige og uakseptable\u00bb. Regjeringen anser handlingene som et brudd p\u00e5 internasjonal rett, og Eide kaller det for en \u00abdirekte trussel mot sikkerheten i v\u00e5r region\u00bb. <\/p>\n<p class=\"_paragraph_ew2ao_4 _paragraph_xtcu6_10 layout-component text-serif-m layout-normal text-serif-m layout-padded\">EUs utenrikssjef, Kaja Kallas, advarte om at Putin tester Vestens vilje, mens Tysklands generalinspekt\u00f8r Carsten Breuer uttalte at Kremls form\u00e5l er \u00e5 observere hvordan NATO reagerer p\u00e5 luftromskrenkelsene.<\/p>\n<p class=\"_paragraph_ew2ao_4 _paragraph_xtcu6_10 layout-component text-serif-m layout-normal text-serif-m layout-padded\"><strong class=\"_strong_ew2ao_25\">\u2013 Uansett om det var med vilje eller et uhell: Putin vil f\u00f8lge n\u00f8ye med p\u00e5 v\u00e5r reaksjon, sier Breuer, sitert av Der Spiegel.<\/strong><\/p>\n<p>Trump lover st\u00f8tte<\/p>\n<p class=\"_paragraph_ew2ao_4 _paragraph_xtcu6_10 layout-component text-serif-m layout-normal text-serif-m layout-padded\">USAs president Donald Trump har forsikret at han vil bidra til \u00e5 forsvare Polen og de baltiske landene hvis Russland eskalerer situasjonen ytterligere.<\/p>\n<p class=\"_paragraph_ew2ao_4 _paragraph_xtcu6_10 layout-component text-serif-m layout-normal text-serif-m layout-padded\">NATO har startet operasjonen \u00ab<a href=\"https:\/\/shape.nato.int\/news-releases\/eastern-sentry-to-enhance-natos-presence-along-its-eastern-flank\" class=\"_link_ew2ao_39\" rel=\"nofollow noopener\" target=\"_blank\">Eastern Sentry<\/a>\u00bb for \u00e5 styrke beskyttelsen av alliansens \u00f8stflanke med luftforsvar og overv\u00e5kning. F\u00f8rsteamanuensis Lars Peder Haga ved Luftkrigsskolen har tidligere p\u00e5pekt at det er p\u00e5fallende at krenkelsene skjer samtidig i flere land.<\/p>\n<p class=\"_paragraph_ew2ao_4 _paragraph_xtcu6_10 layout-component text-serif-m layout-normal text-serif-m layout-padded\">\u2013 Det er veldig p\u00e5fallende at dette skjer samtidig, og krenkelsen av estisk luftrom var uvanlig langvarig. Det er rimelig \u00e5 lure p\u00e5 om dette er en tilsiktet maktdemonstrasjon, sa han til <a href=\"https:\/\/www.vg.no\/nyheter\/i\/XjPwbg\/estland-sier-deres-luftrom-er-krenket-av-russiske-kampfly\" data-track-element-type=\"Link\" data-track-id=\"link:XjPwbg\" class=\"_link_ew2ao_39\" rel=\"nofollow noopener\" target=\"_blank\">VG<\/a>.<\/p>\n","protected":false},"excerpt":{"rendered":"Tyske jagerfly avskar russisk fly uten radiokontakt over \u00d8stersj\u00f8en. Hendelsen skjedde samme dag som FNs sikkerhetsr\u00e5d holder krisem\u00f8te.&hellip;\n","protected":false},"author":2,"featured_media":41650,"comment_status":"","ping_status":"","sticky":false,"template":"","format":"standard","meta":{"footnotes":""},"categories":[5],"tags":[20,21,24,25,6184,15,19,22,23,17,18,233,13,30,28,29,14,16,1256,188,26,27],"class_list":{"0":"post-41649","1":"post","2":"type-post","3":"status-publish","4":"format-standard","5":"has-post-thumbnail","7":"category-overskrifter","8":"tag-breaking-news","9":"tag-breakingnews","10":"tag-featured-news","11":"tag-featurednews","12":"tag-fns-sikkerhetsrad","13":"tag-headlines","14":"tag-hovedoppslag","15":"tag-latest-news","16":"tag-latestnews","17":"tag-main-news","18":"tag-mainnews","19":"tag-nato","20":"tag-news","21":"tag-no","22":"tag-norge","23":"tag-norway","24":"tag-nyheter","25":"tag-overskrifter","26":"tag-ostersjoen","27":"tag-russland","28":"tag-top-stories","29":"tag-topstories"},"share_on_mastodon":{"url":"","error":""},"_links":{"self":[{"href":"https:\/\/www.europesays.com\/no\/wp-json\/wp\/v2\/posts\/41649","targetHints":{"allow":["GET"]}}],"collection":[{"href":"https:\/\/www.europesays.com\/no\/wp-json\/wp\/v2\/posts"}],"about":[{"href":"https:\/\/www.europesays.com\/no\/wp-json\/wp\/v2\/types\/post"}],"author":[{"embeddable":true,"href":"https:\/\/www.europesays.com\/no\/wp-json\/wp\/v2\/users\/2"}],"replies":[{"embeddable":true,"href":"https:\/\/www.europesays.com\/no\/wp-json\/wp\/v2\/comments?post=41649"}],"version-history":[{"count":0,"href":"https:\/\/www.europesays.com\/no\/wp-json\/wp\/v2\/posts\/41649\/revisions"}],"wp:featuredmedia":[{"embeddable":true,"href":"https:\/\/www.europesays.com\/no\/wp-json\/wp\/v2\/media\/41650"}],"wp:attachment":[{"href":"https:\/\/www.europesays.com\/no\/wp-json\/wp\/v2\/media?parent=41649"}],"wp:term":[{"taxonomy":"category","embeddable":true,"href":"https:\/\/www.europesays.com\/no\/wp-json\/wp\/v2\/categories?post=41649"},{"taxonomy":"post_tag","embeddable":true,"href":"https:\/\/www.europesays.com\/no\/wp-json\/wp\/v2\/tags?post=41649"}],"curies":[{"name":"wp","href":"https:\/\/api.w.org\/{rel}","templated":true}]}}