{"id":41651,"date":"2025-09-22T03:48:08","date_gmt":"2025-09-22T03:48:08","guid":{"rendered":"https:\/\/www.europesays.com\/no\/41651\/"},"modified":"2025-09-22T03:48:08","modified_gmt":"2025-09-22T03:48:08","slug":"donald-trump-taler-pa-charlie-kirks-minnestund-sondag-kveld","status":"publish","type":"post","link":"https:\/\/www.europesays.com\/no\/41651\/","title":{"rendered":"Donald Trump taler p\u00e5 Charlie Kirks minnestund s\u00f8ndag kveld"},"content":{"rendered":"<p class=\"extendedContent hyperion-css-eyn926\" data-test-tag=\"lead-text\">Flere titalls tusen deltar p\u00e5 minnestunden for den kontroversielle konservative kristenaktivisten som ble drept forrige uke.<\/p>\n<p><img decoding=\"async\" class=\"image-asset hyperion-css-u06ts1\" data-test-tag=\"image-asset\" src=\"https:\/\/www.europesays.com\/no\/wp-content\/uploads\/2025\/09\/f3c4e664-7ba0-41a0-9e47-e4dc9f3e5984\"  alt=\"Det er Kirks egen organisasjon Turning Point USA som arrangerer minnestunden.\"  loading=\"eager\" fetchpriority=\"high\" style=\"aspect-ratio:2048 \/ 1365\"\/>Det er Kirks egen organisasjon Turning Point USA som arrangerer minnestunden. Foto: John Locher \/ AP \/ NTB<\/p>\n<p>Publisert: 21.09.2025 19:42 |\u00a0Oppdatert: 22.09.2025 00:52<\/p>\n<p class=\"paywall hyperion-css-1j42uic\">Attentatet p\u00e5 Charlie Kirk i Utah den 10. september har satt full fyr p\u00e5 debatter om b\u00e5de politisk vold, ytringsfrihet og anstendighet i USA. Det har ogs\u00e5 f\u00f8rt til frykt for at Trump skal bruke raseriet etter drapet til \u00e5 g\u00e5 etter kritikere og politiske motstandere.<\/p>\n<p class=\"paywall hyperion-css-1j42uic\">Det er satt inn h\u00f8y sikkerhetsberedskap rundt minnestunden som finner sted p\u00e5 State Farm Stadium i Glendale, Arizona. Minnestunden har f\u00e5tt Special Event Assessment Rating (SEAR) niv\u00e5 1. Det betyr at arrangementet f\u00e5r samme sikkerhetsniv\u00e5 som for eksempel Super Bowl og Boston Maraton.<\/p>\n<p class=\"paywall hyperion-css-1j42uic\">Lokale myndigheter har sagt at de ikke blir overrasket om mer enn 100.000 personer deltar p\u00e5 markeringen.<\/p>\n<p>1 av 6Foto: CAITLIN O`HARA \/ Reuters \/ NTB<\/p>\n<p class=\"paywall hyperion-css-1j42uic\">I forkant har Trump gitt sine lovord til den kontroversielle, konservative kristenaktivisten og sagt at han ser frem til minnestunden.<\/p>\n<p class=\"paywall hyperion-css-1j42uic\">\u2013 Vi vil se p\u00e5 dette som en tid for helbredelse, en tid for \u00abwhatever\u00bb. At noe slikt kunne skje er utrolig, sa han til <a aria-label=\"ABC News\" class=\"default hyperion-css-1raymq9\" href=\"https:\/\/abcnews.go.com\/US\/live-updates\/charlie-kirk-memorial-updates-tens-thousands-mourners-expected\/?id=125781004\" target=\"_blank\" rel=\"noopener nofollow noreferrer\" data-test-tag=\"external-link\">ABC News<\/a> f\u00f8r han steg om bord p\u00e5 Marine OneMarine OneMarine One er navnet som gis til et hvert av den amerikanske marinens luftfart\u00f8y som frakter presidenten..<\/p>\n<p class=\"paywall hyperion-css-1j42uic\">Det gikk et brus gjennom publikum da Trump hilste p\u00e5 de mange deltagerne like f\u00f8r 22 norsk tid.<\/p>\n<p class=\"paywall hyperion-css-1j42uic\">Elon Musk dukket etter hvert opp sittende ved president Trumps side, bak skuddsikkert glass. Trump og Musk var tidligere i sommer <a data-test-tag=\"internal-link\" href=\"https:\/\/www.aftenposten.no\/verden\/i\/AvnyAx\/trump-om-musk-til-abc-mener-du-mannen-som-er-gaatt-fra-vettet\" class=\"hyperion-css-1raymq9\" rel=\"nofollow noopener\" target=\"\" aria-label=\"ikke p\u00e5 talefot\">ikke p\u00e5 talefot<\/a>.<\/p>\n<p class=\"paywall hyperion-css-1j42uic\">Etteretningsdirekt\u00f8r Tulsi Gabbard, utenriksminister Marco Rubio, forsvarsminister Pete Hegseth og helseminister Robert F. Kennedy jr. har holdt taler n\u00e5r klokken er litt over 23 norsk tid. Etter Kennedy snakket presidentens s\u00f8nn, Donald Trump jr. Presidents\u00f8nnen tok med seg Charlie Kirk da han gjorde et <a data-test-tag=\"internal-link\" href=\"https:\/\/www.aftenposten.no\/verden\/i\/4B02bG\/trump-besoeket-paa-groenland-en-perfekt-iscenesettelse-mener-forsker-les-hele-saken-her\" class=\"hyperion-css-1raymq9\" rel=\"nofollow noopener\" target=\"\" aria-label=\"omstridt bes\u00f8k p\u00e5 Gr\u00f8nland\">omstridt bes\u00f8k p\u00e5 Gr\u00f8nland<\/a> i januar i \u00e5r. Visepresident J. D. Vance holdt s\u00e5 en lang tale.<br \/>Erika Kirk, Charlie Kirks enke, ble m\u00f8tt med langvarig jubel fra folkemengden da hun inntok scenen like f\u00f8r midnatt norsk tid.<br \/>Det er ventet at president Donald Trump skal tale etter henne. <\/p>\n<p class=\"paywall hyperion-css-1j42uic\">Trump har lagt skylden p\u00e5 det radikale venstre for Kirks d\u00f8d og truet med \u00e5 g\u00e5 etter liberale organisasjoner og givere, samt andre han mener feirer Kirks d\u00f8d.<\/p>\n<p class=\"paywall hyperion-css-1j42uic\">Han har kritisert Demokratene i Representantenes hus for \u00e5 stemme mot en resolusjon som hyllet \u00ablivet til og arven\u00bb etter Kirk, som ble vedtatt av det republikanske flertallet fredag.<\/p>\n","protected":false},"excerpt":{"rendered":"Flere titalls tusen deltar p\u00e5 minnestunden for den kontroversielle konservative kristenaktivisten som ble drept forrige uke. Det er&hellip;\n","protected":false},"author":2,"featured_media":41652,"comment_status":"","ping_status":"","sticky":false,"template":"","format":"standard","meta":{"footnotes":""},"categories":[5],"tags":[20,21,24,25,15,19,22,23,17,18,13,30,28,29,14,16,26,27],"class_list":{"0":"post-41651","1":"post","2":"type-post","3":"status-publish","4":"format-standard","5":"has-post-thumbnail","7":"category-overskrifter","8":"tag-breaking-news","9":"tag-breakingnews","10":"tag-featured-news","11":"tag-featurednews","12":"tag-headlines","13":"tag-hovedoppslag","14":"tag-latest-news","15":"tag-latestnews","16":"tag-main-news","17":"tag-mainnews","18":"tag-news","19":"tag-no","20":"tag-norge","21":"tag-norway","22":"tag-nyheter","23":"tag-overskrifter","24":"tag-top-stories","25":"tag-topstories"},"share_on_mastodon":{"url":"","error":""},"_links":{"self":[{"href":"https:\/\/www.europesays.com\/no\/wp-json\/wp\/v2\/posts\/41651","targetHints":{"allow":["GET"]}}],"collection":[{"href":"https:\/\/www.europesays.com\/no\/wp-json\/wp\/v2\/posts"}],"about":[{"href":"https:\/\/www.europesays.com\/no\/wp-json\/wp\/v2\/types\/post"}],"author":[{"embeddable":true,"href":"https:\/\/www.europesays.com\/no\/wp-json\/wp\/v2\/users\/2"}],"replies":[{"embeddable":true,"href":"https:\/\/www.europesays.com\/no\/wp-json\/wp\/v2\/comments?post=41651"}],"version-history":[{"count":0,"href":"https:\/\/www.europesays.com\/no\/wp-json\/wp\/v2\/posts\/41651\/revisions"}],"wp:featuredmedia":[{"embeddable":true,"href":"https:\/\/www.europesays.com\/no\/wp-json\/wp\/v2\/media\/41652"}],"wp:attachment":[{"href":"https:\/\/www.europesays.com\/no\/wp-json\/wp\/v2\/media?parent=41651"}],"wp:term":[{"taxonomy":"category","embeddable":true,"href":"https:\/\/www.europesays.com\/no\/wp-json\/wp\/v2\/categories?post=41651"},{"taxonomy":"post_tag","embeddable":true,"href":"https:\/\/www.europesays.com\/no\/wp-json\/wp\/v2\/tags?post=41651"}],"curies":[{"name":"wp","href":"https:\/\/api.w.org\/{rel}","templated":true}]}}