{"id":41667,"date":"2025-09-22T04:22:17","date_gmt":"2025-09-22T04:22:17","guid":{"rendered":"https:\/\/www.europesays.com\/no\/41667\/"},"modified":"2025-09-22T04:22:17","modified_gmt":"2025-09-22T04:22:17","slug":"trafikk-ulykker-og-hendingar-trafikkuhell-pa-flatoy","status":"publish","type":"post","link":"https:\/\/www.europesays.com\/no\/41667\/","title":{"rendered":"Trafikk, Ulykker og hendingar | Trafikkuhell p\u00e5 Flat\u00f8y"},"content":{"rendered":"\n<p>Rundt 16:30 s\u00f8ndag ettermiddag opplyser politiet om eit trafikkuhell p\u00e5 Flat\u00f8y. <\/p>\n<p>To bilar skal vere involvert, og det er ikkje meldt om personskade. <\/p>\n<p>\u2013 Bil som har trilla ned ei skr\u00e5ning, fortel Terje Magnussen, operasjonsleiar i Politi vest.<\/p>\n<p>Den eine bilen skal st\u00e5 ute av vegen p\u00e5 Blandeverket busstopp, fortel ein Nh-tipsar. Deler av bakenden til bilen er knust. <\/p>\n<p>\u2013 Bilen som st\u00e5r lengre framme har knust front, seier tipsaren.<\/p>\n<p>Den andre bilen st\u00e5r eit stykke lengre framme i vegbana. Den fremste bilen skal ha vore involvert i ei singelulykke, etter \u00e5 ha k\u00f8yrd i autovernet. <\/p>\n<p><b>Det var denne som ein kort periode i 17:30-tida f\u00f8rte til stans i trafikken, d\u00e5 bilbergar kom for \u00e5 fjerne bilen.<\/b><\/p>\n","protected":false},"excerpt":{"rendered":"Rundt 16:30 s\u00f8ndag ettermiddag opplyser politiet om eit trafikkuhell p\u00e5 Flat\u00f8y. To bilar skal vere involvert, og det&hellip;\n","protected":false},"author":2,"featured_media":41668,"comment_status":"","ping_status":"","sticky":false,"template":"","format":"standard","meta":{"footnotes":""},"categories":[10],"tags":[1751,36,20,21,24,25,6560,15,22,23,13,30,28,29,14,16,1510,26,27,224,6426],"class_list":{"0":"post-41667","1":"post","2":"type-post","3":"status-publish","4":"format-standard","5":"has-post-thumbnail","7":"category-norge","8":"tag-alver","9":"tag-art","10":"tag-breaking-news","11":"tag-breakingnews","12":"tag-featured-news","13":"tag-featurednews","14":"tag-flatoy","15":"tag-headlines","16":"tag-latest-news","17":"tag-latestnews","18":"tag-news","19":"tag-no","20":"tag-norge","21":"tag-norway","22":"tag-nyheter","23":"tag-overskrifter","24":"tag-story","25":"tag-top-stories","26":"tag-topstories","27":"tag-trafikk","28":"tag-ulykker-og-hendingar"},"share_on_mastodon":{"url":"","error":""},"_links":{"self":[{"href":"https:\/\/www.europesays.com\/no\/wp-json\/wp\/v2\/posts\/41667","targetHints":{"allow":["GET"]}}],"collection":[{"href":"https:\/\/www.europesays.com\/no\/wp-json\/wp\/v2\/posts"}],"about":[{"href":"https:\/\/www.europesays.com\/no\/wp-json\/wp\/v2\/types\/post"}],"author":[{"embeddable":true,"href":"https:\/\/www.europesays.com\/no\/wp-json\/wp\/v2\/users\/2"}],"replies":[{"embeddable":true,"href":"https:\/\/www.europesays.com\/no\/wp-json\/wp\/v2\/comments?post=41667"}],"version-history":[{"count":0,"href":"https:\/\/www.europesays.com\/no\/wp-json\/wp\/v2\/posts\/41667\/revisions"}],"wp:featuredmedia":[{"embeddable":true,"href":"https:\/\/www.europesays.com\/no\/wp-json\/wp\/v2\/media\/41668"}],"wp:attachment":[{"href":"https:\/\/www.europesays.com\/no\/wp-json\/wp\/v2\/media?parent=41667"}],"wp:term":[{"taxonomy":"category","embeddable":true,"href":"https:\/\/www.europesays.com\/no\/wp-json\/wp\/v2\/categories?post=41667"},{"taxonomy":"post_tag","embeddable":true,"href":"https:\/\/www.europesays.com\/no\/wp-json\/wp\/v2\/tags?post=41667"}],"curies":[{"name":"wp","href":"https:\/\/api.w.org\/{rel}","templated":true}]}}