{"id":41675,"date":"2025-09-22T04:30:08","date_gmt":"2025-09-22T04:30:08","guid":{"rendered":"https:\/\/www.europesays.com\/no\/41675\/"},"modified":"2025-09-22T04:30:08","modified_gmt":"2025-09-22T04:30:08","slug":"ulykker-sauda-redningsaksjon-i-sandsfjorden","status":"publish","type":"post","link":"https:\/\/www.europesays.com\/no\/41675\/","title":{"rendered":"Ulykker, Sauda | Redningsaksjon i Sandsfjorden"},"content":{"rendered":"\n<p><b>SAUDA: <\/b>Operasjonsleder John Ask forteller til Haugesunds Avis at politiet er helt sikre p\u00e5 at vedkommende var om bord i b\u00e5ten etter avgang fra Stavanger.<\/p>\n<p>Politiet opplyser til NTB at politiet ble varslet av personer som skulle hente vedkommende i Sauda. <\/p>\n<p><b>\u2013 Flere b\u00e5ter er med i s\u00f8ket p\u00e5 vann og redningshelikopter s\u00f8ker fra luften, opplyser S\u00f8r-Vest politidistrikt klokken 00.44 natt til mandag.<\/b><\/p>\n<p>Redningsaksjonen ble satt i gang i 22-tiden. Politiet stiller med b\u00e5t, det er flere private b\u00e5ter ute for \u00e5 lete, og ogs\u00e5 Sea Queen fra Hovedredningssentralen S\u00f8r-Norge (HRS) er p\u00e5 plass.<\/p>\n<p>Operasjonsleder Ask \u00f8nsker ikke si noe om kj\u00f8nn eller alder p\u00e5 vedkommende det s\u00f8kes etter.<\/p>\n<p><b>\u2013 Vi vil v\u00e6re litt forsiktig med det fordi dette handler om et lite sted, sier han.<\/b><\/p>\n<p>\u2013 Hvordan er v\u00e6ret i omr\u00e5det?<\/p>\n<p><b>\u2013 Det er litt regn og vind, men ikke mye b\u00f8lger. Det er jo flere b\u00e5ter ute i omr\u00e5det. Vi har ikke vurdert \u00e5 redusere s\u00f8ket p\u00e5 grunn av v\u00e6rforholdene i alle fall, sier Ask til Haugesunds Avis.<\/b><\/p>\n<p>Redningsaksjon p\u00e5g\u00e5r i omr\u00e5det Sandsfjorden, opplyser politiet.<\/p>\n<p>Saken oppdateres<\/p>\n","protected":false},"excerpt":{"rendered":"SAUDA: Operasjonsleder John Ask forteller til Haugesunds Avis at politiet er helt sikre p\u00e5 at vedkommende var om&hellip;\n","protected":false},"author":2,"featured_media":23205,"comment_status":"","ping_status":"","sticky":false,"template":"","format":"standard","meta":{"footnotes":""},"categories":[5],"tags":[36,20,21,24,25,15,19,22,23,17,18,13,30,28,29,14,16,111,4269,1510,26,27,1204],"class_list":{"0":"post-41675","1":"post","2":"type-post","3":"status-publish","4":"format-standard","5":"has-post-thumbnail","7":"category-overskrifter","8":"tag-art","9":"tag-breaking-news","10":"tag-breakingnews","11":"tag-featured-news","12":"tag-featurednews","13":"tag-headlines","14":"tag-hovedoppslag","15":"tag-latest-news","16":"tag-latestnews","17":"tag-main-news","18":"tag-mainnews","19":"tag-news","20":"tag-no","21":"tag-norge","22":"tag-norway","23":"tag-nyheter","24":"tag-overskrifter","25":"tag-redningsaksjon","26":"tag-sauda","27":"tag-story","28":"tag-top-stories","29":"tag-topstories","30":"tag-ulykker"},"share_on_mastodon":{"url":"","error":""},"_links":{"self":[{"href":"https:\/\/www.europesays.com\/no\/wp-json\/wp\/v2\/posts\/41675","targetHints":{"allow":["GET"]}}],"collection":[{"href":"https:\/\/www.europesays.com\/no\/wp-json\/wp\/v2\/posts"}],"about":[{"href":"https:\/\/www.europesays.com\/no\/wp-json\/wp\/v2\/types\/post"}],"author":[{"embeddable":true,"href":"https:\/\/www.europesays.com\/no\/wp-json\/wp\/v2\/users\/2"}],"replies":[{"embeddable":true,"href":"https:\/\/www.europesays.com\/no\/wp-json\/wp\/v2\/comments?post=41675"}],"version-history":[{"count":0,"href":"https:\/\/www.europesays.com\/no\/wp-json\/wp\/v2\/posts\/41675\/revisions"}],"wp:featuredmedia":[{"embeddable":true,"href":"https:\/\/www.europesays.com\/no\/wp-json\/wp\/v2\/media\/23205"}],"wp:attachment":[{"href":"https:\/\/www.europesays.com\/no\/wp-json\/wp\/v2\/media?parent=41675"}],"wp:term":[{"taxonomy":"category","embeddable":true,"href":"https:\/\/www.europesays.com\/no\/wp-json\/wp\/v2\/categories?post=41675"},{"taxonomy":"post_tag","embeddable":true,"href":"https:\/\/www.europesays.com\/no\/wp-json\/wp\/v2\/tags?post=41675"}],"curies":[{"name":"wp","href":"https:\/\/api.w.org\/{rel}","templated":true}]}}