{"id":41682,"date":"2025-09-22T05:08:17","date_gmt":"2025-09-22T05:08:17","guid":{"rendered":"https:\/\/www.europesays.com\/no\/41682\/"},"modified":"2025-09-22T05:08:17","modified_gmt":"2025-09-22T05:08:17","slug":"dagens-horoskop-for-mandag-22-september","status":"publish","type":"post","link":"https:\/\/www.europesays.com\/no\/41682\/","title":{"rendered":"Dagens horoskop for mandag 22. september"},"content":{"rendered":"<p>Hver dag vil v\u00e5r astrolog Sol gi deg et innblikk i fremtiden. Er du nysgjerrig p\u00e5 kj\u00e6rlighet, jobb, \u00f8konomi, venner eller kanskje familie? La stjernetegnet ditt vise vei. Pssst, <a href=\"https:\/\/www.kk.no\/horoskop\" rel=\"nofollow noopener\" target=\"_blank\">her finner du v\u00e5rt ukeshoroskop<\/a>.<\/p>\n<p class=\"font-weight-bold m-font-weight-bold\" data-lab-font_weight=\"font-weight-bold\">Nedenfor finner du horoskopet for mandag 22. september.<\/p>\n<p>    KKs Astrolog<\/p>\n<ul>\n<li>Sol W. Jonassen (46).<\/li>\n<li>Utdannet Evolusjon\u00e6r Astrolog, Soulflow terapeut og meditasjonsinstrukt\u00f8r.<\/li>\n<li>Har jobbet internasjonalt med \u00e5 holde foredrag og undervise i 20 \u00e5r.<\/li>\n<\/ul>\n<p>      Vis mer<br \/>\n      Vis mindre<\/p>\n<p>V\u00c6REN\t<\/p>\n<p>F\u00f8dt: 21. mars\u201320. april<\/p>\n<p> Du<br \/>\nhar et mot som ofte gj\u00f8r at du ender opp i situasjoner der du m\u00e5 ta lederskap.<br \/>\nSelv n\u00e5r du ikke f\u00f8ler deg helt klar, tar du utfordringen p\u00e5 strak arm. Skulle<br \/>\ndu bli usikker, minn deg selv p\u00e5 alt du har med deg av erfaring, det gir deg<br \/>\nstyrke og retning. Gir du deg selv litt tid f\u00f8r du svarer, husker du ogs\u00e5 hva<br \/>\ndu har l\u00e6rt av tidligere erfaringer, og hva du ikke b\u00f8r gjenta. Der ligger<br \/>\nsvaret ditt. Du trives godt n\u00e5r du f\u00e5r lede, og selv om du ikke alltid vet<br \/>\nn\u00f8yaktig hva du driver med, finner du likevel en vei videre, er kreativt og<br \/>\nl\u00f8sningsorientert, og p\u00e5 den m\u00e5ter f\u00e5r du ting til \u00e5 fungere. <\/p>\n<p>    <a itemprop=\"url\" href=\"https:\/\/www.kk.no\/mote\/adventskalendere-dette-er-arets-beste\/83601888\" rel=\"nofollow noopener\" target=\"_blank\"><\/p>\n<p>      <img loading=\"lazy\" decoding=\"async\" src=\"https:\/\/www.europesays.com\/no\/wp-content\/uploads\/2025\/09\/83606556.webp\" width=\"980\" height=\"441\" title=\"Adventskalendere: Dette er \u00e5rets beste\" alt=\"\" class=\"lazyload\" style=\"--aspect-ratio-image: 2.22; \"\/><\/p>\n<p>        Adventskalendere: Dette er \u00e5rets beste<\/p>\n<p>    <\/a><\/p>\n<p>TYREN\t<\/p>\n<p>F\u00f8dt: 21. april\u201321. mai<\/p>\n<p> Dagens<br \/>\nkosmos preges av en intens drakamp mellom Neptun, planeten for idealer,<br \/>\nillusjoner og sannhet, og Solen. Du kan derfor oppleve en litt forvirrende<br \/>\nsituasjon der du kjenner at noe er galt, men ikke helt klarer \u00e5 sette fingeren<br \/>\np\u00e5 hva. Kanskje er det en person med stor innflytelse p\u00e5 deg som bruker den p\u00e5<br \/>\nen m\u00e5te som f\u00e5r deg til \u00e5 f\u00f8le at du ikke er god nok, eller alltid gir deg et<br \/>\nsnev av d\u00e5rlig samvittighet. Om det er tilfelle, er det p\u00e5 tide \u00e5 riste av deg<br \/>\nt\u00e5ken og sette en tydelig grense. Respekt m\u00e5 alltid g\u00e5 begge veier. <\/p>\n<p>    <a itemprop=\"url\" href=\"https:\/\/www.kk.no\/livet\/jeg-grat-sa-tarene-sprutet-1\/83609313\" rel=\"nofollow noopener\" target=\"_blank\"><\/p>\n<p>      <img loading=\"lazy\" decoding=\"async\" src=\"https:\/\/www.europesays.com\/no\/wp-content\/uploads\/2025\/09\/83609324.webp\" width=\"980\" height=\"441\" title=\"- Jeg gr\u00e5t s\u00e5 t\u00e5rene sprutet\" alt=\"\" class=\"lazyload\" style=\"--aspect-ratio-image: 2.22; \"\/><\/p>\n<p>        &#8211; Jeg gr\u00e5t s\u00e5 t\u00e5rene sprutet<\/p>\n<p>    <\/a><\/p>\n<p>TVILLINGENE\t<\/p>\n<p>F\u00f8dt: 22. mai\u201321. juni<\/p>\n<p> Du<br \/>\nhar en tendens til \u00e5 n\u00f8le, gruble og bruke altfor mye tid p\u00e5 sm\u00e5ting, og<br \/>\nbekymre deg for alt som kan g\u00e5 galt. Som Tvilling er det ofte ditt eget hode<br \/>\nsom blir din st\u00f8rste utfordring, spesielt n\u00e5r tankene f\u00e5r drivstoff fra<br \/>\nf\u00f8lelser som sitter dypt og ikke slipper taket s\u00e5 lett. Kanskje har du klekket<br \/>\nut en str\u00e5lende plan \u2013 som riktignok kunne v\u00e6rt mindre komplisert, og n\u00e5 gruer<br \/>\ndu deg til \u00e5 sette i gang. Men husk: gang p\u00e5 gang har du erfart at ting du<br \/>\ngruet deg til, gikk langt bedre enn fryktet. Du hadde mer kontroll enn du<br \/>\ntrodde. Stol p\u00e5 deg selv, du kan mer enn du tror. <\/p>\n<p>    <a itemprop=\"url\" href=\"https:\/\/www.kk.no\/underholdning\/dette-heter-de-egentlig\/83613976\" rel=\"nofollow noopener\" target=\"_blank\"><\/p>\n<p>      <img loading=\"lazy\" decoding=\"async\" src=\"https:\/\/www.europesays.com\/no\/wp-content\/uploads\/2025\/09\/83614080.webp\" width=\"980\" height=\"441\" title=\"Dette heter de egentlig\" alt=\"\" class=\"lazyload\" style=\"--aspect-ratio-image: 2.22; \"\/><\/p>\n<p>        Dette heter de egentlig<\/p>\n<p>    <\/a><\/p>\n<p>KREPSEN\t<\/p>\n<p>F\u00f8dt: 22. juni\u201322. juli<\/p>\n<p> Det<br \/>\nskjer mye for tiden, og det kan ha t\u00e6ret p\u00e5 deg b\u00e5de f\u00f8lelsesmessig og fysisk.<br \/>\nSom en f\u00f8lsom sjel trenger du hvile og ro for \u00e5 fungere optimalt, og det passer<br \/>\nikke alltid med en mandag i fullt tempo, i dag i hvert fall ikke. Solen danner<br \/>\net aspekt til Neptun, planeten for idealer og illusjoner, og du kan ha hengt<br \/>\ndeg opp i en tanke om hva du ideelt sett trenger, bare for \u00e5 bli frustrert n\u00e5r<br \/>\nlivet ikke matcher forventningen. I stedet for \u00e5 jage etter det perfekte,<br \/>\nfors\u00f8k \u00e5 finne en naturlig flyt, selv n\u00e5r livet langt fra er feilfritt. <\/p>\n<p>    <a itemprop=\"url\" href=\"https:\/\/www.kk.no\/kultur\/disse-stjernetegnene-passer-best-sammen\/67984373\" rel=\"nofollow noopener\" target=\"_blank\"><\/p>\n<p>      <img loading=\"lazy\" decoding=\"async\" src=\"https:\/\/www.europesays.com\/no\/wp-content\/uploads\/2025\/09\/1758517693_862_67984383.webp\" width=\"980\" height=\"441\" title=\"Disse stjernetegnene passer best sammen\" alt=\"\" class=\"lazyload\" style=\"--aspect-ratio-image: 2.22; \"\/><\/p>\n<p>        Disse stjernetegnene passer best sammen<\/p>\n<p>    <\/a><\/p>\n<p>L\u00d8VEN\t<\/p>\n<p>F\u00f8dt: 23. juli\u201323. august<\/p>\n<p>Du kan fortelle folk hundre ganger hva de burde<br \/>\ntenke eller hvordan de burde h\u00e5ndtere livet, men det betyr ikke at de faktisk<br \/>\nlytter. Folk har en selektiv hukommelse, og ofte g\u00e5r det inn det ene \u00f8ret og ut<br \/>\ndet andre. For den stolte L\u00f8ven du er kan dette f\u00f8les provoserende. Du \u00f8nsker<br \/>\njo \u00e5 hjelpe, men aller mest vil du at folk skal v\u00e6re selvstendige, s\u00e5 du<br \/>\nslipper \u00e5 rydde opp i rotet deres. S\u00e5 hvordan kan du egentlig vise vei? Svaret<br \/>\nligger i t\u00e5lmodighet, og i \u00e5 sette standarden selv. Led ved \u00e5 vise, ikke ved \u00e5<br \/>\nforklare.<\/p>\n<p>    <a itemprop=\"url\" href=\"https:\/\/www.kk.no\/helse\/jeg-har-fortsatt-a-spise-selv-om-jeg-har-vaert-mett-for-lenge-siden\/83598258\" rel=\"nofollow noopener\" target=\"_blank\"><\/p>\n<p>      <img loading=\"lazy\" decoding=\"async\" src=\"https:\/\/www.europesays.com\/no\/wp-content\/uploads\/2025\/09\/83606175.webp\" width=\"980\" height=\"441\" title=\"- Jeg har fortsatt \u00e5 spise, selv om jeg har v\u00e6rt mett for lenge siden\" alt=\"\" class=\"lazyload\" style=\"--aspect-ratio-image: 2.22; \"\/><\/p>\n<p>        &#8211; Jeg har fortsatt \u00e5 spise, selv om jeg har v\u00e6rt mett for lenge siden<\/p>\n<p>    <\/a><\/p>\n<p>JOMFRUEN\t<\/p>\n<p>F\u00f8dt: 24. august\u201323. september<\/p>\n<p> \u00c5<br \/>\nv\u00e6re gener\u00f8s handler om \u00e5 gi uten betingelser. N\u00e5r en gave gis med forventning<br \/>\nom \u00e5 f\u00e5 noe tilbake, er det egentlig ikke en gave, men en byttehandel. Dette er<br \/>\nmest synlig n\u00e5r det gjelder materielle ting, men kan like gjerne oppleves i<br \/>\nsituasjoner der man hjelper hverandre. Du er sv\u00e6rt sensitiv for slike<br \/>\nmekanismer, og derfor kan du trekke deg unna n\u00e5r du trenger hjelp, fordi du f\u00e5r<br \/>\nd\u00e5rlig samvittighet og f\u00f8ler at du m\u00e5 gi noe tilbake. Fors\u00f8k \u00e5 snu p\u00e5 dette, og<br \/>\nv\u00e5g \u00e5 ta imot noe ubetinget. Det kan v\u00e6re b\u00e5de frigj\u00f8rende og helende. <\/p>\n<p>VEKTEN\t<\/p>\n<p>F\u00f8dt: 24. september\u201323. oktober<\/p>\n<p> Du<br \/>\nsom ofte kan tvile og stille sp\u00f8rsm\u00e5l ved det meste, bryter n\u00e5 gjennom<br \/>\nusikkerheten med en klarhet og styrke som kan overraske selv deg. Kanskje har<br \/>\ndu endelig f\u00e5tt den informasjonen du trengte, eller s\u00e5 er det rett og slett en<br \/>\ninstinktiv f\u00f8lelse som er s\u00e5 tydelig at den ikke kan overses. Uansett \u00e5rsak, i<br \/>\ndag skj\u00e6rer du gjennom og tar initiativ til \u00e5 gj\u00f8re det som f\u00f8les riktig og<br \/>\nbest for deg. En viktig samtale med en du er glad i kan bidra til \u00e5 rense<br \/>\nluften og skape fornyet n\u00e6rhet. <\/p>\n<p>    <a itemprop=\"url\" href=\"https:\/\/www.kk.no\/livet\/vi-var-aldri-pa-dyre-ferier\/83578975\" rel=\"nofollow noopener\" target=\"_blank\"><\/p>\n<p>      <img loading=\"lazy\" decoding=\"async\" src=\"https:\/\/www.europesays.com\/no\/wp-content\/uploads\/2025\/09\/1758517694_187_83578998.webp\" width=\"980\" height=\"441\" title=\"- Vi var aldri p\u00e5 dyre ferier\" alt=\"\" class=\"lazyload\" style=\"--aspect-ratio-image: 2.22; \"\/><\/p>\n<p>        &#8211; Vi var aldri p\u00e5 dyre ferier<\/p>\n<p>    <\/a><\/p>\n<p>SKORPIONEN\t<\/p>\n<p>F\u00f8dt: 24. oktober\u201322. november<\/p>\n<p> M\u00e5nens<br \/>\nferd gjennom din sektor for spiritualitet og retrett kan gj\u00f8re det som egentlig<br \/>\ner et enkelt valg til noe langt mer komplisert og frustrerende. Mens du<br \/>\nfors\u00f8ker \u00e5 veie for og imot, m\u00e5 du ta hensyn til andre folk og deres behov,<br \/>\nikke bare dine egne. Og det er gjerne noe du vil fordi du har stor kj\u00e6rlighet<br \/>\nog omtanke til de det gjelder, og er de glade, er du glad. Men i dette<br \/>\ntilfellet, er det ikke sikkert det finnes et perfekt valg og ditt dilemma er at<br \/>\nkompromissene du vurdere ikke inkluderer dine behov. Lytt til hjertet ditt og<br \/>\nta det modige valget. <\/p>\n<p>SKYTTEN<\/p>\n<p>F\u00f8dt: 23. november\u201321. desember<\/p>\n<p> Du<br \/>\nfungerer best n\u00e5r du kan bevege deg i ditt eget tempo. Som Skytte ligger du<br \/>\nofte et lite hestehode foran andre \u2013 du lar deg ikke stoppe av detaljer, men<br \/>\nf\u00f8lger instinktet og suser videre til neste oppgave mens andre fortsatt sitter<br \/>\nmed dagens f\u00f8rste mail. Du er f\u00f8dt til fart, og derfor kan samarbeid noen<br \/>\nganger f\u00f8les krevende. Dagens kosmos kan skape noe tr\u00f8bbel n\u00e5r det gjelder<br \/>\nteamwork, men i stedet for \u00e5 bruke energi p\u00e5 det som ikke fungerer, velger du<br \/>\nklokt \u00e5 fokusere p\u00e5 dine egne oppgaver. Slik f\u00e5r du mer ut av dagen, p\u00e5 din<br \/>\nm\u00e5te. <\/p>\n<p>    <a itemprop=\"url\" href=\"https:\/\/www.kk.no\/livet\/i-40-ar-levde-camilla-med-en-hemmelighet-hun-trodde-skulle-ta-livet-av-henne\/83594546\" rel=\"nofollow noopener\" target=\"_blank\"><\/p>\n<p>      <img loading=\"lazy\" decoding=\"async\" src=\"https:\/\/www.europesays.com\/no\/wp-content\/uploads\/2025\/09\/83594559.webp\" width=\"980\" height=\"441\" title=\"I 40 \u00e5r levde Camilla med en hemmelighet hun trodde skulle ta livet av henne\" alt=\"\" class=\"lazyload\" style=\"--aspect-ratio-image: 2.22; \"\/><\/p>\n<p>        I 40 \u00e5r levde Camilla med en hemmelighet hun trodde skulle ta livet av henne<\/p>\n<p>    <\/a><\/p>\n<p>STEINBUKKEN<\/p>\n<p>F\u00f8dt: 22. desember\u201320. januar<\/p>\n<p> Du<br \/>\nkan unng\u00e5 b\u00e5de drama og stress i dag dersom du velger en mer n\u00f8ytral posisjon.<br \/>\nFolk er uenige om mye for tiden, og som Steinbukk er du ofte den voksne i<br \/>\nrommet, den som fors\u00f8ker \u00e5 se hva som er best for situasjonen, fremfor \u00e5 p\u00f8se<br \/>\np\u00e5 med egne meninger. Du har ingen interesse av \u00e5 v\u00e6re en del av problemet; du<br \/>\n\u00f8nsker \u00e5 v\u00e6re en del av l\u00f8sningen. For \u00e5 f\u00e5 til det m\u00e5 du finne ut hva som er<br \/>\nriktig \u00e5 gj\u00f8re i hver enkelt situasjon. Din styrke ligger i evnen til \u00e5 legge<br \/>\negoet til side og se det st\u00f8rre bildet, og akkurat n\u00e5 er det nettopp den<br \/>\ntiln\u00e6rmingen som vil tjene deg best. <\/p>\n<p>VANNMANNEN<\/p>\n<p>F\u00f8dt: 21. januar\u201318. februar<\/p>\n<p> Du<br \/>\ngir mye av deg selv, men det er ikke alltid det blir m\u00f8tt med takknemlighet.<br \/>\nN\u00e5r det skjer, b\u00f8r du vurdere om du virkelig skal v\u00e6re s\u00e5 gener\u00f8s som du<br \/>\npleier. Om du kjenner p\u00e5 et behov for \u00e5 \u00aboppdra\u00bb folk, er det p\u00e5 tide \u00e5 sette<br \/>\nklare grenser, og p\u00e5 den m\u00e5ten vise hva som er ikke er greit. Mars har n\u00e5<br \/>\nentret din sektor for autoritet og lederskap, og i dag danner den et kraftfullt<br \/>\naspekt til Pluto, planeten for makt og innflytelse. Er du lei av \u00e5 bli tatt for<br \/>\ngitt, f\u00e5r du n\u00e5 styrke til \u00e5 uttrykke deg s\u00e5 tydelig at det ikke levner noen<br \/>\ntvil: du setter selvrespekten h\u00f8yt. <\/p>\n<p>    <a itemprop=\"url\" href=\"https:\/\/www.kk.no\/livet\/jeg-ble-fanget-inne-i-en-skuff-under-en-seng\/83548658\" rel=\"nofollow noopener\" target=\"_blank\"><\/p>\n<p>      <img loading=\"lazy\" decoding=\"async\" src=\"https:\/\/www.europesays.com\/no\/wp-content\/uploads\/2025\/09\/82907639.webp\" width=\"980\" height=\"441\" title=\"- Jeg ble fanget inne i en skuff under en seng\" alt=\"\" class=\"lazyload\" style=\"--aspect-ratio-image: 2.22; \"\/><\/p>\n<p>        &#8211; Jeg ble fanget inne i en skuff under en seng<\/p>\n<p>    <\/a><\/p>\n<p>FISKENE<\/p>\n<p>F\u00f8dt: 19. februar\u201320. mars<\/p>\n<p> Dagens<br \/>\nkosmos gir deg kanskje ikke tid til \u00e5 planlegge, men til gjengjeld f\u00e5r du en<br \/>\nnydelig anledning til \u00e5 vise hvor god du er til \u00e5 improvisere og ta ting som de<br \/>\nkommer. Du er ikke redd for litt kaos, og du navigerer kompliserte situasjoner,<br \/>\nmed sterke f\u00f8lelser og uenigheter, enklere enn de fleste. Som den<br \/>\nmenneskekjenneren du er, ligger styrken din i toleranse og i evnen til \u00e5 ikke<br \/>\nhenge deg opp i detaljer. Hum\u00f8ret ditt skal mye til for \u00e5 trekke ned akkurat<br \/>\nn\u00e5, og det skyldes ikke omstendighetene, men rett og slett den du er. <\/p>\n<p>    <a itemprop=\"url\" href=\"https:\/\/www.kk.no\/kultur\/denne-treningen-passer-for-deg\/67987682\" rel=\"nofollow noopener\" target=\"_blank\"><\/p>\n<p>      <img loading=\"lazy\" decoding=\"async\" src=\"https:\/\/www.europesays.com\/no\/wp-content\/uploads\/2025\/09\/1758517697_548_67987690.webp\" width=\"980\" height=\"441\" title=\"Denne treningen passer for deg\" alt=\"\" class=\"lazyload\" style=\"--aspect-ratio-image: 2.22; \"\/><\/p>\n<p>        Denne treningen passer for deg<\/p>\n<p>    <\/a><\/p>\n","protected":false},"excerpt":{"rendered":"Hver dag vil v\u00e5r astrolog Sol gi deg et innblikk i fremtiden. Er du nysgjerrig p\u00e5 kj\u00e6rlighet, jobb,&hellip;\n","protected":false},"author":2,"featured_media":2150,"comment_status":"","ping_status":"","sticky":false,"template":"","format":"standard","meta":{"footnotes":""},"categories":[58],"tags":[4065,4064,71,4063,30,28,29,4066,72],"class_list":{"0":"post-41682","1":"post","2":"type-post","3":"status-publish","4":"format-standard","5":"has-post-thumbnail","7":"category-underholdning","8":"tag-astrologi","9":"tag-dagens_horoskop","10":"tag-entertainment","11":"tag-horoskop","12":"tag-no","13":"tag-norge","14":"tag-norway","15":"tag-stjernetegn","16":"tag-underholdning"},"share_on_mastodon":{"url":"","error":""},"_links":{"self":[{"href":"https:\/\/www.europesays.com\/no\/wp-json\/wp\/v2\/posts\/41682","targetHints":{"allow":["GET"]}}],"collection":[{"href":"https:\/\/www.europesays.com\/no\/wp-json\/wp\/v2\/posts"}],"about":[{"href":"https:\/\/www.europesays.com\/no\/wp-json\/wp\/v2\/types\/post"}],"author":[{"embeddable":true,"href":"https:\/\/www.europesays.com\/no\/wp-json\/wp\/v2\/users\/2"}],"replies":[{"embeddable":true,"href":"https:\/\/www.europesays.com\/no\/wp-json\/wp\/v2\/comments?post=41682"}],"version-history":[{"count":0,"href":"https:\/\/www.europesays.com\/no\/wp-json\/wp\/v2\/posts\/41682\/revisions"}],"wp:featuredmedia":[{"embeddable":true,"href":"https:\/\/www.europesays.com\/no\/wp-json\/wp\/v2\/media\/2150"}],"wp:attachment":[{"href":"https:\/\/www.europesays.com\/no\/wp-json\/wp\/v2\/media?parent=41682"}],"wp:term":[{"taxonomy":"category","embeddable":true,"href":"https:\/\/www.europesays.com\/no\/wp-json\/wp\/v2\/categories?post=41682"},{"taxonomy":"post_tag","embeddable":true,"href":"https:\/\/www.europesays.com\/no\/wp-json\/wp\/v2\/tags?post=41682"}],"curies":[{"name":"wp","href":"https:\/\/api.w.org\/{rel}","templated":true}]}}