{"id":41685,"date":"2025-09-22T05:19:15","date_gmt":"2025-09-22T05:19:15","guid":{"rendered":"https:\/\/www.europesays.com\/no\/41685\/"},"modified":"2025-09-22T05:19:15","modified_gmt":"2025-09-22T05:19:15","slug":"forskeren-advarte-for-to-ar-siden-folk-ma-se-det-med-egne-oyne-for-de-tror-det-fvn-no","status":"publish","type":"post","link":"https:\/\/www.europesays.com\/no\/41685\/","title":{"rendered":"Forskeren advarte for to \u00e5r siden. \u2013 Folk m\u00e5 se det med egne \u00f8yne f\u00f8r de tror det. &#8211; fvn.no"},"content":{"rendered":"<ol>\n<li><a href=\"https:\/\/news.google.com\/rss\/articles\/CBMimgFBVV95cUxPS3A3ajhuYk1TS3BvUEVlYk9aS1J4Ukx1RUVGemZBdXlFbjJtTVRwY2xlS0Z4bUM4NDdvS2FFLXV6NExYb1dsUHMyM18zb3RicXZmQm0xS3dCYVp4TkJPOUZsMXp6WDNkdGhELTRnN1NPZFBlZjZKSlg5LXBoUXZYemljM0NUTkZTQUxBQ05UQnpuNExacDA4bGd3?oc=5\" target=\"_blank\" rel=\"nofollow noopener\">Forskeren advarte for to \u00e5r siden. \u2013 Folk m\u00e5 se det med egne \u00f8yne f\u00f8r de tror det.<\/a>&nbsp;&nbsp;fvn.no<\/li>\n<li><a href=\"https:\/\/news.google.com\/rss\/articles\/CBMihwFBVV95cUxNOHBQdk0wa192Q1ZHT2dmV2RLYWNaRUdDT2RTTE9GVXVETUpibzF3THhNbllMLXpndU9McnR6eWRUWFcwSjNHLW1rT2RKaDU3bzJoS2VxYktaMlRIZXFlU3RCUUx1ZDZtaF92YVpzeF9yNU5TN3lEVXNmZmtQUk9kNmhURXdRbzA?oc=5\" target=\"_blank\" rel=\"nofollow noopener\">(+) M\u00e5 bygge ny vei f\u00f8r havn kan flyttes<\/a>&nbsp;&nbsp;fvn.no<\/li>\n<li><a href=\"https:\/\/news.google.com\/rss\/articles\/CBMiigFBVV95cUxPOGdSSHBKS1E1S2N1ZmlkUTlGMnFzM0xrUElQakZ4bnc0RGZZcDFPaWwzTU1ZOGlwMjdLQUVQdFdrU1BjaDZac3Fta1NTWkc2dHZXeXFXdXZiczdJVlNVRGRSUHgzZ1VfT25xTm1udFRPRFJFbkF5T0paQjVnYnB0MHNkQVlsYVp4alE?oc=5\" target=\"_blank\" rel=\"nofollow noopener\">(+) Risi\u00adkerer forsin\u00adkelse: \u2013 H\u00e5per \u00e5 unng\u00e5 det<\/a>&nbsp;&nbsp;fvn.no<\/li>\n<li><a href=\"https:\/\/news.google.com\/rss\/articles\/CBMihwFBVV95cUxNbi1qVEhqMGZFUDJsb1Jrak5JNTF2eDVXU0hBTlJDaVF5MjlaOURmRWc0UGZ0MUJjUWNDb3EtazcxUllncU9VeklYUjZXM0ZWTFpMTzRMcTNzTjR0WEVzaFd3MndxRk1ZbVB3V2FUMGR5RC1iOGw0bnlyN3FWQ1pIZHhiS1lmaG8?oc=5\" target=\"_blank\" rel=\"nofollow noopener\">Lagmannsholmen som hele byens eiendom<\/a>&nbsp;&nbsp;fvn.no<\/li>\n<li><a href=\"https:\/\/news.google.com\/rss\/articles\/CBMiZ0FVX3lxTFAzS2dTTXVWb2kzTWZ4NU12MmllVW1jdklFc0FPXzVwUDhnUWZiT0dYVHhjYXFlYXRGSURRaE1DS3ZqNjRZZE51dkYtVUVpQUVBNGw2alZwN0UtRmY2S3ZUaEZ3RGhIRHM?oc=5\" target=\"_blank\" rel=\"nofollow noopener\">Den muligheten f\u00e5r vi ikke igjen i v\u00e5r levetid.<\/a>&nbsp;&nbsp;fvn.no<\/li>\n<\/ol>\n","protected":false},"excerpt":{"rendered":"Forskeren advarte for to \u00e5r siden. \u2013 Folk m\u00e5 se det med egne \u00f8yne f\u00f8r de tror det.&nbsp;&nbsp;fvn.no&hellip;\n","protected":false},"author":2,"featured_media":41686,"comment_status":"","ping_status":"","sticky":false,"template":"","format":"standard","meta":{"footnotes":""},"categories":[10],"tags":[20,21,6563,24,25,191,1659,15,1514,22,23,13,30,28,29,14,16,26,27,457],"class_list":{"0":"post-41685","1":"post","2":"type-post","3":"status-publish","4":"format-standard","5":"has-post-thumbnail","7":"category-norge","8":"tag-breaking-news","9":"tag-breakingnews","10":"tag-bt-historier","11":"tag-featured-news","12":"tag-featurednews","13":"tag-folgefonna","14":"tag-global-oppvarming","15":"tag-headlines","16":"tag-klima","17":"tag-latest-news","18":"tag-latestnews","19":"tag-news","20":"tag-no","21":"tag-norge","22":"tag-norway","23":"tag-nyheter","24":"tag-overskrifter","25":"tag-top-stories","26":"tag-topstories","27":"tag-ullensvang"},"share_on_mastodon":{"url":"","error":""},"_links":{"self":[{"href":"https:\/\/www.europesays.com\/no\/wp-json\/wp\/v2\/posts\/41685","targetHints":{"allow":["GET"]}}],"collection":[{"href":"https:\/\/www.europesays.com\/no\/wp-json\/wp\/v2\/posts"}],"about":[{"href":"https:\/\/www.europesays.com\/no\/wp-json\/wp\/v2\/types\/post"}],"author":[{"embeddable":true,"href":"https:\/\/www.europesays.com\/no\/wp-json\/wp\/v2\/users\/2"}],"replies":[{"embeddable":true,"href":"https:\/\/www.europesays.com\/no\/wp-json\/wp\/v2\/comments?post=41685"}],"version-history":[{"count":0,"href":"https:\/\/www.europesays.com\/no\/wp-json\/wp\/v2\/posts\/41685\/revisions"}],"wp:featuredmedia":[{"embeddable":true,"href":"https:\/\/www.europesays.com\/no\/wp-json\/wp\/v2\/media\/41686"}],"wp:attachment":[{"href":"https:\/\/www.europesays.com\/no\/wp-json\/wp\/v2\/media?parent=41685"}],"wp:term":[{"taxonomy":"category","embeddable":true,"href":"https:\/\/www.europesays.com\/no\/wp-json\/wp\/v2\/categories?post=41685"},{"taxonomy":"post_tag","embeddable":true,"href":"https:\/\/www.europesays.com\/no\/wp-json\/wp\/v2\/tags?post=41685"}],"curies":[{"name":"wp","href":"https:\/\/api.w.org\/{rel}","templated":true}]}}