{"id":41800,"date":"2025-09-22T07:39:11","date_gmt":"2025-09-22T07:39:11","guid":{"rendered":"https:\/\/www.europesays.com\/no\/41800\/"},"modified":"2025-09-22T07:39:11","modified_gmt":"2025-09-22T07:39:11","slug":"tror-trump-skjonner","status":"publish","type":"post","link":"https:\/\/www.europesays.com\/no\/41800\/","title":{"rendered":"&#8211; Tror Trump skj\u00f8nner"},"content":{"rendered":"<p>    Kort fortalt<\/p>\n<ul lang=\"nb-NO\">\n<li>Statsminister Jonas Gahr St\u00f8re bes\u00f8kte den amerikanske ub\u00e5tbasen i New London f\u00f8r FN-toppuka i New York.<\/li>\n<li>Han understreker viktigheten av samarbeidet med USA, spesielt i lys av Russlands krenkelser av Natos luftrom.<\/li>\n<li>Han mener dessuten Trump forst\u00e5r Norges betydning for USAs sikkerhet, og at samarbeidet er sterkere enn noen gang.<\/li>\n<li>Den amerikanske viseadmiralen, Robert Gaucher, roser samarbeidet med Norge og fremhever ub\u00e5tenes strategiske betydning i Arktis.<\/li>\n<\/ul>\n<p class=\"italic ai-disclaimer\" data-lab-italic=\"italic\">Sammendraget er laget av ChatGPT og godkjent av Dagbladet.<\/p>\n<p>      Vis mer<br \/>\n      Vis mindre<\/p>\n<p>NEW LONDON, CONNECTICUT (Dagbladet): St\u00f8re er kommet til USA for \u00e5 delta p\u00e5 den \u00e5rlige FN-toppuka i New York, men f\u00f8r det braker l\u00f8s med m\u00f8ter med statsledere fra hele verden dro han s\u00f8ndag med tog til den amerikanske ub\u00e5tbasen i New London i Connecticut.\u00a0<\/p>\n<p>Der fikk han en omvisning p\u00e5 en av de sv\u00e6re ub\u00e5tene USA bruker til \u00e5 patruljere nordomr\u00e5dene av den amerikanske viseadmiralen Robert Gaucher, som er sjef for for det amerikanske ub\u00e5tv\u00e5penet.\u00a0<\/p>\n<p class=\"font-weight-bold m-font-weight-bold\" data-lab-font_weight=\"font-weight-bold\">&#8211; Dette er veldig viktig for oss. Det er en del av samarbeidet vi har om sj\u00f8forsvaret. Disse ub\u00e5tene som amerikanerne har her, seiler i Atlanteren og i v\u00e5re farvann, sier St\u00f8re til Dagbladet.<\/p>\n<p>          <img loading=\"lazy\" decoding=\"async\" src=\"https:\/\/www.europesays.com\/no\/wp-content\/uploads\/2025\/09\/83625006.webp\" width=\"980\" height=\"559\" title=\"P\u00c5 VEI: Statsminister Jonas Gahr St\u00f8re (Ap) og sjefen for det norske sj\u00f8forsvaret, Oliver Berdal, tok toget sammen fra New York til New London i Connecticut. Foto: Vegard Kristiansen Kvaale \/ Dagbladet\" alt=\"\" class=\"\" style=\"--aspect-ratio-image: 1.75; \"\/><\/p>\n<p>\n          P\u00c5 VEI: Statsminister Jonas Gahr St\u00f8re (Ap) og sjefen for det norske sj\u00f8forsvaret, Oliver Berdal, tok toget sammen fra New York til New London i Connecticut. Foto: Vegard Kristiansen Kvaale \/ Dagbladet\n      <\/p>\n<p>Han mener amerikanerne har stort utbytte av samarbeidet.<\/p>\n<p>&#8211; De er veldig opptatt av v\u00e5re erfaringer med \u00e5 v\u00e6re nabo med Russland, og de mulighetene skal vi bruke til \u00e5 dele det, sier statsministeren.<\/p>\n<p>        CHARLIE KIRK-DRAPET: Jonas Gahr St\u00f8re sier at USA er et splittet samfunn i mange sammenhenger. Video: Vegard Kvaale\/Dagbladet<\/p>\n<p>Krisem\u00f8te\t<\/p>\n<p>Den siste tida har Russland g\u00e5tt inn i Natos luftrom flere ganger. Mandag er det krisem\u00f8te i FNs sikkerhetsr\u00e5d om Russlands krenkelser.\u00a0<\/p>\n<p class=\"italic m-italic\" data-lab-italic=\"italic\">&#8211; B\u00f8r nordmenn v\u00e6re redde for det vi ser med trusselen fra Russland?<\/p>\n<p>&#8211; NATO er v\u00e5r absolutt beste sikkerhet, og vi har kapasitet til \u00e5 ivareta den sikkerheten i Norge og for v\u00e5re allierte. Men vi st\u00e5r jo overfor et Russland som opererer for det f\u00f8rste fullskalakrigen i Ukraina, som i seg selv sprer veldig mye usikkerhet, sier St\u00f8re og fortsetter:\u00a0<\/p>\n<p>    <a itemprop=\"url\" href=\"https:\/\/www.dagbladet.no\/nyheter\/besoker-charles-han-elsker-det\/83598573\" rel=\"nofollow noopener\" target=\"_blank\"><\/p>\n<p>      <img loading=\"lazy\" decoding=\"async\" src=\"https:\/\/www.europesays.com\/no\/wp-content\/uploads\/2025\/09\/83600729.webp\" width=\"980\" height=\"441\" title=\"Bes\u00f8ker Charles: - Han elsker det\" alt=\"\" class=\"lazyload\" style=\"--aspect-ratio-image: 2.22; \"\/><\/p>\n<p>        Bes\u00f8ker Charles: &#8211; Han elsker det<\/p>\n<p>    <\/a><\/p>\n<p>&#8211; Men ogs\u00e5 disse krenkelsene vi har sett de siste ukene er snarere bevisst uttrykk for \u00e5 teste. I Norge har vi v\u00e6rt forsk\u00e5net fra det i stor grad. Det hender ogs\u00e5 hos oss. Men vi f\u00f8lger n\u00f8ye med p\u00e5 det, og det er ogs\u00e5 en viktig del av \u00e5 ha samarbeid med USA.<\/p>\n<p>Siden St\u00f8re sist var i USA for \u00e5 delta p\u00e5 FN-toppm\u00f8tet har Donald Trump igjen blitt landets president.<\/p>\n<p>          <img loading=\"lazy\" decoding=\"async\" src=\"https:\/\/www.europesays.com\/no\/wp-content\/uploads\/2025\/09\/83624496.webp\" width=\"980\" height=\"559\" title=\"OMVISNING: Norges USA-ambassad\u00f8r, Anniken Huitfeldt, og statsminister Jonas Gahr St\u00f8re f\u00e5r en omvisning p\u00e5 den amerikanske ub\u00e5tbasen i New London. Foto: Vegard Kristiansen Kvaale \/ Dagbladet\" alt=\"\" class=\"\" style=\"--aspect-ratio-image: 1.75; \"\/><\/p>\n<p>\n          OMVISNING: Norges USA-ambassad\u00f8r, Anniken Huitfeldt, og statsminister Jonas Gahr St\u00f8re f\u00e5r en omvisning p\u00e5 den amerikanske ub\u00e5tbasen i New London. Foto: Vegard Kristiansen Kvaale \/ Dagbladet\n      <\/p>\n<p class=\"font-weight-bold m-font-weight-bold\" data-lab-font_weight=\"font-weight-bold\">&#8211; Trump har en stil og en utenrikspolitikk som p\u00e5 mange m\u00e5ter avviker fra hva vi er vant til i USA. Men n\u00e5r det gjelder samarbeidet v\u00e5rt med USA, s\u00e5 er det om mulig sterkere enn noen gang &#8211; blant annet p\u00e5 marinesiden &#8211; for \u00e5 bidra til kontroll i v\u00e5re nordlige havomr\u00e5der, sier St\u00f8re.<\/p>\n<p>&#8211; Trump skj\u00f8nner\t<\/p>\n<p>Han mener Trump ser viktigheten av \u00e5 samarbeide med Norge og p\u00e5peker at USA bekreftet tilslutningen til forsvarsalliansen under Nato-toppm\u00f8tet i juli.<\/p>\n<p class=\"font-weight-bold m-font-weight-bold\" data-lab-font_weight=\"font-weight-bold\">&#8211; Jeg tror ogs\u00e5 Trump skj\u00f8nner at for ham s\u00e5 er Norge viktig for USAs egen sikkerhet fordi vi f\u00f8lger med p\u00e5 hva som skjer i nord. Vi er, som amerikanerne sier her, NATOs \u00f8yne og \u00f8re i nord, og det er viktig for USA, forklarer St\u00f8re.<\/p>\n<p class=\"italic m-italic\" data-lab-italic=\"italic\">&#8211; B\u00f8r Norge, Europa og USA innf\u00f8rere strengere sanksjoner som f\u00f8lge av krenkelsene fra Russland mot Nato-land?<\/p>\n<p>&#8211; Vi m\u00e5 reagere p\u00e5 det og ivareta territoriell kontroll rundt v\u00e5re land. Men vi trenger t\u00f8ffere press mot Russland for krigf\u00f8ringen i Ukraina. Det har Norge ment veldig tydelig, og det gjentar vi ogs\u00e5. Russlands president, Vladimir Putin m\u00e5 oppleve press i den situasjonen han er i n\u00e5, for han fortsetter \u00e5 angripe og ta liv av sivile Ukraina, som er helt uakseptabelt.\u00a0<\/p>\n<p>    <a itemprop=\"url\" href=\"https:\/\/www.dagbladet.no\/nyheter\/det-knuste-landet-vart\/83623728\" rel=\"nofollow noopener\" target=\"_blank\"><\/p>\n<p>      <img loading=\"lazy\" decoding=\"async\" src=\"https:\/\/www.europesays.com\/no\/wp-content\/uploads\/2025\/09\/83624247.webp\" width=\"980\" height=\"441\" title=\"- Det knuste landet v\u00e5rt\" alt=\"\" class=\"lazyload\" style=\"--aspect-ratio-image: 2.22; \"\/><\/p>\n<p>        &#8211; Det knuste landet v\u00e5rt<\/p>\n<p>    <\/a><\/p>\n<p>&#8211; Verdens beste\t<\/p>\n<p>Sjefen for det amerikanske ub\u00e5tv\u00e5penet, Robert Gaucher, tok med seg St\u00f8re og medarbeiderne hans under dekk i en av de sv\u00e6re ub\u00e5tene i Virginia-klassen for \u00e5 gi en omvisning.<\/p>\n<p>&#8211; Dette er de beste ub\u00e5tene i verden. Vi har fordelen av at den har en atomreaktor som gj\u00f8r at vi kan bevege oss raskt og veldig stille. Dette er de stilleste ub\u00e5tene i verden, og de har mer enn 20 torpedoer og tolv tomahawk-raketter samt sensorer og kommunikasjonsmuligheter som gir oss vital etterretning vi kan sende tilbake til kommandoene v\u00e5re, sier Gaucher.<\/p>\n<p>Han ber\u00f8mmer ogs\u00e5 samarbeidet med Norge og snakker om hvordan det strekker seg tilbake til andre verdenskrig.<\/p>\n<p class=\"font-weight-bold m-font-weight-bold\" data-lab-font_weight=\"font-weight-bold\">&#8211; Jeg har selv g\u00e5tt til havn med ub\u00e5t i b\u00e5de Troms\u00f8 og Bergen. Det er flotte havner \u00e5 bes\u00f8ke. Det er alltid en glede, men ogs\u00e5 noe vi absolutt stoler p\u00e5. Vi er en global marine, og vi opererer overalt vi vil, men vi stoler definitivt p\u00e5 r\u00e5dene dere gir oss for \u00e5 s\u00f8rge for at vi beholder fortrinnet v\u00e5rt i Arktis, sier viseadmiralen.<\/p>\n<p>          <img loading=\"lazy\" decoding=\"async\" src=\"https:\/\/www.europesays.com\/no\/wp-content\/uploads\/2025\/09\/83624501.webp\" width=\"980\" height=\"559\" title=\"STORE UB\u00c5TER: Jonas Gahr St\u00f8re f\u00e5r en omvisning p\u00e5 en ub\u00e5t i Virginia-klassen, av sjefen for det amerikanske ub\u00e5tv\u00e5penet, viseadmiral Robert Gaucher. Foto: Vegard Kristiansen Kvaale \/ Dagbladet\" alt=\"\" class=\"\" style=\"--aspect-ratio-image: 1.75; \"\/><\/p>\n<p>\n          STORE UB\u00c5TER: Jonas Gahr St\u00f8re f\u00e5r en omvisning p\u00e5 en ub\u00e5t i Virginia-klassen, av sjefen for det amerikanske ub\u00e5tv\u00e5penet, viseadmiral Robert Gaucher. Foto: Vegard Kristiansen Kvaale \/ Dagbladet\n      <\/p>\n<p>Han mener ogs\u00e5 samarbeidet innad i Nato har styrket seg der siste \u00e5ra.<\/p>\n<p>&#8211; Om noe har samarbeidet styrket seg. Vi har f\u00e5tt et par nye land inn i Nato. Og vi stoler p\u00e5 v\u00e5re partnere i Europa som et f\u00f8rstelinjeforsvar. V\u00e5r forsvarsstrategi handler om \u00e5 dele byrdene mellom partnerne, og Norge har virkelig trappet opp innsatsen, sier Gaucher til Dagbladet.<\/p>\n","protected":false},"excerpt":{"rendered":"Kort fortalt Statsminister Jonas Gahr St\u00f8re bes\u00f8kte den amerikanske ub\u00e5tbasen i New London f\u00f8r FN-toppuka i New York.&hellip;\n","protected":false},"author":2,"featured_media":41801,"comment_status":"","ping_status":"","sticky":false,"template":"","format":"standard","meta":{"footnotes":""},"categories":[10],"tags":[20,21,24,25,15,22,23,13,30,28,29,14,16,26,27,412],"class_list":{"0":"post-41800","1":"post","2":"type-post","3":"status-publish","4":"format-standard","5":"has-post-thumbnail","7":"category-norge","8":"tag-breaking-news","9":"tag-breakingnews","10":"tag-featured-news","11":"tag-featurednews","12":"tag-headlines","13":"tag-latest-news","14":"tag-latestnews","15":"tag-news","16":"tag-no","17":"tag-norge","18":"tag-norway","19":"tag-nyheter","20":"tag-overskrifter","21":"tag-top-stories","22":"tag-topstories","23":"tag-utenriks"},"share_on_mastodon":{"url":"","error":""},"_links":{"self":[{"href":"https:\/\/www.europesays.com\/no\/wp-json\/wp\/v2\/posts\/41800","targetHints":{"allow":["GET"]}}],"collection":[{"href":"https:\/\/www.europesays.com\/no\/wp-json\/wp\/v2\/posts"}],"about":[{"href":"https:\/\/www.europesays.com\/no\/wp-json\/wp\/v2\/types\/post"}],"author":[{"embeddable":true,"href":"https:\/\/www.europesays.com\/no\/wp-json\/wp\/v2\/users\/2"}],"replies":[{"embeddable":true,"href":"https:\/\/www.europesays.com\/no\/wp-json\/wp\/v2\/comments?post=41800"}],"version-history":[{"count":0,"href":"https:\/\/www.europesays.com\/no\/wp-json\/wp\/v2\/posts\/41800\/revisions"}],"wp:featuredmedia":[{"embeddable":true,"href":"https:\/\/www.europesays.com\/no\/wp-json\/wp\/v2\/media\/41801"}],"wp:attachment":[{"href":"https:\/\/www.europesays.com\/no\/wp-json\/wp\/v2\/media?parent=41800"}],"wp:term":[{"taxonomy":"category","embeddable":true,"href":"https:\/\/www.europesays.com\/no\/wp-json\/wp\/v2\/categories?post=41800"},{"taxonomy":"post_tag","embeddable":true,"href":"https:\/\/www.europesays.com\/no\/wp-json\/wp\/v2\/tags?post=41800"}],"curies":[{"name":"wp","href":"https:\/\/api.w.org\/{rel}","templated":true}]}}