{"id":41815,"date":"2025-09-22T08:06:24","date_gmt":"2025-09-22T08:06:24","guid":{"rendered":"https:\/\/www.europesays.com\/no\/41815\/"},"modified":"2025-09-22T08:06:24","modified_gmt":"2025-09-22T08:06:24","slug":"kan-ikke-se-for-meg-et-scenario-der-donald-trump-invaderer","status":"publish","type":"post","link":"https:\/\/www.europesays.com\/no\/41815\/","title":{"rendered":"\u2013 Kan ikke se for meg et scenario der Donald Trump invaderer"},"content":{"rendered":"<p>Etter en rekke Trump-utspill om Gr\u00f8nland i vinter, er det<br \/>\nblitt mer stille fra USAs president den siste tiden.<\/p>\n<p>\u2013 Jeg tror ikke det kommer til \u00e5 \u00abskje noe\u00bb med Gr\u00f8nland,<br \/>\nsier Paal Sigurd Hilde, professor ved Institutt for forsvarsstudier, til<br \/>\nDagsavisen.<\/p>\n<p>                <img decoding=\"async\" src=\"https:\/\/www.europesays.com\/no\/wp-content\/uploads\/2025\/09\/9968704.webp\" width=\"480\" height=\"365\" title=\"Paal Sigurd Hilde.\" alt=\"\" loading=\"lazy\" style=\"\"\/><\/p>\n<p>\n            Paal Sigurd Hilde.<br \/>\n            Foto: J\u00f8rn H. Skj\u00e6rpe\n        <\/p>\n<p>Hilde, som blant annet har Nato og nordomr\u00e5dene som<br \/>\nspesialfelt, deltok under et ekspertpanel om Arktis p\u00e5 Arctic Security<br \/>\nConference 2025 i Oslo torsdag. Der sto blant annet Gr\u00f8nland-sp\u00f8rsm\u00e5let p\u00e5<br \/>\nagendaen.<\/p>\n<p> \u2013\u00a0Hvem vet med Trump?<\/p>\n<p>Donald Trump mener befolkningen p\u00e5 Gr\u00f8nland vil dra enorm<br \/>\nnytte av \u00e5 bli en del av USA \u2013\u00a0<a href=\"https:\/\/www.dagsavisen.no\/nyheter\/verden\/2025\/01\/07\/trump-hevder-gronland-kommer-til-a-bli-en-del-av-usa\/\" target=\"_blank\" rel=\"nofollow noopener\">og har hevdet p\u00e5 sin egen plattform TruthSocial at de \u00abf\u00f8r<br \/>\neller senere kommer til \u00e5 bli det<\/a>\u00bb. Trump har dessuten ikke villet utelukke<br \/>\nbruk av \u00f8konomisk eller milit\u00e6r tvang for \u00e5 f\u00e5 kontroll over Gr\u00f8nland, har<br \/>\nDagsavisen tidligere omtalt.<\/p>\n<p>\u2013 Hvem vet med Donald Trump, men jeg kan ikke se for meg et<br \/>\nscenario der han og USA invaderer Gr\u00f8nland. Da ville de ha \u00f8delagt mye for seg<br \/>\nselv, sier Paal Sigurd Hilde.<\/p>\n<p>\u2013 Det er en bevegelse i Gr\u00f8nland som \u00f8nsker uavhengighet,<br \/>\nmen det kan de ikke i n\u00e5v\u00e6rende situasjon. De m\u00e5 ha en \u00absponsor\u00bb, og forel\u00f8pig<br \/>\ner Danmark den mest attraktive sponsoren for dem. Inntil Gr\u00f8nland finner et<br \/>\neller annet \u00f8konomisk grunnlag som gj\u00f8r at de kan l\u00f8srive seg, tror jeg dagens<br \/>\nsituasjon vil vedvare, fortsetter professoren.<\/p>\n<p>                <img decoding=\"async\" src=\"https:\/\/www.europesays.com\/no\/wp-content\/uploads\/2025\/09\/9968749.webp\" width=\"480\" height=\"274\" title=\"Den gr\u00f8nlandske hovedstaden Nuuk.\" alt=\"\" loading=\"lazy\" style=\"\"\/><\/p>\n<p>\n            Den gr\u00f8nlandske hovedstaden Nuuk.<br \/>\n            Foto: Kwiyeon Ha \/ AP \/ NTB\n        <\/p>\n<p class=\"italic m-italic\" data-lab-italic=\"italic\">\u2013 Er det en grunn til at det tilsynelatende er blitt mer<br \/>\nstille fra Trump om Gr\u00f8nland?<\/p>\n<p>\u2013 Det vet jeg ikke, men formodentlig er det fordi han<br \/>\nskj\u00f8nner at man ikke kommer noen vei med det han har sagt (om Gr\u00f8nland) til n\u00e5.\n<\/p>\n<ul>\n<li>Gr\u00f8nland har en viktig sikkerhetspolitisk rolle i\u00a0Arktis, som er definert som omr\u00e5det nord for polarsirkelen. Arktis er delt mellom \u00e5tte stater: Norge, Sverige Finland, Danmark (Gr\u00f8nland), Island, Russland, Canada og USA.<\/li>\n<li>Gr\u00f8nland er en del av det danske riksfellesskapet (Danmark, F\u00e6r\u00f8yene, Gr\u00f8nland)\u00a0og har siden 1979 hatt vidstrakt selvstyre, kalt hjemmestyre.<\/li>\n<li>\n<ul>Under 2. verdenskrig ble \u00f8ya okkupert av USA. Amerikanerne har siden opprettholdt en base \u2013 Pituffik Space Base \u2013 nordvest p\u00e5 \u00f8ya. (NTB)<\/ul>\n<\/li>\n<\/ul>\n<p>Ny Gr\u00f8nland-strategi?<\/p>\n<p>Hilde st\u00f8ttes av Andreas \u00d8sthagen, forskningsleder hav og<br \/>\nArktis ved Fridtjof Nansens Institutt. Han forsker p\u00e5 den politiske dynamikken<br \/>\ni Arktis og nordomr\u00e5dene, og er s\u00e6rlig opptatt av sikkerhet og geopolitikk.<\/p>\n<p>\u2013 Jeg tror man kan tolke den (stillheten, journ.anm.) slik<br \/>\nat USA har innsett at m\u00e5ten de har g\u00e5tt fram p\u00e5 n\u00e5r det gjelder Gr\u00f8nland, ikke<br \/>\nhar v\u00e6rt den mest konstruktive for \u00e5 oppn\u00e5 det de \u00f8nsker, sier \u00d8sthagen til Dagsavisen.<\/p>\n<p>Han tror Donald Trump har innsett at den \u00abveldig transaksjonelle<br \/>\nbusiness-m\u00e5ten \u00e5 tiln\u00e6rme seg utenrikspolitikk og diplomati p\u00e5\u00bb, kanskje ikke<br \/>\nhar funket s\u00e5 godt i tilfellet Gr\u00f8nland.<\/p>\n<p>\u2013 Jeg h\u00e5per i hvert fall at det er det som har skjedd. At<br \/>\nman kanskje har justert strategien, selv om Gr\u00f8nland-interessen nok er der<br \/>\nfortsatt, sier Arktis-eksperten.<\/p>\n<p>                <img decoding=\"async\" src=\"https:\/\/www.europesays.com\/no\/wp-content\/uploads\/2025\/09\/9968708.webp\" width=\"480\" height=\"274\" title=\"Andreas \u00d8sthagen ved Fridtjof Nansens Institutt f\u00f8lger Arktis tett.\" alt=\"\" loading=\"lazy\" style=\"\"\/><\/p>\n<p>\n            Andreas \u00d8sthagen ved Fridtjof Nansens Institutt f\u00f8lger Arktis tett.<br \/>\n            Foto: J\u00f8rn H. Skj\u00e6rpe\n        <\/p>\n<p class=\"italic m-italic\" data-lab-italic=\"italic\">\u2013 Kan det blusse opp igjen fra Trumps side?<\/p>\n<p>\u2013 Helt sikkert. Trump kan komme med en eller annen uttalelse<br \/>\np\u00e5 vei inn i et helikopter. Han kan slenge ut en kommentar, og da hopper<br \/>\nmediene p\u00e5 og lager en stor sak av det, svarer \u00d8sthagen.<\/p>\n<p>\u2013 Men det er nok mange prosesser som p\u00e5g\u00e5r samtidig fra<br \/>\nUSAs side, med tanke p\u00e5 amerikanernes tilstedev\u00e6relse p\u00e5 Gr\u00f8nland. Det er snakk<br \/>\nom \u00e5 opprette nye basestrukturer, investere mer i de allerede eksisterende<br \/>\nbasestrukturene, utvide konsulatet som de allerede har i Nuuk, og s\u00e5 videre. Den<br \/>\ntypen prosesser tror jeg p\u00e5g\u00e5r uansett, tilf\u00f8yer han.<\/p>\n<p>        <a itemprop=\"url\" class=\"\" href=\"https:\/\/www.dagsavisen.no\/nyheter\/det-er-en-logn-fra-putin-og-han-vet-det-selv\/9966370\" data-k5a-url=\"https:\/\/www.dagsavisen.no\/a\/9966370\" rel=\"nofollow noopener\" target=\"_blank\"><\/p>\n<p>            \u2013 Det er en l\u00f8gn fra Putin. Og han vet det selv<\/p>\n<p>        <\/a><\/p>\n<p> \u2013 Situasjonen er perfekt for USA<\/p>\n<p>Gr\u00f8nland-eksperten Jon Rahbek-Clemmensen\u00a0<a href=\"https:\/\/www.dagsavisen.no\/nyheter\/verden\/2025\/01\/07\/trump-gronland-og-spillet-om-arktis-dette-er-alvor\/\" target=\"_blank\" rel=\"nofollow noopener\">har tidligere uttalt til Dagsavisen<\/a>\u00a0at han har stusset<br \/>\nover at Trump igjen har tatt opp Gr\u00f8nland-ambisjonene, som Trump ogs\u00e5 fl\u00f8rtet<br \/>\nmed i sin f\u00f8rste presidentperiode.<\/p>\n<p>                <img decoding=\"async\" src=\"https:\/\/www.europesays.com\/no\/wp-content\/uploads\/2025\/09\/9968710.webp\" width=\"480\" height=\"274\" title=\"Jon Rahbek-Clemmensen.\" alt=\"\" loading=\"lazy\" style=\"\"\/><\/p>\n<p>\n            Jon Rahbek-Clemmensen.<br \/>\n            Pressefoto\n        <\/p>\n<p>\u2013 USA har i utgangspunktet tre interesser p\u00e5 Gr\u00f8nland. For<br \/>\ndet f\u00f8rste er Gr\u00f8nlands geografi milit\u00e6rt viktig for USA, s\u00e6rlig p\u00e5 grunn av<br \/>\nden amerikanske rombasen Pituffik p\u00e5 Nord-Gr\u00f8nland. For det andre har USA ogs\u00e5<br \/>\ninteresse av de viktige mineralene som finnes p\u00e5 Gr\u00f8nland, s\u00e6rlig sjeldne<br \/>\njordarter, sa Rahbek-Clemmensen til Dagsavisen i januar.<\/p>\n<p>For det tredje \u00f8nsker USA \u00e5 hindre Kina i \u00e5 f\u00e5 fotfeste p\u00e5<br \/>\nGr\u00f8nland, forklarte Rahbek-Clemmensen.<\/p>\n<p>\u2013 Men USA oppn\u00e5r allerede alle disse interessene i dag, s\u00e5<br \/>\nUSA har etter mitt syn ingen strategisk gevinst av \u00e5 endre dagens situasjon,<br \/>\nbortsett fra at USA kan ende opp med \u00e5 betale regningen for driften av<br \/>\nGr\u00f8nland, som bel\u00f8per seg til et sted mellom 750 millioner og 1 milliard<br \/>\ndollar. Dagens situasjon er faktisk perfekt for amerikanerne, fordi de f\u00e5r sine<br \/>\ninteresser oppfylt samtidig som de slipper \u00e5 betale regningen, sa den danske<br \/>\neksperten.<\/p>\n<p>        <a itemprop=\"url\" class=\"\" href=\"https:\/\/www.dagsavisen.no\/nyheter\/hvorfor-skal-gronland-si-ja-til-en-sa-darlig-trump-deal\/9730113\" data-k5a-url=\"https:\/\/www.dagsavisen.no\/a\/9730113\" rel=\"nofollow noopener\" target=\"_blank\"><\/p>\n<p>            \u2013 Hvorfor skal Gr\u00f8nland si ja til en s\u00e5 d\u00e5rlig Trump-\u00abdeal\u00bb?<\/p>\n<p>        <\/a><\/p>\n<p>Norges forsvarssjef Eirik Kristoffersen, som ogs\u00e5 var p\u00e5 plass p\u00e5 Arctic Security Conference 2025, <a href=\"https:\/\/www.dagsavisen.no\/nyheter\/forsvarssjefen-om-trump-onske-ikke-sa-lenge-jeg-lever\/9900151\" target=\"_blank\" rel=\"nofollow noopener\">sa til Dagsavisen<br \/>\nunder Arendalsuka<\/a> i august at han ikke tror Gr\u00f8nland blir amerikansk i hans<br \/>\nlevetid.<\/p>\n<p>\u2013 Det tror jeg mer er retorikk (fra Donald Trump,<br \/>\njourn.anm.) enn realitet. Jeg tenker at\u00a0Gr\u00f8nland er trygt dansk, s\u00e5<br \/>\nlenge jeg lever i hvert fall, sa Kristoffersen.<\/p>\n<p>\u00a0F\u00e5 nyhetsbrev fra Dagsavisen. Meld deg p\u00e5\u00a0<a href=\"https:\/\/www.dagsavisen.no\/om-dagsavisen\/2023\/12\/20\/fa-daglig-nyhetsbrev\/\" style=\"font-style: italic; font-size: 1.125rem;\" rel=\"nofollow noopener\" target=\"_blank\">her<\/a>!<\/p>\n<p>        <a itemprop=\"url\" class=\"\" href=\"https:\/\/www.dagsavisen.no\/nyheter\/trump-gronland-og-spillet-om-arktis-dette-er-alvor\/9726464\" data-k5a-url=\"https:\/\/www.dagsavisen.no\/a\/9726464\" rel=\"nofollow noopener\" target=\"_blank\"><\/p>\n<p>            Trump, Gr\u00f8nland og spillet om Arktis: \u2013 Dette er alvor<\/p>\n<p>        <\/a><\/p>\n","protected":false},"excerpt":{"rendered":"Etter en rekke Trump-utspill om Gr\u00f8nland i vinter, er det blitt mer stille fra USAs president den siste&hellip;\n","protected":false},"author":2,"featured_media":41816,"comment_status":"","ping_status":"","sticky":false,"template":"","format":"standard","meta":{"footnotes":""},"categories":[12],"tags":[20,21,24,25,15,22,23,13,30,28,29,14,16,26,27,42,43,44,45],"class_list":{"0":"post-41815","1":"post","2":"type-post","3":"status-publish","4":"format-standard","5":"has-post-thumbnail","7":"category-verden","8":"tag-breaking-news","9":"tag-breakingnews","10":"tag-featured-news","11":"tag-featurednews","12":"tag-headlines","13":"tag-latest-news","14":"tag-latestnews","15":"tag-news","16":"tag-no","17":"tag-norge","18":"tag-norway","19":"tag-nyheter","20":"tag-overskrifter","21":"tag-top-stories","22":"tag-topstories","23":"tag-verden","24":"tag-world","25":"tag-world-news","26":"tag-worldnews"},"share_on_mastodon":{"url":"","error":""},"_links":{"self":[{"href":"https:\/\/www.europesays.com\/no\/wp-json\/wp\/v2\/posts\/41815","targetHints":{"allow":["GET"]}}],"collection":[{"href":"https:\/\/www.europesays.com\/no\/wp-json\/wp\/v2\/posts"}],"about":[{"href":"https:\/\/www.europesays.com\/no\/wp-json\/wp\/v2\/types\/post"}],"author":[{"embeddable":true,"href":"https:\/\/www.europesays.com\/no\/wp-json\/wp\/v2\/users\/2"}],"replies":[{"embeddable":true,"href":"https:\/\/www.europesays.com\/no\/wp-json\/wp\/v2\/comments?post=41815"}],"version-history":[{"count":0,"href":"https:\/\/www.europesays.com\/no\/wp-json\/wp\/v2\/posts\/41815\/revisions"}],"wp:featuredmedia":[{"embeddable":true,"href":"https:\/\/www.europesays.com\/no\/wp-json\/wp\/v2\/media\/41816"}],"wp:attachment":[{"href":"https:\/\/www.europesays.com\/no\/wp-json\/wp\/v2\/media?parent=41815"}],"wp:term":[{"taxonomy":"category","embeddable":true,"href":"https:\/\/www.europesays.com\/no\/wp-json\/wp\/v2\/categories?post=41815"},{"taxonomy":"post_tag","embeddable":true,"href":"https:\/\/www.europesays.com\/no\/wp-json\/wp\/v2\/tags?post=41815"}],"curies":[{"name":"wp","href":"https:\/\/api.w.org\/{rel}","templated":true}]}}