{"id":41842,"date":"2025-09-22T08:37:08","date_gmt":"2025-09-22T08:37:08","guid":{"rendered":"https:\/\/www.europesays.com\/no\/41842\/"},"modified":"2025-09-22T08:37:08","modified_gmt":"2025-09-22T08:37:08","slug":"fikk-spesiell-drakt-hyller-molde-kompisen-rbnett-no","status":"publish","type":"post","link":"https:\/\/www.europesays.com\/no\/41842\/","title":{"rendered":"Fikk spesiell drakt \u2013 hyller Molde-kompisen &#8211; rbnett.no"},"content":{"rendered":"<ol>\n<li><a href=\"https:\/\/news.google.com\/rss\/articles\/CBMijwFBVV95cUxNeThYNDRCdE8yYkQ1MUx1UUgtXzFReXVMUlFRckp1UE5idnFQM2FlVjhNYTlxMC1OODI4OGtfbzlOR3ptMHUzb2pqRl83SExVS1RmbXlrYkVLeG04ZGpQN2xuN2U5cFZvMTF0RzZFbVBaU2VYV2w1N2gyRXgzNkM0YW5QX2RUX0pWSFF5Z2RaTQ?oc=5\" target=\"_blank\" rel=\"nofollow noopener\">Fikk spesiell drakt \u2013 hyller Molde-kompisen<\/a>&nbsp;&nbsp;rbnett.no<\/li>\n<li><a href=\"https:\/\/news.google.com\/rss\/articles\/CBMifkFVX3lxTE9vRWJiSWo4OWNxMllSWXRqV0xDdzZaZ0k3d1paZlAwSGVRWTdSNnM0U1kwYS1zQzhZVWRsR2x6b3F3M19NWUNtS2M4VjZYWmJiaFpFVF9CXzFHRzRjdXhtTE5SSHlObWQyQXNkYkozblYwWlJNMlQ3NmN2RGJhZw?oc=5\" target=\"_blank\" rel=\"nofollow noopener\">S\u00e5nn har du aldri h\u00f8rt \u00abEin bl\u00e5e dag\u00bb f\u00f8r<\/a>&nbsp;&nbsp;Stavanger Aftenblad<\/li>\n<li><a href=\"https:\/\/news.google.com\/rss\/articles\/CBMitwFBVV95cUxQOGhFRXROS1BsdEpXTmFZZ0lBYWlybGJfbFh2UkNGa3o3MFJHMWNqcHZ4TjdNTVBhdGYyR0tpMGVFOVNhazdXNGpRNUZKSlk2Nkp0aGFRa1dRdWNrMGFPNFByLThqUFNOd1gxZEplc0l1WVRaamVJdlVyMmRpMEdyNmhWbkhSSEZzemtLRmgySlFLall6UmE5WXpUQTM2MTE5cjZtWklaQmdoeXpzakY2bkZxcy1MUW8?oc=5\" target=\"_blank\" rel=\"nofollow noopener\">(+) Veton Berisha f\u00f8r Molde-kampen: \u2013 Det er noe som kan bikke kamper i v\u00e5r fav\u00f8r<\/a>&nbsp;&nbsp;RA Stavanger<\/li>\n<li><a href=\"https:\/\/news.google.com\/rss\/articles\/CBMi0gFBVV95cUxNbG5xWjJsb0gtQzBsQ1JIckM5MGZOenE3dFE1V3VoQTNraUlMUS15end2OXVERXhXNmVJYmhvUHd4RkpXaUZMSXlmbmY4R01BbGZjSFBHNXFRZEFIaFg2dUlIdWYyMmx6Z3MyTC1iaFZsbENEMjhHQXZ0dVgwNE5rMVJhSUJaQkFqOHpyQUdXSUNsb25VYXZJcUVfeDVJQ1phTTBKOVp5Qmx1VWlzdDNnME9KRkdQckg5REY4anpfNXdUaW5IN3FpS3BYNk43N3VieHc?oc=5\" target=\"_blank\" rel=\"nofollow noopener\">Veton Berisha \u00e5pner opp om Molde-nedturen: \u2013 Da kom tankene \u2013 kommer jeg til \u00e5 spille mer fotball?<\/a>&nbsp;&nbsp;Stavanger Aftenblad<\/li>\n<li><a href=\"https:\/\/news.google.com\/rss\/articles\/CBMivAFBVV95cUxNc0ZkTUVLYzlfeE12T0hMbXlObjhoVUdHZ3RETXZ4Vll3cTlfNkZBV2xCVFlTR2liUE9tUmtqRUhhaThXeGJEUzVsZlNERklvSXZUQWgtZEE1RUNhOG8tLVdhZmhFNm1ucG1VUC1RcE1rRHBZRzFzQkZsUWVqTkxNSGVUU1I3V1h3ZThSSGFRaVBSTFllTHdydWNPV1FoaktXNlVPX0FmakxwcWFyRjhXaHQyUmhRWjBENkpFcA?oc=5\" target=\"_blank\" rel=\"nofollow noopener\">En hyllest til Stavanger: S\u00e5nn har du aldri h\u00f8rt &laquo;Ein bl\u00e5e dag&raquo; f\u00f8r<\/a>&nbsp;&nbsp;Stavanger kommune<\/li>\n<\/ol>\n","protected":false},"excerpt":{"rendered":"Fikk spesiell drakt \u2013 hyller Molde-kompisen&nbsp;&nbsp;rbnett.no S\u00e5nn har du aldri h\u00f8rt \u00abEin bl\u00e5e dag\u00bb f\u00f8r&nbsp;&nbsp;Stavanger Aftenblad (+) Veton&hellip;\n","protected":false},"author":2,"featured_media":41843,"comment_status":"","ping_status":"","sticky":false,"template":"","format":"standard","meta":{"footnotes":""},"categories":[59],"tags":[30,28,29,83,82],"class_list":{"0":"post-41842","1":"post","2":"type-post","3":"status-publish","4":"format-standard","5":"has-post-thumbnail","7":"category-sport","8":"tag-no","9":"tag-norge","10":"tag-norway","11":"tag-sport","12":"tag-sports"},"share_on_mastodon":{"url":"","error":""},"_links":{"self":[{"href":"https:\/\/www.europesays.com\/no\/wp-json\/wp\/v2\/posts\/41842","targetHints":{"allow":["GET"]}}],"collection":[{"href":"https:\/\/www.europesays.com\/no\/wp-json\/wp\/v2\/posts"}],"about":[{"href":"https:\/\/www.europesays.com\/no\/wp-json\/wp\/v2\/types\/post"}],"author":[{"embeddable":true,"href":"https:\/\/www.europesays.com\/no\/wp-json\/wp\/v2\/users\/2"}],"replies":[{"embeddable":true,"href":"https:\/\/www.europesays.com\/no\/wp-json\/wp\/v2\/comments?post=41842"}],"version-history":[{"count":0,"href":"https:\/\/www.europesays.com\/no\/wp-json\/wp\/v2\/posts\/41842\/revisions"}],"wp:featuredmedia":[{"embeddable":true,"href":"https:\/\/www.europesays.com\/no\/wp-json\/wp\/v2\/media\/41843"}],"wp:attachment":[{"href":"https:\/\/www.europesays.com\/no\/wp-json\/wp\/v2\/media?parent=41842"}],"wp:term":[{"taxonomy":"category","embeddable":true,"href":"https:\/\/www.europesays.com\/no\/wp-json\/wp\/v2\/categories?post=41842"},{"taxonomy":"post_tag","embeddable":true,"href":"https:\/\/www.europesays.com\/no\/wp-json\/wp\/v2\/tags?post=41842"}],"curies":[{"name":"wp","href":"https:\/\/api.w.org\/{rel}","templated":true}]}}