{"id":41866,"date":"2025-09-22T08:58:08","date_gmt":"2025-09-22T08:58:08","guid":{"rendered":"https:\/\/www.europesays.com\/no\/41866\/"},"modified":"2025-09-22T08:58:08","modified_gmt":"2025-09-22T08:58:08","slug":"psg-stjerner-uteblir-fra-gullballen","status":"publish","type":"post","link":"https:\/\/www.europesays.com\/no\/41866\/","title":{"rendered":"PSG-stjerner uteblir fra Gullballen"},"content":{"rendered":"<p>PSG-spillerne kan ikke delta p\u00e5 Ballon d&#8217;Or-seremonien mandag kveld fordi bortekampen mot erkerivalen Marseille i Ligue 1 er blitt flyttet til samme kveld. Det melder blant andre L&#8217;Equipe.<\/p>\n<p>Kampen skulle opprinnelig spilles s\u00f8ndag, men ble utsatt p\u00e5 grunn av d\u00e5rlig v\u00e6r.<\/p>\n<p>        <img class=\"image__img lazyload\" itemprop=\"image\" title=\"Foto: MIGUEL MEDINA \/ AFP \/ NTB\" alt=\"UV\u00c6R: Kraftig regnv\u00e6r gjorde at Marseille-PSG m\u00e5tte utsettes. Foto: MIGUEL MEDINA \/ AFP \/ NTB\" width=\"978\" height=\"551\" bad-src=\"https:\/\/www.europesays.com\/no\/wp-content\/uploads\/2025\/09\/18122499.webp\" fetchpriority=\"auto\" \/><\/p>\n<p>      UV\u00c6R: Kraftig regnv\u00e6r gjorde at Marseille-PSG m\u00e5tte utsettes.<br \/>\n         Foto: MIGUEL MEDINA \/ AFP \/ NTB<\/p>\n<p>Flere av Luis Enriques europeiske mestere er nominert til priser, inkludert Ousmane Demb\u00e9l\u00e9, som er favoritt til \u00e5 vinne selve Ballon d&#8217;Or.\u00a0<\/p>\n<p>Den franske angriperen har v\u00e6rt str\u00e5lende for PSG i sesongen der laget vant Champions League, og han ble k\u00e5ret til turneringens beste spiller.<\/p>\n<p>Demb\u00e9l\u00e9 har v\u00e6rt ute av spill de siste ukene p\u00e5 grunn av en hamstringskade han p\u00e5dro seg under landslagssamlingen tidligere denne m\u00e5neden. 28-\u00e5ringen forventes \u00e5 v\u00e6re ute i ytterligere fire uker, og kan derfor likevel v\u00e6re til stede under mandagens seremoni.<\/p>\n<p><a href=\"http:\/\/tv2.no\/gullballen\" target=\"_blank\" rel=\"nofollow noopener\">Utdelingen kan du se p\u00e5 TV 2 Play og TV 2 Sport 1 fra kl. 19.<\/a><\/p>\n<p>Uv\u00e6r<\/p>\n<p>Ligue de Football Professionnel kunngjorde s\u00f8ndag at Le Classique mellom Marseille og PSG er flyttet til mandag klokken 20:00 p\u00e5 grunn av ekstremv\u00e6rvarselet for Marseille-regionen.\u00a0<\/p>\n<p>Dette sammenfaller med Ballon d&#8217;Or-seremonien i Paris samme kveld.<\/p>\n<p><a href=\"https:\/\/www.givemesport.com\/why-psg-players-will-not-attend-ballon-dor-ceremony\/\" target=\"_blank\" rel=\"nofollow noopener\">GiveMeSport rapporterer<\/a>\u00a0at det har v\u00e6rt \u00abintense diskusjoner\u00bb mellom de to klubbene om n\u00e5r kampen skulle spilles.\u00a0<\/p>\n<p>PSG \u00f8nsket at kampen skulle spilles p\u00e5 et annet tidspunkt enn det n\u00e5 vedtatte 20.00 mandag \u2013 nettopp p\u00e5 grunn av Ballon d&#8217;Or-seremonien.<\/p>\n<p>\u2013 Jeg kan fortelle dere at de ikke var begeistret, men de var sv\u00e6rt h\u00f8flige. De ville ha foretrukket at kampen ble spilt s\u00f8ndag kveld, men de aksepterte avgj\u00f8relsen,\u00a0sier Georges-Fran\u00e7ois Leclerc, prefekt i Provence-Alpes-C\u00f4te d&#8217;Azur-regionen, til RMC Sport.<\/p>\n<p><a href=\"http:\/\/tv2.no\/gullballen\" target=\"_blank\" rel=\"nofollow noopener\">Sjekk alt og si din mening i v\u00e5rt Gullballen-senter.<\/a><\/p>\n<p>Favoritter<\/p>\n<p>Luis Enrique, som er en av favorittene til \u00e5 motta Johan Cruyff-trofeet for \u00e5rets trener, vil n\u00e5 sannsynligvis v\u00e6re opptatt med \u00e5 lede laget mot erkerivalen i stedet for \u00e5 kunne motta en eventuell pris.\u00a0<\/p>\n<p>Vitinha, Khvicha Kvaratskhelia og Nuno Mendes er ogs\u00e5 nominert til Ballon d&#8217;Or, men regnes som outsidere.<\/p>\n<p data-lab-font_weight=\"\">Dette er ikke en gjentakelse av Ballon d&#8217;Or-dramaet fra 2024, da Real Madrid-spillerne valgte \u00e5 ikke delta p\u00e5 seremonien etter \u00e5 ha f\u00e5tt vite at Rodri hadde sl\u00e5tt Vinicius Junior i kampen om prisen.\u00a0<\/p>\n<p data-lab-font_weight=\"\">Det var en klubbavgj\u00f8relse, og det er ingen forpliktelse for enkeltpersoner \u00e5 delta, men PSG vil utvilsomt beklage \u00e5 g\u00e5 glipp av \u00e5rets seremoni.<\/p>\n<p>Denne saken er skrevet med hjelp av kunstig intelligens, og er kvalitetssikret av TV 2s journalister.\u00a0<a href=\"https:\/\/hjelp.tv2.no\/info\/artikkel\/slik-jobber-vi-med-ki-i-tv-2\" target=\"_blank\" rel=\"nofollow noopener\">Mer informasjon.<\/a><\/p>\n","protected":false},"excerpt":{"rendered":"PSG-spillerne kan ikke delta p\u00e5 Ballon d&#8217;Or-seremonien mandag kveld fordi bortekampen mot erkerivalen Marseille i Ligue 1 er&hellip;\n","protected":false},"author":2,"featured_media":41867,"comment_status":"","ping_status":"","sticky":false,"template":"","format":"standard","meta":{"footnotes":""},"categories":[59],"tags":[30,28,29,83,82],"class_list":{"0":"post-41866","1":"post","2":"type-post","3":"status-publish","4":"format-standard","5":"has-post-thumbnail","7":"category-sport","8":"tag-no","9":"tag-norge","10":"tag-norway","11":"tag-sport","12":"tag-sports"},"share_on_mastodon":{"url":"","error":""},"_links":{"self":[{"href":"https:\/\/www.europesays.com\/no\/wp-json\/wp\/v2\/posts\/41866","targetHints":{"allow":["GET"]}}],"collection":[{"href":"https:\/\/www.europesays.com\/no\/wp-json\/wp\/v2\/posts"}],"about":[{"href":"https:\/\/www.europesays.com\/no\/wp-json\/wp\/v2\/types\/post"}],"author":[{"embeddable":true,"href":"https:\/\/www.europesays.com\/no\/wp-json\/wp\/v2\/users\/2"}],"replies":[{"embeddable":true,"href":"https:\/\/www.europesays.com\/no\/wp-json\/wp\/v2\/comments?post=41866"}],"version-history":[{"count":0,"href":"https:\/\/www.europesays.com\/no\/wp-json\/wp\/v2\/posts\/41866\/revisions"}],"wp:featuredmedia":[{"embeddable":true,"href":"https:\/\/www.europesays.com\/no\/wp-json\/wp\/v2\/media\/41867"}],"wp:attachment":[{"href":"https:\/\/www.europesays.com\/no\/wp-json\/wp\/v2\/media?parent=41866"}],"wp:term":[{"taxonomy":"category","embeddable":true,"href":"https:\/\/www.europesays.com\/no\/wp-json\/wp\/v2\/categories?post=41866"},{"taxonomy":"post_tag","embeddable":true,"href":"https:\/\/www.europesays.com\/no\/wp-json\/wp\/v2\/tags?post=41866"}],"curies":[{"name":"wp","href":"https:\/\/api.w.org\/{rel}","templated":true}]}}