{"id":41910,"date":"2025-09-22T09:54:07","date_gmt":"2025-09-22T09:54:07","guid":{"rendered":"https:\/\/www.europesays.com\/no\/41910\/"},"modified":"2025-09-22T09:54:07","modified_gmt":"2025-09-22T09:54:07","slug":"sjekk-borsen-etter-nytt-mfk-tap-rbnett-no","status":"publish","type":"post","link":"https:\/\/www.europesays.com\/no\/41910\/","title":{"rendered":"Sjekk b\u00f8rsen etter nytt MFK-tap &#8211; rbnett.no"},"content":{"rendered":"<ol>\n<li><a href=\"https:\/\/news.google.com\/rss\/articles\/CBMigwFBVV95cUxQMWIxUXlXTV9ZdDVCV0xBemh1UUVER2ZxaU0tR2pJQlpDalhNT2xoWnMycVM1RXdUaVFPaGpYeEFHaUxfeUtNVDRVSmEtQmotWXJtOWR3ekR4TFk5U05HZXlDYlZyYU4zWk85WFlDcWpFNW4tR3lBQ0diSzFjeEEzbC1ENA?oc=5\" target=\"_blank\" rel=\"nofollow noopener\">Sjekk b\u00f8rsen etter nytt MFK-tap<\/a>&nbsp;&nbsp;rbnett.no<\/li>\n<li><a href=\"https:\/\/news.google.com\/rss\/articles\/CBMizAFBVV95cUxNd3FqRlJUWEdhNmdiVDFMaXpBNC1BN2ZpVmRKT0l3c2JOZDNRVTZDSXloc3d3ZFBMd1BXMDd2NkNCeTh5ZzdpakxLTjQ4R19pRVUtVnJXbkdqT20tQnRkT2N0b2o3OEhLN3djWE13OENlT2htOVNBcEhzSXlMcl94NmJmdFJrT0VMZzE4aFJFcFROWVlpdHRXQ2YwZFo4SzRITTEyZ2wzYjdvcWU1SGthbXNJeUkzS2FJTjZoRFQ4TUsxU2FqMW9vMlF6NU0?oc=5\" target=\"_blank\" rel=\"nofollow noopener\">Viking tok vare p\u00e5 sjansen \u2013 full tenning i gullkampen<\/a>&nbsp;&nbsp;VG<\/li>\n<li><a href=\"https:\/\/news.google.com\/rss\/articles\/CBMifkFVX3lxTE1RdFVCZGMwMlBFTzlOZG9lYno2Tl9NRUZCTUxteUxLQ1FqN1hpWElJRWdtU0Vab0xZMy1uOTRDZHFOZDhYOWtKX0JJWU9zZTFNUnVTUmhZRjR3MFdQdXRrbnRQQ1p5S09sWjBKdXhJQ3l2OUo0a3lJbG11aEpLZw?oc=5\" target=\"_blank\" rel=\"nofollow noopener\">Stavanger koker: Gulldr\u00f8mmen lever<\/a>&nbsp;&nbsp;Dagbladet<\/li>\n<li><a href=\"https:\/\/news.google.com\/rss\/articles\/CBMitwFBVV95cUxQREhaWXVIb00xOVJJaVJfVEkxWWZjSnpvUmxBOHh5WFJ2YkttLTEzRkRTSG5qcXZRV3RtVng1Z21sOGhLclp1NkdndVBJMnI3UVhXRUpyZzc3WVBEd2hxODdES3FLdV9NYnIyemx5aEVUUWVkWVVhREd3T29tNjhxeDlpQVRLSmI5bEpVODBQRE5FTlVVUEdBekdpU0xrdFFfV1dZaGJ0WEhfa0MwOGNqZjJVTHBFVTg?oc=5\" target=\"_blank\" rel=\"nofollow noopener\">Viking-treneren legger presset p\u00e5 gull\u00adrivalen: \u2013 Vi m\u00e5 t\u00f8rre \u00e5 nyte dette<\/a>&nbsp;&nbsp;Stavanger Aftenblad<\/li>\n<li><a href=\"https:\/\/news.google.com\/rss\/articles\/CBMiiwFBVV95cUxPTXBYMU12OG1IYXF1MVN1MjVqeWNrQURENlBFWjJrYzNTdmxuaThoaWc2Nm0tejBOdnhsdjhmdTkxRi1OZDE5aXM1NmJsQktXZVFiVG5xbE1sZTVlTXJCU3NnY1o1cHFqckk1dXlRWjJmaUtCT1l6cHBZNEE4NWxZUFJKTkg5aWZ1NmQw?oc=5\" target=\"_blank\" rel=\"nofollow noopener\">Dr\u00f8mmescoring: \u2013 Useri\u00f8st \u00e5 gj\u00f8re det i Eliteserien<\/a>&nbsp;&nbsp;TV2.no<\/li>\n<\/ol>\n","protected":false},"excerpt":{"rendered":"Sjekk b\u00f8rsen etter nytt MFK-tap&nbsp;&nbsp;rbnett.no Viking tok vare p\u00e5 sjansen \u2013 full tenning i gullkampen&nbsp;&nbsp;VG Stavanger koker: Gulldr\u00f8mmen&hellip;\n","protected":false},"author":2,"featured_media":41911,"comment_status":"","ping_status":"","sticky":false,"template":"","format":"standard","meta":{"footnotes":""},"categories":[59],"tags":[30,28,29,83,82],"class_list":{"0":"post-41910","1":"post","2":"type-post","3":"status-publish","4":"format-standard","5":"has-post-thumbnail","7":"category-sport","8":"tag-no","9":"tag-norge","10":"tag-norway","11":"tag-sport","12":"tag-sports"},"share_on_mastodon":{"url":"","error":""},"_links":{"self":[{"href":"https:\/\/www.europesays.com\/no\/wp-json\/wp\/v2\/posts\/41910","targetHints":{"allow":["GET"]}}],"collection":[{"href":"https:\/\/www.europesays.com\/no\/wp-json\/wp\/v2\/posts"}],"about":[{"href":"https:\/\/www.europesays.com\/no\/wp-json\/wp\/v2\/types\/post"}],"author":[{"embeddable":true,"href":"https:\/\/www.europesays.com\/no\/wp-json\/wp\/v2\/users\/2"}],"replies":[{"embeddable":true,"href":"https:\/\/www.europesays.com\/no\/wp-json\/wp\/v2\/comments?post=41910"}],"version-history":[{"count":0,"href":"https:\/\/www.europesays.com\/no\/wp-json\/wp\/v2\/posts\/41910\/revisions"}],"wp:featuredmedia":[{"embeddable":true,"href":"https:\/\/www.europesays.com\/no\/wp-json\/wp\/v2\/media\/41911"}],"wp:attachment":[{"href":"https:\/\/www.europesays.com\/no\/wp-json\/wp\/v2\/media?parent=41910"}],"wp:term":[{"taxonomy":"category","embeddable":true,"href":"https:\/\/www.europesays.com\/no\/wp-json\/wp\/v2\/categories?post=41910"},{"taxonomy":"post_tag","embeddable":true,"href":"https:\/\/www.europesays.com\/no\/wp-json\/wp\/v2\/tags?post=41910"}],"curies":[{"name":"wp","href":"https:\/\/api.w.org\/{rel}","templated":true}]}}