{"id":41912,"date":"2025-09-22T09:58:06","date_gmt":"2025-09-22T09:58:06","guid":{"rendered":"https:\/\/www.europesays.com\/no\/41912\/"},"modified":"2025-09-22T09:58:06","modified_gmt":"2025-09-22T09:58:06","slug":"flyplass-problemene-fortsetter-i-europa-etter-cyberangrep-nettavisen","status":"publish","type":"post","link":"https:\/\/www.europesays.com\/no\/41912\/","title":{"rendered":"Flyplass-problemene fortsetter i Europa etter cyberangrep &#8211; Nettavisen"},"content":{"rendered":"<ol>\n<li><a href=\"https:\/\/news.google.com\/rss\/articles\/CBMiqgFBVV95cUxOZFNKOGdieVRPcUtnX1lhUnBwWERwb0RiNnJNeUFyeXlHd3RFbE5HVENJWE5jWmY0SWIxRDgyWjdHVjFuMGhjcm9aNUJTV1p3eTlWQVREY2JMYzVRRlZPa2p0MEo0eUZrSlRoSFFvOGpMQ0pSQlJqZXdKUndYTy1yejJsVjhzSjdvdk9HZXdRVkowbEc5c1NGMmxxbC1vRDB5a0duQm9CNktfdw?oc=5\" target=\"_blank\" rel=\"nofollow noopener\">Flyplass-problemene fortsetter i Europa etter cyberangrep<\/a>&nbsp;&nbsp;Nettavisen<\/li>\n<li><a href=\"https:\/\/news.google.com\/rss\/articles\/CBMiqwFBVV95cUxQcUJ4b2VpOWVZUHczdnQ0SmZJbzdrcEtlOG1Uckp4clBMQ2dRSjJoRDE4Y2pBb2ZFRXpPWnV3QlhMSS1yX0VsNVpmcTc2MXJ0ckF3d0xZVFRsanZOYUJud2FDNGRQcnVLc192eTdCYTFsUTkzLTRUa2lLOG5YRGZ1WUZPZ2pDMEZqaUtRblBqczNZR25QUWVpT2dXc0lCWlROU2pjZlhXYk9iN3c?oc=5\" target=\"_blank\" rel=\"nofollow noopener\">Flyplass-problemer i Europa<\/a>&nbsp;&nbsp;adressa.no<\/li>\n<li><a href=\"https:\/\/news.google.com\/rss\/articles\/CBMiiwFBVV95cUxNU25iNW0yNy1EZFZvcDhvM09qU1VQZkxXdXNXU2VSTWRCRUhWM3NfYzBVMVhLc2k4YTNWdHdqNXI2NGxZdldRd2g3MV9hWHpMZlI2RF9WWXZNNl9kWWJjVmE2bEd4bExEYll2Zy1uUHNZVHFTTWRzM1dzdFp4U1NrMWhPa2FlOEdpaEYw?oc=5\" target=\"_blank\" rel=\"nofollow noopener\">Flyanalytiker: \u2013 Dette er veldig uvanlig<\/a>&nbsp;&nbsp;TV2.no<\/li>\n<li><a href=\"https:\/\/news.google.com\/rss\/articles\/CBMioAFBVV95cUxOejN6aVRzTExScVlUZFdIVWZQcXhya1o4azBtOUIyMURwb0pYTm1OUzJNRDRVbGMyenRBaFNxWXV3aDQ3aWRzQnZBa2w5Zzl2dUdBSTUzZzhDSWN0VmVPYkcxZC1NdTlERWVseWVxNm9JUC1BX1dlUGZtQmxORTA3enVURzdMa2RDTWdibWtNVEdwX0p4azZybFY5YTRVODJu?oc=5\" target=\"_blank\" rel=\"nofollow noopener\">Trafikken direkte &#8211; Stanset kj\u00f8ret\u00f8y i Hundv\u00e5gtunnelen &#8211; tunnelen er stengt<\/a>&nbsp;&nbsp;Stavanger Aftenblad<\/li>\n<li><a href=\"https:\/\/news.google.com\/rss\/articles\/CBMiWkFVX3lxTE4zNU1EcEhtdFVXRnJrbFJSWkt2cmdHeEsxaEc0R3prRjFEUUdjN0Iwd0x4Y2xCRUNkWWhiZnJnM3pXdXV4amY5MFBKWFdzNHY1bE9WM0FpSnRPdw?oc=5\" target=\"_blank\" rel=\"nofollow noopener\">Luftfart \u2013 Siste nytt<\/a>&nbsp;&nbsp;NRK<\/li>\n<\/ol>\n","protected":false},"excerpt":{"rendered":"Flyplass-problemene fortsetter i Europa etter cyberangrep&nbsp;&nbsp;Nettavisen Flyplass-problemer i Europa&nbsp;&nbsp;adressa.no Flyanalytiker: \u2013 Dette er veldig uvanlig&nbsp;&nbsp;TV2.no Trafikken direkte &#8211;&hellip;\n","protected":false},"author":2,"featured_media":41913,"comment_status":"","ping_status":"","sticky":false,"template":"","format":"standard","meta":{"footnotes":""},"categories":[12],"tags":[20,21,24,25,15,22,23,13,30,28,29,14,16,26,27,42,43,44,45],"class_list":{"0":"post-41912","1":"post","2":"type-post","3":"status-publish","4":"format-standard","5":"has-post-thumbnail","7":"category-verden","8":"tag-breaking-news","9":"tag-breakingnews","10":"tag-featured-news","11":"tag-featurednews","12":"tag-headlines","13":"tag-latest-news","14":"tag-latestnews","15":"tag-news","16":"tag-no","17":"tag-norge","18":"tag-norway","19":"tag-nyheter","20":"tag-overskrifter","21":"tag-top-stories","22":"tag-topstories","23":"tag-verden","24":"tag-world","25":"tag-world-news","26":"tag-worldnews"},"share_on_mastodon":{"url":"","error":""},"_links":{"self":[{"href":"https:\/\/www.europesays.com\/no\/wp-json\/wp\/v2\/posts\/41912","targetHints":{"allow":["GET"]}}],"collection":[{"href":"https:\/\/www.europesays.com\/no\/wp-json\/wp\/v2\/posts"}],"about":[{"href":"https:\/\/www.europesays.com\/no\/wp-json\/wp\/v2\/types\/post"}],"author":[{"embeddable":true,"href":"https:\/\/www.europesays.com\/no\/wp-json\/wp\/v2\/users\/2"}],"replies":[{"embeddable":true,"href":"https:\/\/www.europesays.com\/no\/wp-json\/wp\/v2\/comments?post=41912"}],"version-history":[{"count":0,"href":"https:\/\/www.europesays.com\/no\/wp-json\/wp\/v2\/posts\/41912\/revisions"}],"wp:featuredmedia":[{"embeddable":true,"href":"https:\/\/www.europesays.com\/no\/wp-json\/wp\/v2\/media\/41913"}],"wp:attachment":[{"href":"https:\/\/www.europesays.com\/no\/wp-json\/wp\/v2\/media?parent=41912"}],"wp:term":[{"taxonomy":"category","embeddable":true,"href":"https:\/\/www.europesays.com\/no\/wp-json\/wp\/v2\/categories?post=41912"},{"taxonomy":"post_tag","embeddable":true,"href":"https:\/\/www.europesays.com\/no\/wp-json\/wp\/v2\/tags?post=41912"}],"curies":[{"name":"wp","href":"https:\/\/api.w.org\/{rel}","templated":true}]}}