{"id":41924,"date":"2025-09-22T10:08:12","date_gmt":"2025-09-22T10:08:12","guid":{"rendered":"https:\/\/www.europesays.com\/no\/41924\/"},"modified":"2025-09-22T10:08:12","modified_gmt":"2025-09-22T10:08:12","slug":"sport-fotball-et-sarpsborg-08-lag-totalt-blottet-for-identitet","status":"publish","type":"post","link":"https:\/\/www.europesays.com\/no\/41924\/","title":{"rendered":"Sport, Fotball | \u2013 Et Sarpsborg 08-lag totalt blottet for identitet"},"content":{"rendered":"\n<p>Marienlyst, hj\u00f8rnespark og Gustav Valsvik er lik baklengsm\u00e5l, etter hvilket alle Sarpsborg 08-spillerne st\u00e5r og ser p\u00e5 hverandre lettere forundret. Det burde de ikke v\u00e6re for det skjer hver bidige kamp der borte.<\/p>\n<p>  <a href=\"https:\/\/www.sa.no\/5-46-1886703\" class=\"related-teaser has-image default-opinion-teaser article--c-eRUmMG article--c-eRUmMG-jKCPdD-design-default\" rel=\"nofollow noopener\" target=\"_blank\"><\/p>\n<p>    <img decoding=\"async\" loading=\"lazy\"  src=\"https:\/\/www.europesays.com\/no\/wp-content\/uploads\/2025\/09\/cueres_scp-mangler_navn_x53kKLEdoHg.jpg\" alt=\"\" class=\"brick-c-cFOWSL\" style=\"\"\/><\/p>\n<p>\n            Les ogs\u00e5<\/p>\n<p>              Den samme gamle leksa!\n        <\/p>\n<p>  <\/a><\/p>\n<p>Et tamt Sarpsborg 08-lag fullstendig blottet for identitet tapte fortjent mot et Godset lag som hadde gjort hjemmeleksa si. At det er mulig \u00e5 tape s\u00e5 mange n\u00e6rkamper og andreballer m\u00e5 skyldes at de er for d\u00e5rlig trent p\u00e5 det, eller at det ikke har v\u00e6rt prioritert. Det hjelper ikke \u00e5 ha teknikk til doble gullballen n\u00e5r man bare blir dyttet vekk i neste omgang.<\/p>\n<p>Positive minutter<\/p>\n<p>De siste 25 av f\u00f8rste omgang var positive med gode innslag fra kantene Michael Opoku og Sondre S\u00f8rlie samt at Aimar Sher styrte. Hvilke valg Bj\u00f8rn Inge Utvik og Peter Reinhardsen tok underveis kan nok bare de forklare. Trist med Jo Inge Berget som dro p\u00e5 seg en strekk, eller hamstring som det visstnok heter n\u00e5. Den kunne se langvarig ut etter ansiktsuttrykket \u00e5 d\u00f8mme. Og Hvem som foreslo Nilsen Tangen som erstatter kan man lure p\u00e5.<\/p>\n<p>   <img decoding=\"async\" width=\"6664\" height=\"4442\" fetchpriority=\"low\"  loading=\"lazy\"  src=\"https:\/\/www.europesays.com\/no\/wp-content\/uploads\/2025\/09\/NTB_D5Y_LvUYkv0_1.jpg\" alt=\"\" class=\"brick-c-cFOWSL\" style=\"--brick-image-ratio: 6664 \/ 4442;\"\/><\/p>\n<p>    Anders Trondsen var tilbake i Sarpsborg 08-drakta i bortekampen mot Str\u00f8msgodset.<br \/>\n    Foto: Fredrik Varfjell\n  <\/p>\n<p>Hyggelig var det \u00e5 se Anders Trondsen og den unge dansken Andreas Nibe i 08-tr\u00f8ya, selv om det ikke akkurat var kampen \u00e5 briljere i. Nei slutt \u00e5 snakk om gode treninger og stor intensitet n\u00e5r det sjelden kommer til syne i kampene.<\/p>\n<p>Bunnlag<\/p>\n<p>I naboens sofa gikk diskusjonen p\u00e5 hvorfor vi taper mot de s\u00e5kalte bunnlagene. Jeg vil heller si de bak oss p\u00e5 tabellen. Antakelig fordi vi er n\u00e6rmere \u00e5 v\u00e6re et bunnlag selv enn et nummer 8 lag. Den plassen s\u00e5 mange supportere i Sarp er s\u00e5 leie av, men som jeg personlig ville gitt tre sesongkort for i det herrens \u00e5r 2025<\/p>\n<p>Viking neste etter en cupkamp mot Kjels\u00e5s p\u00e5 en sikkert t\u00f8rr og vanskelig kunstgressbane. Den skal bare vinnes, punktum. Etter Viking er det RBK borte og Glimt hjemme. Ut fra dagens innsats og mot de lagene lukter det ikke mange poeng, om noen, og en antakelig uggen tabellsituasjon. I dag hadde vi jo alle tiders sjanse til \u00e5 ta noen steg opp p\u00e5 tabellen.<\/p>\n<p>Etter denne kampen er det bra jeg er alene. For n\u00e5 er jeg b\u00e5de skuffet og grinete.<\/p>\n<p>  <a href=\"https:\/\/www.sa.no\/5-46-1886694\" class=\"related-teaser has-image default-story-teaser article--c-eRUmMG article--c-eRUmMG-jKCPdD-design-default\" rel=\"nofollow noopener\" target=\"_blank\"><\/p>\n<p>    <img decoding=\"async\" loading=\"lazy\"  src=\"https:\/\/www.europesays.com\/no\/wp-content\/uploads\/2025\/08\/SA-PODDEN+VIGNETT+NYESTE.jpg\" alt=\"\" class=\"brick-c-cFOWSL\" style=\"\"\/><\/p>\n<p>\n            Les ogs\u00e5<\/p>\n<p>              \u00abBingen\u00bb i SA-podden: \u2013 Jeg ser absolutt ingen positiv utvikling i dette laget!\n        <\/p>\n<p>  <\/a><\/p>\n<p>  <a href=\"https:\/\/www.sa.no\/5-46-1886200\" class=\"related-teaser has-image default-story-teaser article--c-eRUmMG article--c-eRUmMG-jKCPdD-design-default\" rel=\"nofollow noopener\" target=\"_blank\"><\/p>\n<p>    <img decoding=\"async\" loading=\"lazy\"  src=\"https:\/\/www.europesays.com\/no\/wp-content\/uploads\/2025\/09\/cueres_scp-mangler_navn_G5AogiplscM.jpg\" alt=\"\" class=\"brick-c-cFOWSL\" style=\"\"\/><\/p>\n<p>\n            Les ogs\u00e5<\/p>\n<p>              H\u00f8yt tempo og gode tendenser f\u00f8r det forsvant: \u2013 Jeg var nesten ikke borti ballen\n        <\/p>\n<p>  <\/a><\/p>\n<p>  <a href=\"https:\/\/www.sa.no\/5-46-1886206\" class=\"related-teaser has-image default-story-teaser article--c-eRUmMG article--c-eRUmMG-jKCPdD-design-default\" rel=\"nofollow noopener\" target=\"_blank\"><\/p>\n<p>    <img decoding=\"async\" loading=\"lazy\"  src=\"https:\/\/www.europesays.com\/no\/wp-content\/uploads\/2025\/09\/cueres_scp-mangler_navn_1c91jI7Xe3Y.jpg\" alt=\"\" class=\"brick-c-cFOWSL\" style=\"\"\/><\/p>\n<p>\n            Les ogs\u00e5<\/p>\n<p>              F\u00e5r mye tillit i ny rolle etter \u00e5 ha slitt med \u00e5 f\u00e5 spilletid\n        <\/p>\n<p>  <\/a><\/p>\n","protected":false},"excerpt":{"rendered":"Marienlyst, hj\u00f8rnespark og Gustav Valsvik er lik baklengsm\u00e5l, etter hvilket alle Sarpsborg 08-spillerne st\u00e5r og ser p\u00e5 hverandre&hellip;\n","protected":false},"author":2,"featured_media":41925,"comment_status":"","ping_status":"","sticky":false,"template":"","format":"standard","meta":{"footnotes":""},"categories":[59],"tags":[36,92,156,30,28,29,1533,133,83,82],"class_list":{"0":"post-41924","1":"post","2":"type-post","3":"status-publish","4":"format-standard","5":"has-post-thumbnail","7":"category-sport","8":"tag-art","9":"tag-fotball","10":"tag-meninger","11":"tag-no","12":"tag-norge","13":"tag-norway","14":"tag-opinion","15":"tag-sarpsborg-08","16":"tag-sport","17":"tag-sports"},"share_on_mastodon":{"url":"","error":""},"_links":{"self":[{"href":"https:\/\/www.europesays.com\/no\/wp-json\/wp\/v2\/posts\/41924","targetHints":{"allow":["GET"]}}],"collection":[{"href":"https:\/\/www.europesays.com\/no\/wp-json\/wp\/v2\/posts"}],"about":[{"href":"https:\/\/www.europesays.com\/no\/wp-json\/wp\/v2\/types\/post"}],"author":[{"embeddable":true,"href":"https:\/\/www.europesays.com\/no\/wp-json\/wp\/v2\/users\/2"}],"replies":[{"embeddable":true,"href":"https:\/\/www.europesays.com\/no\/wp-json\/wp\/v2\/comments?post=41924"}],"version-history":[{"count":0,"href":"https:\/\/www.europesays.com\/no\/wp-json\/wp\/v2\/posts\/41924\/revisions"}],"wp:featuredmedia":[{"embeddable":true,"href":"https:\/\/www.europesays.com\/no\/wp-json\/wp\/v2\/media\/41925"}],"wp:attachment":[{"href":"https:\/\/www.europesays.com\/no\/wp-json\/wp\/v2\/media?parent=41924"}],"wp:term":[{"taxonomy":"category","embeddable":true,"href":"https:\/\/www.europesays.com\/no\/wp-json\/wp\/v2\/categories?post=41924"},{"taxonomy":"post_tag","embeddable":true,"href":"https:\/\/www.europesays.com\/no\/wp-json\/wp\/v2\/tags?post=41924"}],"curies":[{"name":"wp","href":"https:\/\/api.w.org\/{rel}","templated":true}]}}