{"id":41938,"date":"2025-09-22T10:34:15","date_gmt":"2025-09-22T10:34:15","guid":{"rendered":"https:\/\/www.europesays.com\/no\/41938\/"},"modified":"2025-09-22T10:34:15","modified_gmt":"2025-09-22T10:34:15","slug":"alle-trengs-e24","status":"publish","type":"post","link":"https:\/\/www.europesays.com\/no\/41938\/","title":{"rendered":"Alle trengs \u2013 E24"},"content":{"rendered":"<p><img decoding=\"async\" class=\"image-asset hyperion-css-u06ts1\" data-test-tag=\"image-asset\" src=\"https:\/\/www.europesays.com\/no\/wp-content\/uploads\/2025\/09\/c39cc003-adf8-465a-a34a-f415a3cb10fd\"  alt=\"SPALTIST. Ferd-eier Johan Andresen. \"  loading=\"eager\" fetchpriority=\"high\" style=\"aspect-ratio:1900 \/ 1267\"\/>SPALTIST. Ferd-eier Johan Andresen. Foto: Ole Berg-Rusten \/ NTB<\/p>\n<p class=\"fullWidthDesktop hyperion-css-71ztg2\" data-test-tag=\"lead-text\">Hva som vil redusere forskjeller i Norge, er ikke alltid klart. Jeg tror vi m\u00e5 eksperimentere oss frem til nye l\u00f8sninger. <\/p>\n<ul data-test-tag=\"byline:authors\" data-testid=\"byline:authors\" class=\"hyperion-css-lq6271\">\n<li class=\"hyperion-css-b8p8ys\"><img decoding=\"async\" class=\"image-asset hyperion-css-u06ts1\" data-test-tag=\"image-asset\" src=\"https:\/\/www.europesays.com\/no\/wp-content\/uploads\/2025\/09\/518db4fd-d9fc-41a9-8bd0-b2e3efdc0c38\"  alt=\"Johan H. Andresen\"  fetchpriority=\"auto\" style=\"aspect-ratio:1900 \/ 1900\"\/>Johan H. Andresen\n<p>Styreleder og investor <\/p>\n<\/li>\n<\/ul>\n<p>Publisert: Publisert: <\/p>\n<p>For mindre enn 20 minutter siden<\/p>\n<p>E24s faste spaltister skriver jevnlig og gir uttrykk for sine egne holdninger.<\/p>\n<p class=\"hyperion-css-1lemvax\">Ferd venter i hvert fall ikke p\u00e5 neste store politiske reform. <\/p>\n<p class=\"hyperion-css-1lemvax\">Alle trengs. Selv milliard\u00e6rer. Med mindre man ikke \u00f8nsker bedrifter som er verdt milliarder. Og det kan det hende at noen p\u00e5 venstresiden faktisk ikke \u00f8nsker seg, men det er de ikke helt tydelige p\u00e5. <\/p>\n<p class=\"hyperion-css-1lemvax\">For de \u00f8nsker seg jo fond-i-fond systemer som Argentum, som investerer i fond som igjen investerer i bedrifter som er verdt eller kan bli verdt milliarder. Og mange av forvalterne av disse og Oljefondets mandater blir jo milliard\u00e6rer, s\u00e5 helt imot konseptet milliard\u00e6rer er venstresiden ikke. <\/p>\n<p class=\"hyperion-css-1lemvax\">Og det er jo litt forbi pussig at nettopp venstresiden har \u00f8nsket \u00e5 beholde statens eierskap i Argentum (i hvert fall <a data-test-tag=\"internal-link\" href=\"https:\/\/e24.no\/boers-og-finans\/i\/alm2rO\/staten-selger-forvaltningsvirksomheten-i-argentum-for-225-millioner-kroner\" class=\"hyperion-css-1rezu2g\" rel=\"nofollow noopener\" target=\"\" aria-label=\"frem til n\u00e5, \" theme=\"default_opinion_e24spaltist\">frem til n\u00e5, <\/a>hvor forvaltningsvirksomheten er blitt solgt). <\/p>\n<p class=\"hyperion-css-1lemvax\">For meg, som i 2001 sammen med andre i Investorforum bisto i f\u00f8dselen av Grete Knudsen-fondet, som det f\u00f8rst ble kalt, s\u00e5 er dette sm\u00e5tt surrealistisk. Form\u00e5let med konstruksjonen var \u00e5 opprette et statlig fond som skulle investere i norske fond, som igjen skulle investere i norske oppstarts- og vekstbedrifter. Noe senere ble form\u00e5let utvidet til \u00e5 investere i internasjonale fond som hadde samme form\u00e5l, nemlig \u00e5 investere i Norge.<\/p>\n<p class=\"hyperion-css-1lemvax\">I dag er Argentum hovedsakelig investert i store internasjonale PE-fond som har juridisk tilh\u00f8righet i skatteeffektive domisiler. Og de har hatt god avkastning, og er dermed blitt en utbytte-maskin for staten. I det Norske oppstarts- og fondsmilj\u00f8et er derimot denne offentlige satsningen kjent som \u00abthe Mother of all mission drifts\u00bb. Alts\u00e5 en offentlig konstruksjon som starter med gode intensjoner om \u00e5 bidra til verdiskapning i Norge, men som ender opp med \u00e5 allokere sine midler for \u00e5 tilfredsstille politikerens ut\u00f8mmelige behov for utbytte til statskassen. Og dette er ikke engang kontroversielt p\u00e5 noen side av politikken. <\/p>\n<p class=\"hyperion-css-1lemvax\">Jeg bruker Argentum kun som en illustrasjon p\u00e5 at milliarder egentlig er \u00f8nsket av politikere, kanskje forutsatt at de selv har h\u00e5nden direkte i honningkrukken. <\/p>\n<p class=\"hyperion-css-1lemvax\"><strong>Men muligens kunne de ha litt mer tillit til oss eiere som har v\u00e6rt her i mange generasjoner, og fortsatt er her, og har felles ambisjoner med dem om \u00e5 bidra til verdiskapning i Norge. <\/strong><\/p>\n<p class=\"hyperion-css-1lemvax\">For min hypotese er at de egentlig bryr seg like mye om mennesker som vi, \u2013 selv om det i valgkampens retoriske hete kanskje kunne virke annerledes.<\/p>\n<p class=\"hyperion-css-1lemvax\">Menneskesynet er n\u00f8kkelen til tillit og til \u00e5 skape tilpassede muligheter. Sv\u00e6rt mange av de ungdommene vi og v\u00e5re sosiale entrepren\u00f8rer jobber med, h\u00e5per p\u00e5 et mer personlig tilpasset tilbud enn det hovedgruppen i NAVs Gauss-kurve f\u00e5r. <\/p>\n<p class=\"hyperion-css-1lemvax\">For som S\u00f8ren Kierkegaard sa; \u00abAt man, n\u00e5r det i sannhet skal lykkes en \u00e5 f\u00f8re et menneske til et bestemt sted, f\u00f8rst og fremst m\u00e5 passe p\u00e5 \u00e5 finne ham der hvor han er og begynne der. Dette er hemmeligheten i all hjelpekunst\u2026For i sannhet \u00e5 kunne hjelpe en annen, m\u00e5 jeg forst\u00e5 mer enn ham \u2013 men dog vel f\u00f8rst og fremst forst\u00e5 det han forst\u00e5r.\u00bb<\/p>\n<p class=\"hyperion-css-1lemvax\">I Ferds Oslo-satsing, som egentlig ikke lenger er bare v\u00e5r da det n\u00e5 er mange flere private bedrifter og stiftelser som bidrar, s\u00e5 fors\u00f8ker vi \u00e5 skalere de beste l\u00f8sningene som finnes innen idrett, skole, fritidsaktiviteter, arbeid og friluftsliv. Og vi hjelper akt\u00f8rene til \u00e5 bli enda bedre sammen.<\/p>\n<p class=\"hyperion-css-1lemvax\">Vi i Ferd har krevende, men gode relasjoner til de tillitsvalgte i alle v\u00e5re bedrifter. Mange av dem referer til Ferds verdier i b\u00e5de t\u00f8ffe forhandlinger og i prat over en \u00f8l, og det virker som om de synes det er innafor at bedriften er eid av milliard\u00e6rer.<\/p>\n<p><a data-test-tag=\"teaser-small:link-internal\" href=\"https:\/\/e24.no\/boers-og-finans\/i\/nype2B\/knusktoerr-fest-paa-oslo-boers\" class=\"imagePosition-top inline hyperion-css-6238vu\" rel=\"nofollow noopener\" target=\"\" aria-label=\"Knuskt\u00f8rr fest p\u00e5 Oslo B\u00f8rs\"><\/p>\n<p>Les ogs\u00e5<\/p>\n<p>Knuskt\u00f8rr fest p\u00e5 Oslo B\u00f8rs<\/p>\n<p><\/a><\/p>\n<p class=\"hyperion-css-1lemvax\">Hva som vil redusere forskjeller i Norge, er ikke alltid klart. Jeg tror vi m\u00e5 eksperimentere oss frem til nye l\u00f8sninger. Ferd venter i hvert fall ikke p\u00e5 neste store politiske reform \u2013 jeg er trolig steindau n\u00e5r den blir lansert. I mellomtiden vil vi presentere en palett av mulige gode l\u00f8sninger som den kan inneholde.<\/p>\n<p class=\"hyperion-css-1lemvax\">Jeg inviterer herved alle, uansett politisk side, p\u00e5 en tur med linje 5 til Roms\u00e5s. Det vil ikke frita oss som skatteobjekter, men kanskje kan det bidra til at vi forst\u00e5r hverandre bedre. <\/p>\n<p class=\"hyperion-css-1lemvax\">Vi trenger \u00e5 bli utfordret. Ogs\u00e5 av politikere p\u00e5 venstresiden. <\/p>\n<p class=\"hyperion-css-1lemvax\">Alle trengs.<\/p>\n<p>Dette er E24s faste spaltister<\/p>\n<p class=\"hyperion-css-1lemvax\">Alle spaltene <a aria-label=\"kan leses her\" class=\"default_opinion_e24spaltist hyperion-css-1rezu2g\" href=\"https:\/\/e24.no\/emne\/64b268f4-0a36-43f2-89a4-a1987c501d33\/spaltist\" rel=\"noopener nofollow\" data-test-tag=\"external-link\" target=\"_blank\">kan leses her<\/a>. <\/p>\n<ul class=\"hyperion-css-101xvgp\">\n<li class=\"hyperion-css-ffhm6p\"><img decoding=\"async\" class=\"image-asset hyperion-css-n6kkq1\" data-test-tag=\"image-asset\" src=\"https:\/\/www.europesays.com\/no\/wp-content\/uploads\/2025\/09\/1758537252_694_0306f316-3c4b-4a6f-aeae-e3c9f1c21086\"  alt=\"\"  fetchpriority=\"auto\" style=\"aspect-ratio:1900 \/ 1267\"\/>TEKNOLOGI. Sophia Adampour\n<p class=\"hyperion-css-1lemvax\">Grunnlegger av teknologihuben Verse. Skriver om blokkjede, krypto og teknologi. <\/p>\n<\/li>\n<li class=\"hyperion-css-ffhm6p\"><img decoding=\"async\" class=\"image-asset hyperion-css-n6kkq1\" data-test-tag=\"image-asset\" src=\"https:\/\/www.europesays.com\/no\/wp-content\/uploads\/2025\/09\/1758537252_338_4f99deef-2cd5-425a-97ab-96530809ab89\"  alt=\"\"  fetchpriority=\"auto\" style=\"aspect-ratio:1900 \/ 1268\"\/>TEKNOLOGI. Eirin Larsen\n<p class=\"hyperion-css-1lemvax\">Teknologistrateg i Telenor og styremedlem i Fritt Ord. Tidligere journalist i bla. Adresseavisen og Dagens N\u00e6ringsliv.  <\/p>\n<\/li>\n<li class=\"hyperion-css-ffhm6p\"><img decoding=\"async\" class=\"image-asset hyperion-css-n6kkq1\" data-test-tag=\"image-asset\" src=\"https:\/\/www.europesays.com\/no\/wp-content\/uploads\/2025\/09\/1758537253_618_d3dc72a8-25b4-4aaa-a4e9-55807694b653\"  alt=\"\"  fetchpriority=\"auto\" style=\"aspect-ratio:1900 \/ 1290\"\/>TEKNOLOGI. Ishita Barua\n<p class=\"hyperion-css-1lemvax\">KI-forsker ved UiA, PhD, lege og techgr\u00fcnder.<\/p>\n<\/li>\n<li class=\"hyperion-css-ffhm6p\"><img decoding=\"async\" class=\"image-asset hyperion-css-n6kkq1\" data-test-tag=\"image-asset\" src=\"https:\/\/www.europesays.com\/no\/wp-content\/uploads\/2025\/09\/1758537253_905_8844fdd0-61ac-4af4-9c82-5cb8d73f5a7b\"  alt=\"\"  fetchpriority=\"auto\" style=\"aspect-ratio:1900 \/ 1267\"\/>UTENRIKS. Ine Marie Eriksen S\u00f8reide\n<p class=\"hyperion-css-1lemvax\">Leder i Stortingets utenriks- og forsvarskomit\u00e9 (H\u00f8yre). Tidligere forsvarsminister og utenriksminister. <\/p>\n<\/li>\n<li class=\"hyperion-css-ffhm6p\"><img decoding=\"async\" class=\"image-asset hyperion-css-n6kkq1\" data-test-tag=\"image-asset\" src=\"https:\/\/www.europesays.com\/no\/wp-content\/uploads\/2025\/09\/1758537253_532_58317d43-ef94-4501-828f-5dd8a5772737\"  alt=\"\"  fetchpriority=\"auto\" style=\"aspect-ratio:1900 \/ 1267\"\/>UTENRIKS. Espen Barth Eide\n<p class=\"hyperion-css-1lemvax\">Utenriksminister (Ap). Tidligere klima- og milj\u00f8minister. <\/p>\n<\/li>\n<li class=\"hyperion-css-ffhm6p\"><img decoding=\"async\" class=\"image-asset hyperion-css-n6kkq1\" data-test-tag=\"image-asset\" src=\"https:\/\/www.europesays.com\/no\/wp-content\/uploads\/2025\/09\/1758537253_320_c617320c-be23-4dc8-b704-4c3e16a070a9\"  alt=\"\"  fetchpriority=\"auto\" style=\"aspect-ratio:650 \/ 455\"\/>UTENRIKS OG POLITIKK. Asle Toje\n<p class=\"hyperion-css-1lemvax\">Utenrikspolitisk kommentator og forsker. <\/p>\n<\/li>\n<li class=\"hyperion-css-ffhm6p\"><img decoding=\"async\" class=\"image-asset hyperion-css-n6kkq1\" data-test-tag=\"image-asset\" src=\"https:\/\/www.europesays.com\/no\/wp-content\/uploads\/2025\/09\/1758537254_446_ce08866f-fee0-4f9a-87c3-728a125cdeb9\"  alt=\"\"  fetchpriority=\"auto\" style=\"aspect-ratio:956 \/ 1446\"\/>POLITIKK. Mathias Fischer\n<p class=\"hyperion-css-1lemvax\">Daglig leder i Initiativ Vest. Tidligere journalist og politiker. <\/p>\n<\/li>\n<li class=\"hyperion-css-ffhm6p\"><img decoding=\"async\" class=\"image-asset hyperion-css-n6kkq1\" data-test-tag=\"image-asset\" src=\"https:\/\/www.europesays.com\/no\/wp-content\/uploads\/2025\/09\/1758537254_892_2203a73b-d42c-4d31-9b2d-af12139e5a49\"  alt=\"\"  fetchpriority=\"auto\" style=\"aspect-ratio:1900 \/ 2074\"\/>EU OG EUROPA. Lina Strandv\u00e5g Nagell\n<p class=\"hyperion-css-1lemvax\">Leder for Prosjekter og EU-Politikk ved Bellonas Brussel-kontor. Skriver spalten Fra Brussel om hva som skjer i unionen. <\/p>\n<\/li>\n<li class=\"hyperion-css-ffhm6p\"><img decoding=\"async\" class=\"image-asset hyperion-css-n6kkq1\" data-test-tag=\"image-asset\" src=\"https:\/\/www.europesays.com\/no\/wp-content\/uploads\/2025\/09\/1758537254_255_89142cf4-bd3e-4259-9f1b-72ec30a2d74e\"  alt=\"\"  fetchpriority=\"auto\" style=\"aspect-ratio:1900 \/ 1267\"\/>EU OG EUROPA. George Riekeles\n<p class=\"hyperion-css-1lemvax\">Assisterende direkt\u00f8r ved den Brussel-baserte tenketanken European Policy Center (EPC). F\u00f8r dette var han blant annet diplomatisk r\u00e5dgiver for EUs sjefforhandler under Brexit. Skriver spalten Fra Brussel om hva som skjer i unionen. <\/p>\n<\/li>\n<li class=\"hyperion-css-ffhm6p\"><img decoding=\"async\" class=\"image-asset hyperion-css-n6kkq1\" data-test-tag=\"image-asset\" src=\"https:\/\/www.europesays.com\/no\/wp-content\/uploads\/2025\/09\/1758537255_250_91a675ac-7df1-4c8e-b6b9-00989784e04c\"  alt=\"\"  fetchpriority=\"auto\" style=\"aspect-ratio:1900 \/ 1247\"\/>OLJEFONDET. Carine Smith Ihenacho\n<p class=\"hyperion-css-1lemvax\">Direkt\u00f8r for eierskap og etterlevelse, Norges Bank Investment Management, popul\u00e6rt kalt Oljefondet. <\/p>\n<\/li>\n<li class=\"hyperion-css-ffhm6p\"><img decoding=\"async\" class=\"image-asset hyperion-css-n6kkq1\" data-test-tag=\"image-asset\" src=\"https:\/\/www.europesays.com\/no\/wp-content\/uploads\/2025\/09\/1758537255_518_0d65f368-9c54-465d-ba4e-69457934fb96\"  alt=\"\"  fetchpriority=\"auto\" style=\"aspect-ratio:1900 \/ 1268\"\/>N\u00c6RINGSLIV. Johan Andresen\n<p class=\"hyperion-css-1lemvax\">Styreleder og investor i Ferd-konsernet, med et ekstra engasjement for sosialt entrepren\u00f8rskap. <\/p>\n<\/li>\n<li class=\"hyperion-css-ffhm6p\"><img decoding=\"async\" class=\"image-asset hyperion-css-n6kkq1\" data-test-tag=\"image-asset\" src=\"https:\/\/www.europesays.com\/no\/wp-content\/uploads\/2025\/09\/1758537255_211_bd4038f3-e720-44a8-9a6d-4ea161531218\"  alt=\"\"  fetchpriority=\"auto\" style=\"aspect-ratio:1900 \/ 747\"\/>SKATT. Bettina Banoun\n<p class=\"hyperion-css-1lemvax\">Advokat, dr.juris. og partner i Wiersholm. Ogs\u00e5 medlem av Skatteutvalget. <\/p>\n<\/li>\n<\/ul>\n","protected":false},"excerpt":{"rendered":"SPALTIST. Ferd-eier Johan Andresen. Foto: Ole Berg-Rusten \/ NTB Hva som vil redusere forskjeller i Norge, er ikke&hellip;\n","protected":false},"author":2,"featured_media":41939,"comment_status":"","ping_status":"","sticky":false,"template":"","format":"standard","meta":{"footnotes":""},"categories":[10],"tags":[20,21,24,25,15,22,23,13,30,28,29,14,16,26,27],"class_list":{"0":"post-41938","1":"post","2":"type-post","3":"status-publish","4":"format-standard","5":"has-post-thumbnail","7":"category-norge","8":"tag-breaking-news","9":"tag-breakingnews","10":"tag-featured-news","11":"tag-featurednews","12":"tag-headlines","13":"tag-latest-news","14":"tag-latestnews","15":"tag-news","16":"tag-no","17":"tag-norge","18":"tag-norway","19":"tag-nyheter","20":"tag-overskrifter","21":"tag-top-stories","22":"tag-topstories"},"share_on_mastodon":{"url":"","error":""},"_links":{"self":[{"href":"https:\/\/www.europesays.com\/no\/wp-json\/wp\/v2\/posts\/41938","targetHints":{"allow":["GET"]}}],"collection":[{"href":"https:\/\/www.europesays.com\/no\/wp-json\/wp\/v2\/posts"}],"about":[{"href":"https:\/\/www.europesays.com\/no\/wp-json\/wp\/v2\/types\/post"}],"author":[{"embeddable":true,"href":"https:\/\/www.europesays.com\/no\/wp-json\/wp\/v2\/users\/2"}],"replies":[{"embeddable":true,"href":"https:\/\/www.europesays.com\/no\/wp-json\/wp\/v2\/comments?post=41938"}],"version-history":[{"count":0,"href":"https:\/\/www.europesays.com\/no\/wp-json\/wp\/v2\/posts\/41938\/revisions"}],"wp:featuredmedia":[{"embeddable":true,"href":"https:\/\/www.europesays.com\/no\/wp-json\/wp\/v2\/media\/41939"}],"wp:attachment":[{"href":"https:\/\/www.europesays.com\/no\/wp-json\/wp\/v2\/media?parent=41938"}],"wp:term":[{"taxonomy":"category","embeddable":true,"href":"https:\/\/www.europesays.com\/no\/wp-json\/wp\/v2\/categories?post=41938"},{"taxonomy":"post_tag","embeddable":true,"href":"https:\/\/www.europesays.com\/no\/wp-json\/wp\/v2\/tags?post=41938"}],"curies":[{"name":"wp","href":"https:\/\/api.w.org\/{rel}","templated":true}]}}