{"id":41976,"date":"2025-09-22T11:24:07","date_gmt":"2025-09-22T11:24:07","guid":{"rendered":"https:\/\/www.europesays.com\/no\/41976\/"},"modified":"2025-09-22T11:24:07","modified_gmt":"2025-09-22T11:24:07","slug":"russland-ber-om-lettelser-i-sanksjoner","status":"publish","type":"post","link":"https:\/\/www.europesays.com\/no\/41976\/","title":{"rendered":"Russland: Ber om lettelser i sanksjoner"},"content":{"rendered":"<p>Siden Russlands invasjon av Ukraina i februar 2022 har det blitt innf\u00f8rt kraftige sanksjoner mot landet. De har blant annet rammet tilgangen p\u00e5 reservedeler og reparasjoner til over 700 fly laget av amerikanske Boeing og franske Airbus.<\/p>\n<p>Russland ber n\u00e5 Den internasjonale organisasjonen for sivil luftfart (ICAO) om lettelser i sanksjonene, som de mener er ulovlige. Det kommer fram i utkast til dokumenter som Reuters har sett og en kilde med kunnskap til saken.<\/p>\n<p>S\u00e6rlig mangelen p\u00e5 reservedeler til flyene g\u00e5r ut over sikkerheten for passasjerene, sier kilden til nyhetsbyr\u00e5et Reuters. Denne uken er det m\u00f8te i ICAO hvor Russlands foresp\u00f8rsel skal diskuteres.<\/p>\n","protected":false},"excerpt":{"rendered":"Siden Russlands invasjon av Ukraina i februar 2022 har det blitt innf\u00f8rt kraftige sanksjoner mot landet. De har&hellip;\n","protected":false},"author":2,"featured_media":41977,"comment_status":"","ping_status":"","sticky":false,"template":"","format":"standard","meta":{"footnotes":""},"categories":[12],"tags":[20,21,24,25,15,22,23,13,30,28,29,14,16,26,27,42,43,44,45],"class_list":{"0":"post-41976","1":"post","2":"type-post","3":"status-publish","4":"format-standard","5":"has-post-thumbnail","7":"category-verden","8":"tag-breaking-news","9":"tag-breakingnews","10":"tag-featured-news","11":"tag-featurednews","12":"tag-headlines","13":"tag-latest-news","14":"tag-latestnews","15":"tag-news","16":"tag-no","17":"tag-norge","18":"tag-norway","19":"tag-nyheter","20":"tag-overskrifter","21":"tag-top-stories","22":"tag-topstories","23":"tag-verden","24":"tag-world","25":"tag-world-news","26":"tag-worldnews"},"share_on_mastodon":{"url":"","error":""},"_links":{"self":[{"href":"https:\/\/www.europesays.com\/no\/wp-json\/wp\/v2\/posts\/41976","targetHints":{"allow":["GET"]}}],"collection":[{"href":"https:\/\/www.europesays.com\/no\/wp-json\/wp\/v2\/posts"}],"about":[{"href":"https:\/\/www.europesays.com\/no\/wp-json\/wp\/v2\/types\/post"}],"author":[{"embeddable":true,"href":"https:\/\/www.europesays.com\/no\/wp-json\/wp\/v2\/users\/2"}],"replies":[{"embeddable":true,"href":"https:\/\/www.europesays.com\/no\/wp-json\/wp\/v2\/comments?post=41976"}],"version-history":[{"count":0,"href":"https:\/\/www.europesays.com\/no\/wp-json\/wp\/v2\/posts\/41976\/revisions"}],"wp:featuredmedia":[{"embeddable":true,"href":"https:\/\/www.europesays.com\/no\/wp-json\/wp\/v2\/media\/41977"}],"wp:attachment":[{"href":"https:\/\/www.europesays.com\/no\/wp-json\/wp\/v2\/media?parent=41976"}],"wp:term":[{"taxonomy":"category","embeddable":true,"href":"https:\/\/www.europesays.com\/no\/wp-json\/wp\/v2\/categories?post=41976"},{"taxonomy":"post_tag","embeddable":true,"href":"https:\/\/www.europesays.com\/no\/wp-json\/wp\/v2\/tags?post=41976"}],"curies":[{"name":"wp","href":"https:\/\/api.w.org\/{rel}","templated":true}]}}