{"id":41988,"date":"2025-09-22T11:40:08","date_gmt":"2025-09-22T11:40:08","guid":{"rendered":"https:\/\/www.europesays.com\/no\/41988\/"},"modified":"2025-09-22T11:40:08","modified_gmt":"2025-09-22T11:40:08","slug":"togtrafikken-stengt-pa-vestfoldbanen-nrk-vestfold-og-telemark-lokale-nyheter-tv-og-radio","status":"publish","type":"post","link":"https:\/\/www.europesays.com\/no\/41988\/","title":{"rendered":"Togtrafikken stengt p\u00e5 Vestfoldbanen \u2013 NRK Vestfold og Telemark \u2013 Lokale nyheter, TV og radio"},"content":{"rendered":"<p>Togtrafikken st\u00e5r stille etter en hendelse p\u00e5 en jernbaneovergang i Sandefjord.<\/p>\n<p>\u2013 All togtrafikk i omr\u00e5det er forel\u00f8pig stengt. Meldingen oppdateres n\u00e5r vi har mer informasjon, skriver operasjonsleder Marius Daffinrud Fosvold i S\u00f8r \u00d8st politidistrikt i politiloggen.<\/p>\n<p>Bane Nor sier at Vestfoldbanen er stengt mellom T\u00f8nsberg og Larvik.<\/p>\n<p>De vet forel\u00f8pig ikke vet hvor lang tid det vil ta f\u00f8r trafikken er i gang igjen.<\/p>\n","protected":false},"excerpt":{"rendered":"Togtrafikken st\u00e5r stille etter en hendelse p\u00e5 en jernbaneovergang i Sandefjord. \u2013 All togtrafikk i omr\u00e5det er forel\u00f8pig&hellip;\n","protected":false},"author":2,"featured_media":41989,"comment_status":"","ping_status":"","sticky":false,"template":"","format":"standard","meta":{"footnotes":""},"categories":[5],"tags":[20,21,24,25,15,19,22,23,17,18,13,30,28,29,14,16,26,27],"class_list":{"0":"post-41988","1":"post","2":"type-post","3":"status-publish","4":"format-standard","5":"has-post-thumbnail","7":"category-overskrifter","8":"tag-breaking-news","9":"tag-breakingnews","10":"tag-featured-news","11":"tag-featurednews","12":"tag-headlines","13":"tag-hovedoppslag","14":"tag-latest-news","15":"tag-latestnews","16":"tag-main-news","17":"tag-mainnews","18":"tag-news","19":"tag-no","20":"tag-norge","21":"tag-norway","22":"tag-nyheter","23":"tag-overskrifter","24":"tag-top-stories","25":"tag-topstories"},"share_on_mastodon":{"url":"","error":""},"_links":{"self":[{"href":"https:\/\/www.europesays.com\/no\/wp-json\/wp\/v2\/posts\/41988","targetHints":{"allow":["GET"]}}],"collection":[{"href":"https:\/\/www.europesays.com\/no\/wp-json\/wp\/v2\/posts"}],"about":[{"href":"https:\/\/www.europesays.com\/no\/wp-json\/wp\/v2\/types\/post"}],"author":[{"embeddable":true,"href":"https:\/\/www.europesays.com\/no\/wp-json\/wp\/v2\/users\/2"}],"replies":[{"embeddable":true,"href":"https:\/\/www.europesays.com\/no\/wp-json\/wp\/v2\/comments?post=41988"}],"version-history":[{"count":0,"href":"https:\/\/www.europesays.com\/no\/wp-json\/wp\/v2\/posts\/41988\/revisions"}],"wp:featuredmedia":[{"embeddable":true,"href":"https:\/\/www.europesays.com\/no\/wp-json\/wp\/v2\/media\/41989"}],"wp:attachment":[{"href":"https:\/\/www.europesays.com\/no\/wp-json\/wp\/v2\/media?parent=41988"}],"wp:term":[{"taxonomy":"category","embeddable":true,"href":"https:\/\/www.europesays.com\/no\/wp-json\/wp\/v2\/categories?post=41988"},{"taxonomy":"post_tag","embeddable":true,"href":"https:\/\/www.europesays.com\/no\/wp-json\/wp\/v2\/tags?post=41988"}],"curies":[{"name":"wp","href":"https:\/\/api.w.org\/{rel}","templated":true}]}}