{"id":42000,"date":"2025-09-22T11:51:10","date_gmt":"2025-09-22T11:51:10","guid":{"rendered":"https:\/\/www.europesays.com\/no\/42000\/"},"modified":"2025-09-22T11:51:10","modified_gmt":"2025-09-22T11:51:10","slug":"bilkrasj-etter-buffett-grep-finansavisen","status":"publish","type":"post","link":"https:\/\/www.europesays.com\/no\/42000\/","title":{"rendered":"Bilkrasj etter Buffett-grep | Finansavisen"},"content":{"rendered":"<p>Den kinesiske elbilprodusenten BYD faller markant p\u00e5 b\u00f8rs etter rapporter om at investorlegende Warren Buffett har solgt seg helt ut, melder <a href=\"https:\/\/www.bloomberg.com\/news\/articles\/2025-09-22\/byd-s-stock-falls-after-report-buffett-has-sold-all-his-stake\" target=\"_blank\" rel=\"nofollow noopener\">Bloomberg<\/a>.<\/p>\n<p>Kursfallet p\u00e5 3,6 prosent p\u00e5 det meste i Hongkong-handelen mandag er BYD-aksjens st\u00f8rste kursnedgang p\u00e5 tre uker. Aksjen er dessuten ned rundt 30 prosent fra toppnoteringen for fire m\u00e5neder siden.<\/p>\n<p>If\u00f8lge CNBC s\u00f8ndag har Buffetts selskap Berkshire Hathaway solgt hele beholdningen i BYD. Salget bekreftes ogs\u00e5 av en talsperson for Berkshire.<\/p>\n<p>Dokumentasjon fra Berkshire-datterselskapet Berkshire Hathaway Energy skal vise at verdsettelsen av BYD-investeringen ble bokf\u00f8rt til null pr. 31. mars.<\/p>\n<p class=\"subhead\" data-element-type=\"subhead\" data-element-label=\"Mellomtittel\">Opp over 4.500 prosent<\/p>\n<p>Buffett og Berkshire har eid aksjer i BYD i mer enn 15 \u00e5r, skriver nyhetsbyr\u00e5et. De f\u00f8rste 225 millioner aksjene ble kj\u00f8pt i september 2008. Fra dagen f\u00f8r Buffetts f\u00f8rste aksjekj\u00f8p i BYD til 31. mars steg BYD-aksjen mer enn 4.500 prosent.<\/p>\n<p>Samtidig har BYD vokst til \u00e5 bli Kinas st\u00f8rste produsent av el- og hybridbiler.<\/p>\n<p><b>Berkshire begynte \u00e5 selge seg ned i BYD midtveis i 2022, if\u00f8lge Bloomberg, f\u00f8r beholdningen ble <a href=\"https:\/\/www.finansavisen.no\/finans\/2024\/07\/22\/8157683\/buffett-under-flaggegrense-kvitter-seg-med-enda-flere-elbil-aksjer\" target=\"_blank\" rel=\"nofollow noopener\">redusert til under flaggegrensen ved 5 prosent<\/a> i fjor.<\/b><\/p>\n<p>\u00abInnen aksjeinvesteringer er kj\u00f8p og salg normal praksis,\u00bb skriver BYDs leder for merkevarebygging og PR, Li Yunfei, i et Weibo-innlegg mandag.<\/p>\n<p>BYD-toppen uttrykker videre takknemlighet overfor Buffett og hans h\u00f8yre h\u00e5nd gjennom nesten 50 \u00e5r, Charlie Munger, <a href=\"https:\/\/www.finansavisen.no\/finans\/2023\/11\/28\/8064778\/warren-buffetts-hoyre-hand-er-dod\" target=\"_blank\" rel=\"nofollow noopener\">som gikk bort i 2023, 99 \u00e5r gammel<\/a>. Ikke bare for deres investering og st\u00f8tte, men ogs\u00e5 for deres anerkjennelse av BYD.<\/p>\n","protected":false},"excerpt":{"rendered":"Den kinesiske elbilprodusenten BYD faller markant p\u00e5 b\u00f8rs etter rapporter om at investorlegende Warren Buffett har solgt seg&hellip;\n","protected":false},"author":2,"featured_media":42001,"comment_status":"","ping_status":"","sticky":false,"template":"","format":"standard","meta":{"footnotes":""},"categories":[56],"tags":[60,6604,61,62,30,28,29],"class_list":{"0":"post-42000","1":"post","2":"type-post","3":"status-publish","4":"format-standard","5":"has-post-thumbnail","7":"category-naeringsliv","8":"tag-business","9":"tag-byd","10":"tag-economy","11":"tag-naeringsliv","12":"tag-no","13":"tag-norge","14":"tag-norway"},"share_on_mastodon":{"url":"","error":""},"_links":{"self":[{"href":"https:\/\/www.europesays.com\/no\/wp-json\/wp\/v2\/posts\/42000","targetHints":{"allow":["GET"]}}],"collection":[{"href":"https:\/\/www.europesays.com\/no\/wp-json\/wp\/v2\/posts"}],"about":[{"href":"https:\/\/www.europesays.com\/no\/wp-json\/wp\/v2\/types\/post"}],"author":[{"embeddable":true,"href":"https:\/\/www.europesays.com\/no\/wp-json\/wp\/v2\/users\/2"}],"replies":[{"embeddable":true,"href":"https:\/\/www.europesays.com\/no\/wp-json\/wp\/v2\/comments?post=42000"}],"version-history":[{"count":0,"href":"https:\/\/www.europesays.com\/no\/wp-json\/wp\/v2\/posts\/42000\/revisions"}],"wp:featuredmedia":[{"embeddable":true,"href":"https:\/\/www.europesays.com\/no\/wp-json\/wp\/v2\/media\/42001"}],"wp:attachment":[{"href":"https:\/\/www.europesays.com\/no\/wp-json\/wp\/v2\/media?parent=42000"}],"wp:term":[{"taxonomy":"category","embeddable":true,"href":"https:\/\/www.europesays.com\/no\/wp-json\/wp\/v2\/categories?post=42000"},{"taxonomy":"post_tag","embeddable":true,"href":"https:\/\/www.europesays.com\/no\/wp-json\/wp\/v2\/tags?post=42000"}],"curies":[{"name":"wp","href":"https:\/\/api.w.org\/{rel}","templated":true}]}}