{"id":42021,"date":"2025-09-22T12:09:13","date_gmt":"2025-09-22T12:09:13","guid":{"rendered":"https:\/\/www.europesays.com\/no\/42021\/"},"modified":"2025-09-22T12:09:13","modified_gmt":"2025-09-22T12:09:13","slug":"ny-russland-beskjed-ikke-lett-a-sta-imot","status":"publish","type":"post","link":"https:\/\/www.europesays.com\/no\/42021\/","title":{"rendered":"Ny Russland-beskjed: &#8211; Ikke lett \u00e5 st\u00e5 imot"},"content":{"rendered":"<p>IOC offentliggjorde nylig at de vil la russere og belarusere delta i vinter-OL i 2026 under n\u00f8ytralt flagg. Dette forutsetter at ut\u00f8verne fyller gitte krav fra IOC.<\/p>\n<p>\u2013 Vi snakker om uavhengige, n\u00f8ytrale ut\u00f8vere her, og det er ikke noe nytt. Vi vil bruke samme tiln\u00e6rming som i Paris. Ingenting har endret seg, sier IOC-president Kirsty Coventry i en uttalelse.\u00a0<\/p>\n<p>Men det betyr ikke gr\u00f8nt lys i skiskyting.<\/p>\n<p>\u2013 V\u00e5rt standpunkt er klart: De er utestengt, og det holder vi fast p\u00e5 med tanke p\u00e5 OL, sier Arne Horten, president i Norges Skiskytterforbund, til TV 2.<\/p>\n<p class=\"bold m-bold\" data-lab-font_weight=\"bold\">\u2013 IOC styrer OL-programmet, men vi er uenige med dem.<\/p>\n<p>        <img class=\"image__img lazyload\" itemprop=\"image\" title=\"Foto: Rasmus Lie \/ TV 2\" alt=\"Skiskytterpresident Arne Horten. Foto: Rasmus Lie \/ TV 2\" width=\"675\" height=\"466\" bad-src=\"https:\/\/www.europesays.com\/no\/wp-content\/uploads\/2025\/09\/18120365.webp\" fetchpriority=\"auto\" \/><\/p>\n<p>      Skiskytterpresident Arne Horten.<br \/>\n         Foto: Rasmus Lie \/ TV 2<\/p>\n<p>Ikke rom for n\u00f8ytrale ut\u00f8vere<\/p>\n<p>Det internasjonale skiskytterforbundet (IBU) har helt siden mars 2022 nektet ut\u00f8vere fra de to landene \u00e5 delta i IBU-konkurranser som f\u00f8lge av krigen i Ukraina.<\/p>\n<p>186 av de 210 OL-plassene er allerede fordelt. I en pressemelding fra IBU, understrekes det at det ikke finnes noen hjemmel i lovverket for n\u00f8ytrale ut\u00f8vere, som IOC n\u00e5 har \u00e5pnet d\u00f8ren for.<\/p>\n<p>Og dermed er det umulig for russiske og belarusiske \u00e5 kvalifisere seg til OL.<\/p>\n<p>        <img class=\"image__img lazyload\" itemprop=\"image\" title=\"\" alt=\"Slik fordeler OL-plassene seg i skiskyting. De 24 siste plassene blir fordelt etter verdenscuprunden i januar.\" width=\"675\" height=\"379\" bad-src=\"https:\/\/www.europesays.com\/no\/wp-content\/uploads\/2025\/09\/18120221.webp\" fetchpriority=\"auto\" \/><\/p>\n<p>      Slik fordeler OL-plassene seg i skiskyting. De 24 siste plassene blir fordelt etter verdenscuprunden i januar.<\/p>\n<p>\u2013 B\u00f8r v\u00e6re tydelige\u00a0<\/p>\n<p>Det mener flere norske skiskytterstjerner er bra.<\/p>\n<p>\u2013 Vi som kommer fra Norge, som et naboland til Russland, b\u00f8r v\u00e6re ganske tydelige p\u00e5 at det ikke bare er \u00e5 invadere nabolandene sine. Noe annet ville v\u00e6rt helt teit, mener Johan-Olav Sm\u00f8rdal Botn.<\/p>\n<p>S\u00f8ndag vant han fellesstarten i Molde p\u00e5 elegant vis.\u00a0<\/p>\n<p>        <img class=\"image__img lazyload\" itemprop=\"image\" title=\"Foto: RASMUS LIE \/ TV 2\" alt=\"SEIERHERRE: Sm\u00f8rdal Botn tok sitt andre strake gull p\u00e5 NM-fellesstart. Foto: RASMUS LIE \/ TV 2\" width=\"675\" height=\"379\" bad-src=\"https:\/\/www.europesays.com\/no\/wp-content\/uploads\/2025\/09\/18120591.webp\" fetchpriority=\"auto\" \/><\/p>\n<p>      SEIERHERRE: Sm\u00f8rdal Botn tok sitt andre strake gull p\u00e5 NM-fellesstart.<br \/>\n         Foto: RASMUS LIE \/ TV 2<\/p>\n<p>Vetle Sj\u00e5stad Christiansen er \u00e6rlig p\u00e5 at han savner \u00e5 konkurrere mot russere.<\/p>\n<p>\u2013 For konkurransen og duellenes skyld gj\u00f8r jeg selvf\u00f8lgelig det. Men klart med det bakteppet som er, s\u00e5 er det greit at de ikke er med. Jeg h\u00e5per de skj\u00f8nner hva de m\u00e5 gj\u00f8re for \u00e5 f\u00e5 lov til \u00e5 bli med igjen. Russere er en del av internasjonal skiskyting, svarer 33-\u00e5ringen.\u00a0<\/p>\n<p>Ingrid Landmark Tandrevold hadde en anonym NM-helg i Romsdalen. Hun kaller saken en\u00a0\u00abevig diskusjon\u00bb.\u00a0<\/p>\n<p>\u2013 OL har egentlig blitt politisk. Det er et d\u00e5rlig argument at idrett og politikk ikke blandes. Ut\u00f8verne (fra Russland) er helt fantastiske. Det er ut\u00f8vere vi kjenner og har god kontakt med. De har blitt ofre for sitt lands politikk. Jeg har ikke et godt svar p\u00e5 hva som er riktig eller feil.\u00a0<\/p>\n<p>        <img class=\"image__img lazyload\" itemprop=\"image\" title=\"Foto: Vesa Moilanen \/ NTB\" alt=\"KLART BUDSKAP: Dette stod p\u00e5 panneb\u00e5ndet til Ingrid Landmark Tandrevold under en verdenscupstafett i Finland, bare dager etter at krigen i Ukraina br\u00f8t ut. Foto: Vesa Moilanen \/ NTB\" width=\"978\" height=\"551\" bad-src=\"https:\/\/www.europesays.com\/no\/wp-content\/uploads\/2025\/09\/18120722.webp\" fetchpriority=\"auto\" \/><\/p>\n<p>      KLART BUDSKAP: Dette stod p\u00e5 panneb\u00e5ndet til Ingrid Landmark Tandrevold under en verdenscupstafett i Finland, bare dager etter at krigen i Ukraina br\u00f8t ut.<br \/>\n         Foto: Vesa Moilanen \/ NTB<\/p>\n<p>Hun legger til:\u00a0<\/p>\n<p>\u2013 Jeg synes det er bra at IBU tar et standpunkt og er tydelige. Det er ikke lett \u00e5 st\u00e5 imot en s\u00e5 sterk organisasjon som IOC. Det er jeg egentlig litt imponert over.<\/p>\n","protected":false},"excerpt":{"rendered":"IOC offentliggjorde nylig at de vil la russere og belarusere delta i vinter-OL i 2026 under n\u00f8ytralt flagg.&hellip;\n","protected":false},"author":2,"featured_media":42022,"comment_status":"","ping_status":"","sticky":false,"template":"","format":"standard","meta":{"footnotes":""},"categories":[59],"tags":[30,28,29,83,82],"class_list":{"0":"post-42021","1":"post","2":"type-post","3":"status-publish","4":"format-standard","5":"has-post-thumbnail","7":"category-sport","8":"tag-no","9":"tag-norge","10":"tag-norway","11":"tag-sport","12":"tag-sports"},"share_on_mastodon":{"url":"","error":""},"_links":{"self":[{"href":"https:\/\/www.europesays.com\/no\/wp-json\/wp\/v2\/posts\/42021","targetHints":{"allow":["GET"]}}],"collection":[{"href":"https:\/\/www.europesays.com\/no\/wp-json\/wp\/v2\/posts"}],"about":[{"href":"https:\/\/www.europesays.com\/no\/wp-json\/wp\/v2\/types\/post"}],"author":[{"embeddable":true,"href":"https:\/\/www.europesays.com\/no\/wp-json\/wp\/v2\/users\/2"}],"replies":[{"embeddable":true,"href":"https:\/\/www.europesays.com\/no\/wp-json\/wp\/v2\/comments?post=42021"}],"version-history":[{"count":0,"href":"https:\/\/www.europesays.com\/no\/wp-json\/wp\/v2\/posts\/42021\/revisions"}],"wp:featuredmedia":[{"embeddable":true,"href":"https:\/\/www.europesays.com\/no\/wp-json\/wp\/v2\/media\/42022"}],"wp:attachment":[{"href":"https:\/\/www.europesays.com\/no\/wp-json\/wp\/v2\/media?parent=42021"}],"wp:term":[{"taxonomy":"category","embeddable":true,"href":"https:\/\/www.europesays.com\/no\/wp-json\/wp\/v2\/categories?post=42021"},{"taxonomy":"post_tag","embeddable":true,"href":"https:\/\/www.europesays.com\/no\/wp-json\/wp\/v2\/tags?post=42021"}],"curies":[{"name":"wp","href":"https:\/\/api.w.org\/{rel}","templated":true}]}}