{"id":42025,"date":"2025-09-22T12:14:09","date_gmt":"2025-09-22T12:14:09","guid":{"rendered":"https:\/\/www.europesays.com\/no\/42025\/"},"modified":"2025-09-22T12:14:09","modified_gmt":"2025-09-22T12:14:09","slug":"bergen-nord-nyhet-bil-trillet-i-sjoen","status":"publish","type":"post","link":"https:\/\/www.europesays.com\/no\/42025\/","title":{"rendered":"Bergen nord, Nyhet | Bil trillet i sj\u00f8en"},"content":{"rendered":"\n<p>Saken oppdateres. <\/p>\n<p>Klokken 1310 fikk n\u00f8detatene melding om en bil som skal ha trillet i sj\u00f8en p\u00e5 Hylkje.<\/p>\n<p>Politi og brannvesenet har rykket ut. <\/p>\n<p>Hendelsen skal trolig ha skjedd i forbindelse med sj\u00f8setting av b\u00e5t, melder Ingrid Teigland Tepstad.<\/p>\n<p>\u2013 Ingen personer er skadet eller savnet, skriver hun.<\/p>\n<p>   <img decoding=\"async\" width=\"4128\" height=\"2752\" fetchpriority=\"low\"  loading=\"lazy\"  src=\"https:\/\/www.europesays.com\/no\/wp-content\/uploads\/2025\/09\/SE1_6768-1.jpg\" alt=\"\" class=\"brick-c-cFOWSL\" style=\"--brick-image-ratio: 4128 \/ 2752;\"\/><\/p>\n<p>    Foto: Skjalg Ekeland\n  <\/p>\n<p>Klokken 1325 opplyser vaktleder Jostein Stensland Hauge ved 110-sentralen til BA at brannvesenet er fremme p\u00e5 stedet.<\/p>\n<p><b>\u2013 Bilen ligger s\u00e5pass dypt at det trengs bilberger, sier vaktlederen.<\/b><\/p>\n<p>If\u00f8lge brannvesenet p\u00e5 stedet kan man se taket p\u00e5 bilen.<\/p>\n<p>\u2013 Det er snakk om en fossilbil, sier han.<\/p>\n<p>Brannb\u00e5ten er sendt til omr\u00e5det med lenser, men det er ikke observert noe oljes\u00f8l.<\/p>\n<p>   <img decoding=\"async\" width=\"4128\" height=\"2752\" fetchpriority=\"low\"  loading=\"lazy\"  src=\"https:\/\/www.europesays.com\/no\/wp-content\/uploads\/2025\/09\/ULYKKEEEEEEEE.jpg\" alt=\"bil med b\u00e5thenger havnet i vannet p\u00e5 Hylkje\" class=\"brick-c-cFOWSL\" style=\"--brick-image-ratio: 4128 \/ 2752;\"\/><\/p>\n<p>    Finn \u00e9n feil&#8230;<br \/>\n    Foto: Skjalg Ekeland\n  <\/p>\n","protected":false},"excerpt":{"rendered":"Saken oppdateres. Klokken 1310 fikk n\u00f8detatene melding om en bil som skal ha trillet i sj\u00f8en p\u00e5 Hylkje.&hellip;\n","protected":false},"author":2,"featured_media":42026,"comment_status":"","ping_status":"","sticky":false,"template":"","format":"standard","meta":{"footnotes":""},"categories":[10],"tags":[36,6605,222,20,21,24,25,15,22,23,13,30,28,29,447,14,16,1510,26,27],"class_list":{"0":"post-42025","1":"post","2":"type-post","3":"status-publish","4":"format-standard","5":"has-post-thumbnail","7":"category-norge","8":"tag-art","9":"tag-bergen-nord","10":"tag-bil","11":"tag-breaking-news","12":"tag-breakingnews","13":"tag-featured-news","14":"tag-featurednews","15":"tag-headlines","16":"tag-latest-news","17":"tag-latestnews","18":"tag-news","19":"tag-no","20":"tag-norge","21":"tag-norway","22":"tag-nyhet","23":"tag-nyheter","24":"tag-overskrifter","25":"tag-story","26":"tag-top-stories","27":"tag-topstories"},"share_on_mastodon":{"url":"","error":""},"_links":{"self":[{"href":"https:\/\/www.europesays.com\/no\/wp-json\/wp\/v2\/posts\/42025","targetHints":{"allow":["GET"]}}],"collection":[{"href":"https:\/\/www.europesays.com\/no\/wp-json\/wp\/v2\/posts"}],"about":[{"href":"https:\/\/www.europesays.com\/no\/wp-json\/wp\/v2\/types\/post"}],"author":[{"embeddable":true,"href":"https:\/\/www.europesays.com\/no\/wp-json\/wp\/v2\/users\/2"}],"replies":[{"embeddable":true,"href":"https:\/\/www.europesays.com\/no\/wp-json\/wp\/v2\/comments?post=42025"}],"version-history":[{"count":0,"href":"https:\/\/www.europesays.com\/no\/wp-json\/wp\/v2\/posts\/42025\/revisions"}],"wp:featuredmedia":[{"embeddable":true,"href":"https:\/\/www.europesays.com\/no\/wp-json\/wp\/v2\/media\/42026"}],"wp:attachment":[{"href":"https:\/\/www.europesays.com\/no\/wp-json\/wp\/v2\/media?parent=42025"}],"wp:term":[{"taxonomy":"category","embeddable":true,"href":"https:\/\/www.europesays.com\/no\/wp-json\/wp\/v2\/categories?post=42025"},{"taxonomy":"post_tag","embeddable":true,"href":"https:\/\/www.europesays.com\/no\/wp-json\/wp\/v2\/tags?post=42025"}],"curies":[{"name":"wp","href":"https:\/\/api.w.org\/{rel}","templated":true}]}}