{"id":42029,"date":"2025-09-22T12:16:09","date_gmt":"2025-09-22T12:16:09","guid":{"rendered":"https:\/\/www.europesays.com\/no\/42029\/"},"modified":"2025-09-22T12:16:09","modified_gmt":"2025-09-22T12:16:09","slug":"marcus-rashford-barcelona-marcus-rashford-straffet-kom-for-sent","status":"publish","type":"post","link":"https:\/\/www.europesays.com\/no\/42029\/","title":{"rendered":"Marcus Rashford, Barcelona | Marcus Rashford straffet: Kom for sent"},"content":{"rendered":"\n<p>Marcus Rashford leverte en blendende forestilling for Barcelona p\u00e5 St. James Park i Champions League, og var plutselig et av de heteste fotballnavnene i Europa.<\/p>\n<p>Han senket Newcastle med to fantastiske scoringer, og viste glimt av gammel storhet.<\/p>\n<p>S\u00f8ndag skulle han flyte videre p\u00e5 medgangsb\u00f8lgen i seriekampen mot Getafe, men Hansi Flick valgte \u00e5 plassere engelskmannen p\u00e5 benken.<\/p>\n<p>N\u00e5 kommer avsl\u00f8ringen om det som angivelig skal ha skjedd i kulissene.<\/p>\n<p><b>Les ogs\u00e5: <\/b><a rel=\"Follow nofollow noopener\" href=\"https:\/\/www.nettavisen.no\/sport\/mandagens-premier-league-rykter\/s\/5-95-2630827\" target=\"_blank\">Mandagens Premier League-rykter<\/a><\/p>\n<p>Rashford kom for sent<\/p>\n<p>Fotballnettstedet The Athletic melder at den tidligere Manchester United-stjernen Marcus Rashford skal ha bommet p\u00e5 klokka.<\/p>\n<p>\u2013 Rashford skal ha blitt utelatt fra f\u00f8rsteelleveren mot Getafe, etter \u00e5 ha kommet for sent til morgen\u00f8kta p\u00e5 kampdag, skriver de.<\/p>\n<p>Trener Hansi Flick skal ha det som en klar regel at forsentkomming gj\u00f8r at du ikke f\u00e5r starte den neste kampen.<\/p>\n<p><b>Les ogs\u00e5: <\/b><a rel=\"Follow nofollow noopener\" href=\"https:\/\/www.nettavisen.no\/sport\/arsenal-reddet-ett-poeng-pa-overtid-mot-manchester-city-etter-haaland-scoring\/s\/5-95-2630489\" target=\"_blank\">Haaland hevder han fikk d\u00f8dstrussel etter kampen<\/a><\/p>\n<p>   <img decoding=\"async\" width=\"6892\" height=\"3876\" fetchpriority=\"low\"  loading=\"lazy\"  src=\"https:\/\/www.europesays.com\/no\/wp-content\/uploads\/2025\/09\/NTB_tY7ppqooeK8+(1)_2.jpg\" alt=\"\" class=\"brick-c-cFOWSL\" style=\"--brick-image-ratio: 6892 \/ 3876;\"\/><\/p>\n<p>    BENKET: Marcus Rashford kom for sent til trening etter monsterkampen mot Newcastle.<br \/>\n    Foto: John Walton (Pa Photos)\n  <\/p>\n<p>Lignende straff har Jules Kound\u00e9 og Raphinha har f\u00e5tt lignende straff. Sistnevnte fikk oppleve samme skjebne s\u00e5 sent som forrige uke.<\/p>\n<p>\u2013 Det er ikke s\u00e5 vanskelig \u00e5 m\u00f8te opp og gj\u00f8re jobben din. Det er ikke bare for min del, men handler ogs\u00e5 om respekt for spiller og alle andre i klubben, sa Flick om situasjonen med Jules Kound\u00e9.<\/p>\n<p>Rashford spilte hele den andre omgangen mot Getafe, og svarte p\u00e5 benketilv\u00e6relsen med \u00e5 levere en assist i 3-0-seieren.<\/p>\n<p>\u2013 Flicks favoritt<\/p>\n<p>Athletic skriver videre at Flick har tatt angrepsspilleren under sine vinger, etter at katalanerne hentet han p\u00e5 l\u00e5n i sommer.<\/p>\n<p>\u2013 Kilder i klubben forteller at Flick gir Rashford ekstra oppmerksomhet, for \u00e5 gi han ekstra selvtillit. Det er derfor overraskende at Rashford ender med \u00e5 komme for sent<\/p>\n<p><b>Les ogs\u00e5: <\/b><a rel=\"Follow nofollow noopener\" href=\"https:\/\/www.nettavisen.no\/sport\/nadelos-beskjed-glimt-har-delvis-herjet-med-rosenborg\/s\/5-95-2630373\" target=\"_blank\">Knutsen sl\u00e5r Glimt-alarm: \u2013 Krevende<\/a><\/p>\n<p>   <img decoding=\"async\" width=\"4053\" height=\"2702\" fetchpriority=\"low\"  loading=\"lazy\"  src=\"https:\/\/www.europesays.com\/no\/wp-content\/uploads\/2025\/09\/NTB_PVZUReWSVzc_1.jpg\" alt=\"Barcelona's head coach Hansi Flick reacts during a Spanish La Liga soccer match between FC Barcelona and Getafe at the Johan Cruyff stadium in Barcelona, Spain, Sunday, Sept. 21, 2025. (AP Photo\/Joan Monfort)\" class=\"brick-c-cFOWSL\" style=\"--brick-image-ratio: 4053 \/ 2702;\"\/><\/p>\n<p>    MASKINERI: Barcelona vant La Liga under Hansi Flicks ledelse forrige sesongen.<br \/>\n    Foto: Joan Monfort (AP)\n  <\/p>\n<p>Til tross for at Lamine Yamal har v\u00e6rt ute i flere kamper, har Barcelona startet sesongen godt.<\/p>\n<p>Laget ligger to poeng bak Real Madrid, men har fortsatt til gode \u00e5 tape i La Liga.<\/p>\n<p>Om litt over en uke skal de bryne seg p\u00e5 regjerende Champions League-mester PSG.<\/p>\n","protected":false},"excerpt":{"rendered":"Marcus Rashford leverte en blendende forestilling for Barcelona p\u00e5 St. James Park i Champions League, og var plutselig&hellip;\n","protected":false},"author":2,"featured_media":42030,"comment_status":"","ping_status":"","sticky":false,"template":"","format":"standard","meta":{"footnotes":""},"categories":[59],"tags":[30,28,29,83,82],"class_list":{"0":"post-42029","1":"post","2":"type-post","3":"status-publish","4":"format-standard","5":"has-post-thumbnail","7":"category-sport","8":"tag-no","9":"tag-norge","10":"tag-norway","11":"tag-sport","12":"tag-sports"},"share_on_mastodon":{"url":"","error":""},"_links":{"self":[{"href":"https:\/\/www.europesays.com\/no\/wp-json\/wp\/v2\/posts\/42029","targetHints":{"allow":["GET"]}}],"collection":[{"href":"https:\/\/www.europesays.com\/no\/wp-json\/wp\/v2\/posts"}],"about":[{"href":"https:\/\/www.europesays.com\/no\/wp-json\/wp\/v2\/types\/post"}],"author":[{"embeddable":true,"href":"https:\/\/www.europesays.com\/no\/wp-json\/wp\/v2\/users\/2"}],"replies":[{"embeddable":true,"href":"https:\/\/www.europesays.com\/no\/wp-json\/wp\/v2\/comments?post=42029"}],"version-history":[{"count":0,"href":"https:\/\/www.europesays.com\/no\/wp-json\/wp\/v2\/posts\/42029\/revisions"}],"wp:featuredmedia":[{"embeddable":true,"href":"https:\/\/www.europesays.com\/no\/wp-json\/wp\/v2\/media\/42030"}],"wp:attachment":[{"href":"https:\/\/www.europesays.com\/no\/wp-json\/wp\/v2\/media?parent=42029"}],"wp:term":[{"taxonomy":"category","embeddable":true,"href":"https:\/\/www.europesays.com\/no\/wp-json\/wp\/v2\/categories?post=42029"},{"taxonomy":"post_tag","embeddable":true,"href":"https:\/\/www.europesays.com\/no\/wp-json\/wp\/v2\/tags?post=42029"}],"curies":[{"name":"wp","href":"https:\/\/api.w.org\/{rel}","templated":true}]}}