{"id":42037,"date":"2025-09-22T12:27:07","date_gmt":"2025-09-22T12:27:07","guid":{"rendered":"https:\/\/www.europesays.com\/no\/42037\/"},"modified":"2025-09-22T12:27:07","modified_gmt":"2025-09-22T12:27:07","slug":"vi-er-i-en-darlig-fase-dagbladet","status":"publish","type":"post","link":"https:\/\/www.europesays.com\/no\/42037\/","title":{"rendered":"&#8211; Vi er i en d\u00e5rlig fase &#8211; Dagbladet"},"content":{"rendered":"<ol>\n<li><a href=\"https:\/\/news.google.com\/rss\/articles\/CBMickFVX3lxTE4zTThhZGpxWFhEc2ZtdmdEUlFTUUViSi1YbUhOY1FLMDZTQjZoVnlEMW5CQ2QxcGlBWlUzVXRqRFVKQmk0V0RCZUFSOWxUaDFXYU8yeVM4WTNYYmI1V193MkRPZEh2LWFmRGdZaEdzQ2FuQQ?oc=5\" target=\"_blank\" rel=\"nofollow noopener\">&#8211; Vi er i en d\u00e5rlig fase<\/a>&nbsp;&nbsp;Dagbladet<\/li>\n<li><a href=\"https:\/\/news.google.com\/rss\/articles\/CBMijAFBVV95cUxPWmo0ZkdlNXlmdlBJb29ndVFhb1hjaEpWTHdtbTFyM1ljZGhNaE5ZMUNCNWFHcUhCenRHRThxeU9CdVd4LXoxLWJiV1E0eEZINUFBSmlXUTJDcGtjREptV3AybHYtcWQ2Q1ZueGktelBMU0N3ZWh1TXdCZVRiMXZyMnRNSERsUExjX2ExdQ?oc=5\" target=\"_blank\" rel=\"nofollow noopener\">Lammet og ydmyket FN fyller 80<\/a>&nbsp;&nbsp;Aftenposten<\/li>\n<li><a href=\"https:\/\/news.google.com\/rss\/articles\/CBMiqAFBVV95cUxNZXNVaE8ybTBweDFNRjFhYjM0VEFpYVdRTG9sZjd3eHhVSDV4c3YwTmU2c2NKcDFZTERfbHQxeWx2bmh0SGp0d0FzaGt4OGJYU3VtTlhHaUQ0bXlNZDA0MTM1cVBrbXlUS1JneWYyaEcwT0txUUxoNmkycXpub0dTZmtoMW51cjdueDdienpuQ1pVUFZjMFlEMnV6Zm9jSUtfUVg5emkyR0U?oc=5\" target=\"_blank\" rel=\"nofollow noopener\">FNs h\u00f8yniv\u00e5uke sparkes i gang mens krigene raser \u2013 Eide optimistisk<\/a>&nbsp;&nbsp;adressa.no<\/li>\n<li><a href=\"https:\/\/news.google.com\/rss\/articles\/CBMioAFBVV95cUxQOTJhRWc2eUxVdzZKeFh1M2R2UU9oOGF2ektlejlRYXBzMUZwQXpPSndRajNzWjdxYWZEWV9uQUtCSElObWludHY5SElPOG1oU1RJVFdURDdiTEpnSUNkRVEyZGlJQnZHcG1BVnNrYUkxNHJMSjJiUmlybkstTFptNFZrQV92U3BPUm11b0wyS3BubFVTSzdHUnI0NV9CLU13?oc=5\" target=\"_blank\" rel=\"nofollow noopener\">Spent f\u00f8r toppm\u00f8tet: \u2013 Det vil v\u00e6re totalt uakseptabelt<\/a>&nbsp;&nbsp;TV2.no<\/li>\n<li><a href=\"https:\/\/news.google.com\/rss\/articles\/CBMinAFBVV95cUxNQ1BrNzBTREktcGNnSjVkMUxScjNIblBBRlRvOGNLM0dHaVVvLU5lTk83bHM0dUFWdDJPN3BXMmRvY3BGdXc4d0xDTng0WnhocTA1dGIyNG41RkdkN2lnajVMc2MtOFc4MURnM3JTaEVlM0JiLXNqWFJEWnhMbU9ILS1JSHZoWmFRZUtJOGJveUtTUEd2dXFIcm1wWkg?oc=5\" target=\"_blank\" rel=\"nofollow noopener\">Trump returnerer til FNs h\u00f8yniv\u00e5uke mens krigene raser<\/a>&nbsp;&nbsp;Dagsavisen<\/li>\n<\/ol>\n","protected":false},"excerpt":{"rendered":"&#8211; Vi er i en d\u00e5rlig fase&nbsp;&nbsp;Dagbladet Lammet og ydmyket FN fyller 80&nbsp;&nbsp;Aftenposten FNs h\u00f8yniv\u00e5uke sparkes i gang&hellip;\n","protected":false},"author":2,"featured_media":42038,"comment_status":"","ping_status":"","sticky":false,"template":"","format":"standard","meta":{"footnotes":""},"categories":[12],"tags":[20,21,24,25,15,22,23,13,30,28,29,14,16,26,27,412,42,43,44,45],"class_list":{"0":"post-42037","1":"post","2":"type-post","3":"status-publish","4":"format-standard","5":"has-post-thumbnail","7":"category-verden","8":"tag-breaking-news","9":"tag-breakingnews","10":"tag-featured-news","11":"tag-featurednews","12":"tag-headlines","13":"tag-latest-news","14":"tag-latestnews","15":"tag-news","16":"tag-no","17":"tag-norge","18":"tag-norway","19":"tag-nyheter","20":"tag-overskrifter","21":"tag-top-stories","22":"tag-topstories","23":"tag-utenriks","24":"tag-verden","25":"tag-world","26":"tag-world-news","27":"tag-worldnews"},"share_on_mastodon":{"url":"","error":""},"_links":{"self":[{"href":"https:\/\/www.europesays.com\/no\/wp-json\/wp\/v2\/posts\/42037","targetHints":{"allow":["GET"]}}],"collection":[{"href":"https:\/\/www.europesays.com\/no\/wp-json\/wp\/v2\/posts"}],"about":[{"href":"https:\/\/www.europesays.com\/no\/wp-json\/wp\/v2\/types\/post"}],"author":[{"embeddable":true,"href":"https:\/\/www.europesays.com\/no\/wp-json\/wp\/v2\/users\/2"}],"replies":[{"embeddable":true,"href":"https:\/\/www.europesays.com\/no\/wp-json\/wp\/v2\/comments?post=42037"}],"version-history":[{"count":0,"href":"https:\/\/www.europesays.com\/no\/wp-json\/wp\/v2\/posts\/42037\/revisions"}],"wp:featuredmedia":[{"embeddable":true,"href":"https:\/\/www.europesays.com\/no\/wp-json\/wp\/v2\/media\/42038"}],"wp:attachment":[{"href":"https:\/\/www.europesays.com\/no\/wp-json\/wp\/v2\/media?parent=42037"}],"wp:term":[{"taxonomy":"category","embeddable":true,"href":"https:\/\/www.europesays.com\/no\/wp-json\/wp\/v2\/categories?post=42037"},{"taxonomy":"post_tag","embeddable":true,"href":"https:\/\/www.europesays.com\/no\/wp-json\/wp\/v2\/tags?post=42037"}],"curies":[{"name":"wp","href":"https:\/\/api.w.org\/{rel}","templated":true}]}}