{"id":42039,"date":"2025-09-22T12:28:09","date_gmt":"2025-09-22T12:28:09","guid":{"rendered":"https:\/\/www.europesays.com\/no\/42039\/"},"modified":"2025-09-22T12:28:09","modified_gmt":"2025-09-22T12:28:09","slug":"natur-elg-landets-eneste-elg-emil-skaper-kaos-i-osterrike","status":"publish","type":"post","link":"https:\/\/www.europesays.com\/no\/42039\/","title":{"rendered":"Natur, Elg | Landets eneste elg: Emil skaper kaos i \u00d8sterrike"},"content":{"rendered":"\n<p>\u00d8sterrike hadde fram til 1600-tallet elg, men siden den gang har det kun v\u00e6rt enkelte individer p\u00e5 bes\u00f8k i landet. Nylig kom en eksotisk gjest inn i \u00d8sterrike. Han heter Emil, og kom fra Polen via Tsjekkia. Elgens inntog har skapt stor st\u00e5hei.<\/p>\n<p>I en m\u00e5neds tid har han n\u00e5 oppholdt seg i landet. Der har han f\u00f8rt til stengt bilveier, stans i togtrafikken, og en egen fanside p\u00e5 Facebook.<\/p>\n<p>  <a href=\"https:\/\/www.nationen.no\/5-148-792477\" class=\"related-teaser has-image default-feature-teaser article--c-eRUmMG article--c-eRUmMG-jKCPdD-design-default\" rel=\"nofollow noopener\" target=\"_blank\"><\/p>\n<p>    <img decoding=\"async\" loading=\"lazy\"  src=\"https:\/\/www.europesays.com\/no\/wp-content\/uploads\/2025\/09\/echer+%282+of+8%29.jpg\" alt=\"\" class=\"brick-c-cFOWSL\" style=\"\"\/><\/p>\n<p>\n            Les ogs\u00e5<\/p>\n<p>              Fra liten hybel i Oslo til herreg\u00e5rd i Grong\n        <\/p>\n<p>  <\/a><br \/>\n  Flyttes ikke<\/p>\n<p>Men hva som skjer med Emil er uklart. Myndighetene har diskutert om de skal flytte dyret tilbake til Tsjekkia, men dette fikk den \u00d8sterrike dyrvernorganisasjonen Tierschutz Austria satt en stopper for.<\/p>\n<p>\u2013 For \u00f8yeblikket er det ingen grunn til \u00e5 gripe inn. Emil blir overv\u00e5ket, og bare hvis han havner i en situasjon han ikke kan komme seg ut av, vil myndighetene iverksette tiltak. Vi h\u00e5per han fortsetter reisen trygt og finner et passende hjem, skriver de p\u00e5 sine nettsider.<\/p>\n<p>De ber samtidig om at folk holder seg unna elgen og ikke gir den mat. De har samtidig bedt om at folk ikke legger ut hvor elgen oppholder seg, for \u00e5 unng\u00e5 at mange samler seg for \u00e5 se det eksotiske dyret.<\/p>\n<p>  <a href=\"https:\/\/www.nationen.no\/5-148-792378\" class=\"related-teaser has-image default-story-teaser article--c-eRUmMG article--c-eRUmMG-jKCPdD-design-default\" rel=\"nofollow noopener\" target=\"_blank\"><\/p>\n<p>    <img decoding=\"async\" loading=\"lazy\"  src=\"https:\/\/www.europesays.com\/no\/wp-content\/uploads\/2025\/09\/10ae3a3d-9051-40ba-b8d2-c65e4a2794e9.jpg\" alt=\"\" class=\"brick-c-cFOWSL\" style=\"\"\/><\/p>\n<p>\n            Les ogs\u00e5<\/p>\n<p>              Naturomr\u00e5de st\u00f8rre enn Hamar planlagt bygget ut til n\u00e6ring\n        <\/p>\n<p>  <\/a><br \/>\n  Tilbake til Tsjekkia<\/p>\n<p>If\u00f8lge organisasjonen tyder ting p\u00e5 at elgen har funnet ut at han har havnet feil, og er p\u00e5 retur til Tsjekkia.<\/p>\n<p>Elgen er fredet i \u00d8sterrike, og det er derfor ikke mulig \u00e5 felle Emil uten godkjennelse fra myndighetene. Det er derfor ikke aktuelt, s\u00e5 lenge han ikke er en trussel.<\/p>\n<p>Mens \u00d8sterrike kun har en elg, er det omtrent 50 dyr i Tsjekkia, og flere tusen i Polen. I Norge er elgen langt vanligere. If\u00f8lge rovdyrsentere.no er det snakk om rundt 120.000 til 150.000 elg her i landet.<\/p>\n<p>  <a href=\"https:\/\/www.nationen.no\/5-148-791064\" class=\"related-teaser has-image default-story-teaser article--c-eRUmMG article--c-eRUmMG-jKCPdD-design-default\" rel=\"nofollow noopener\" target=\"_blank\"><\/p>\n<p>    <img decoding=\"async\" loading=\"lazy\"  src=\"https:\/\/www.europesays.com\/no\/wp-content\/uploads\/2025\/09\/h%C3%B8rte+i+blomk%C3%A5l%C3%A5keren.JPG\" alt=\"\" class=\"brick-c-cFOWSL\" style=\"\"\/><\/p>\n<p>\n            Les ogs\u00e5<\/p>\n<p>              Lei av \u00f8ko-krangling. Inviterte kj\u00f8pmennene til gards\n        <\/p>\n<p>  <\/a><\/p>\n","protected":false},"excerpt":{"rendered":"\u00d8sterrike hadde fram til 1600-tallet elg, men siden den gang har det kun v\u00e6rt enkelte individer p\u00e5 bes\u00f8k&hellip;\n","protected":false},"author":2,"featured_media":42040,"comment_status":"","ping_status":"","sticky":false,"template":"","format":"standard","meta":{"footnotes":""},"categories":[10],"tags":[36,20,21,6391,24,25,15,22,23,650,13,30,28,29,14,16,5433,1510,26,27],"class_list":{"0":"post-42039","1":"post","2":"type-post","3":"status-publish","4":"format-standard","5":"has-post-thumbnail","7":"category-norge","8":"tag-art","9":"tag-breaking-news","10":"tag-breakingnews","11":"tag-elg","12":"tag-featured-news","13":"tag-featurednews","14":"tag-headlines","15":"tag-latest-news","16":"tag-latestnews","17":"tag-natur","18":"tag-news","19":"tag-no","20":"tag-norge","21":"tag-norway","22":"tag-nyheter","23":"tag-overskrifter","24":"tag-osterrike","25":"tag-story","26":"tag-top-stories","27":"tag-topstories"},"share_on_mastodon":{"url":"","error":""},"_links":{"self":[{"href":"https:\/\/www.europesays.com\/no\/wp-json\/wp\/v2\/posts\/42039","targetHints":{"allow":["GET"]}}],"collection":[{"href":"https:\/\/www.europesays.com\/no\/wp-json\/wp\/v2\/posts"}],"about":[{"href":"https:\/\/www.europesays.com\/no\/wp-json\/wp\/v2\/types\/post"}],"author":[{"embeddable":true,"href":"https:\/\/www.europesays.com\/no\/wp-json\/wp\/v2\/users\/2"}],"replies":[{"embeddable":true,"href":"https:\/\/www.europesays.com\/no\/wp-json\/wp\/v2\/comments?post=42039"}],"version-history":[{"count":0,"href":"https:\/\/www.europesays.com\/no\/wp-json\/wp\/v2\/posts\/42039\/revisions"}],"wp:featuredmedia":[{"embeddable":true,"href":"https:\/\/www.europesays.com\/no\/wp-json\/wp\/v2\/media\/42040"}],"wp:attachment":[{"href":"https:\/\/www.europesays.com\/no\/wp-json\/wp\/v2\/media?parent=42039"}],"wp:term":[{"taxonomy":"category","embeddable":true,"href":"https:\/\/www.europesays.com\/no\/wp-json\/wp\/v2\/categories?post=42039"},{"taxonomy":"post_tag","embeddable":true,"href":"https:\/\/www.europesays.com\/no\/wp-json\/wp\/v2\/tags?post=42039"}],"curies":[{"name":"wp","href":"https:\/\/api.w.org\/{rel}","templated":true}]}}