{"id":42050,"date":"2025-09-22T12:41:12","date_gmt":"2025-09-22T12:41:12","guid":{"rendered":"https:\/\/www.europesays.com\/no\/42050\/"},"modified":"2025-09-22T12:41:12","modified_gmt":"2025-09-22T12:41:12","slug":"hamas-7-oktober-angrepet-dansk-kvinne-domt-for-hamas-sympati","status":"publish","type":"post","link":"https:\/\/www.europesays.com\/no\/42050\/","title":{"rendered":"Hamas, 7. oktober-angrepet | Dansk kvinne d\u00f8mt for Hamas-sympati"},"content":{"rendered":"\n<p>Etter en anke i retten har Vestre Landsret skjerpet straffen for kvinnen fra 40 til 60 dager betinget fengsel.<\/p>\n<p>P\u00e5 Facebook hadde kvinnen etter Hamas&#8217; angrep p\u00e5 Israel skrevet \u00abBeste nyheten \u00e5 st\u00e5 opp til\u00bb og lagt til fem emojis av palestinske flagg.<\/p>\n<p> \u2013 Hvis det er jeg som har skrevet det, s\u00e5 m\u00e5 det v\u00e6re fordi jeg gjerne vil forsvare det palestinske folk, ikke selve terrorangrepet, sa kvinnen da saken gikk i byretten, skriver dansk <a href=\"https:\/\/nyheder.tv2.dk\/samfund\/2025-09-22-bedste-nyhed-at-staa-op-til-koster-kvinde-60-dages-faengsel\" rel=\"nofollow noopener\" target=\"_blank\">TV2<\/a>.<\/p>\n<p><b>Les ogs\u00e5: <a href=\"https:\/\/www.nettavisen.no\/5-95-2630843\" rel=\"nofollow noopener\" target=\"_blank\">Seere raser mot NRK: \u2013 Absurd<\/a><\/b><\/p>\n<p>En av dommerne i landsretten stemte for at kvinnen skulle frifinnes. Hun har palestinske foreldre, skriver kanalen.<\/p>\n<p>Tidligere i Danmark har en 29 \u00e5r gammel mann blitt d\u00f8mt til 45 dager betinget fengsel for \u00e5 skrive p\u00e5 Facebook at han feiret 7. oktober som om det var jul.<\/p>\n","protected":false},"excerpt":{"rendered":"Etter en anke i retten har Vestre Landsret skjerpet straffen for kvinnen fra 40 til 60 dager betinget&hellip;\n","protected":false},"author":2,"featured_media":3844,"comment_status":"","ping_status":"","sticky":false,"template":"","format":"standard","meta":{"footnotes":""},"categories":[12],"tags":[20,21,24,25,15,22,23,13,30,28,29,14,16,26,27,42,43,44,45],"class_list":{"0":"post-42050","1":"post","2":"type-post","3":"status-publish","4":"format-standard","5":"has-post-thumbnail","7":"category-verden","8":"tag-breaking-news","9":"tag-breakingnews","10":"tag-featured-news","11":"tag-featurednews","12":"tag-headlines","13":"tag-latest-news","14":"tag-latestnews","15":"tag-news","16":"tag-no","17":"tag-norge","18":"tag-norway","19":"tag-nyheter","20":"tag-overskrifter","21":"tag-top-stories","22":"tag-topstories","23":"tag-verden","24":"tag-world","25":"tag-world-news","26":"tag-worldnews"},"share_on_mastodon":{"url":"","error":""},"_links":{"self":[{"href":"https:\/\/www.europesays.com\/no\/wp-json\/wp\/v2\/posts\/42050","targetHints":{"allow":["GET"]}}],"collection":[{"href":"https:\/\/www.europesays.com\/no\/wp-json\/wp\/v2\/posts"}],"about":[{"href":"https:\/\/www.europesays.com\/no\/wp-json\/wp\/v2\/types\/post"}],"author":[{"embeddable":true,"href":"https:\/\/www.europesays.com\/no\/wp-json\/wp\/v2\/users\/2"}],"replies":[{"embeddable":true,"href":"https:\/\/www.europesays.com\/no\/wp-json\/wp\/v2\/comments?post=42050"}],"version-history":[{"count":0,"href":"https:\/\/www.europesays.com\/no\/wp-json\/wp\/v2\/posts\/42050\/revisions"}],"wp:featuredmedia":[{"embeddable":true,"href":"https:\/\/www.europesays.com\/no\/wp-json\/wp\/v2\/media\/3844"}],"wp:attachment":[{"href":"https:\/\/www.europesays.com\/no\/wp-json\/wp\/v2\/media?parent=42050"}],"wp:term":[{"taxonomy":"category","embeddable":true,"href":"https:\/\/www.europesays.com\/no\/wp-json\/wp\/v2\/categories?post=42050"},{"taxonomy":"post_tag","embeddable":true,"href":"https:\/\/www.europesays.com\/no\/wp-json\/wp\/v2\/tags?post=42050"}],"curies":[{"name":"wp","href":"https:\/\/api.w.org\/{rel}","templated":true}]}}