{"id":42051,"date":"2025-09-22T12:42:10","date_gmt":"2025-09-22T12:42:10","guid":{"rendered":"https:\/\/www.europesays.com\/no\/42051\/"},"modified":"2025-09-22T12:42:10","modified_gmt":"2025-09-22T12:42:10","slug":"stiftsgarden-fargevalg-skal-en-ikke-ta-lett-pa","status":"publish","type":"post","link":"https:\/\/www.europesays.com\/no\/42051\/","title":{"rendered":"Stiftsg\u00e5rden: Fargevalg skal en ikke ta lett p\u00e5"},"content":{"rendered":"\n<p>Aase Hogfeldt-Eskevik  Seksjonssjef i kulturminneavdelingen hos Riksantikvaren<\/p>\n<p>Publisert:<br \/>\n  22. september 2025 kl. 13:30<br \/>\n  Oppdatert:<br \/>\n  22. september 2025 kl. 13:30\n <\/p>\n<p>Dette er et debattinnlegg. Det gir uttrykk for debattantens egen holdning.<\/p>\n<p><strong>Den siste uken<\/strong> har debatten om fargevalg p\u00e5 Stiftsg\u00e5rden rast i Trondheim. Senest p\u00e5 lederplass for noen dager siden omtaler Adresseavisen valget av farge, og stiller seg bak \u00f8nsket om \u00e5 beholde den karakteristiske gulfargen p\u00e5 bygget.<\/p>\n<p>Riksantikvaren er r\u00e5dgiver n\u00e5r istandsettinger og endringer skal utf\u00f8res p\u00e5 de statseide kongelige eiendommene. Det betyr at vi bist\u00e5r Statsbygg med kulturminnefaglige vurderinger og anbefalinger, men Riksantikvaren har ingen beslutningsmyndighet til \u00e5 for eksempel avgj\u00f8re et fargevalg. N\u00e5r <a href=\"https:\/\/www.adressa.no\/debatt\/i\/nyp0pm\/bare-et-spoersmaal-om-smak-og-behag\" rel=\"noopener nofollow\" target=\"_blank\">Axel Christophersen i sitt debattinnlegg i Adressa 11. september <\/a>skriver at \u00abRiksantikvaren har besluttet at fargen skal f\u00f8res tilbake til den originale gr\u00e5 fargen\u00bb er det alts\u00e5 ikke riktig.<\/p>\n<p>Et r\u00e5d er et r\u00e5d.<\/p>\n<p><a href=\"https:\/\/www.adressa.no\/debatt\/i\/RzkVJ2\/hvorfor-vekker-farger-saa-sterke-foelelser\" rel=\"nofollow noopener\" target=\"_blank\"> <img decoding=\"async\" src=\"data:image\/gif;base64,R0lGODlhEAAJAIAAAP\/\/\/wAAACH5BAEAAAAALAAAAAAQAAkAAAIKhI+py+0Po5yUFQA7\" alt=\"\"\/>   Hvorfor vekker farger s\u00e5 sterke f\u00f8lelser?   <\/a> <\/p>\n<p><strong>P\u00e5 Stiftsg\u00e5rden<\/strong> er Statsbygg n\u00e5 i gang med vedlikeholdsarbeider av fasadene. I den forbindelse er det utf\u00f8rt omfattende fargeunders\u00f8kelser, og det har v\u00e6rt naturlig \u00e5 gj\u00f8re en grundig vurdering av fargevalg. Fargehistorikken viser at bygget var gr\u00e5malt da det var nytt, og vi har anbefalt at bygget tilbakef\u00f8res til denne fargen. Det betyr likevel ikke at det er en fasit med to streker under svaret. Bygget har lang historie som gulmalt, og argumentene for \u00e5 beholde denne fargen er ogs\u00e5 gode.<\/p>\n<p>Fargevalg skal en ikke ta lett p\u00e5.<\/p>\n<p><a href=\"https:\/\/www.adressa.no\/nyheter\/trondheim\/i\/4BMe1e\/reagerer-paa-fargeforslag-denne-diskusjonen-skal-hele-byen-vaere-med-paa\" rel=\"nofollow noopener\" target=\"_blank\"> <img decoding=\"async\" src=\"data:image\/gif;base64,R0lGODlhEAAJAIAAAP\/\/\/wAAACH5BAEAAAAALAAAAAAQAAkAAAIKhI+py+0Po5yUFQA7\" alt=\"\"\/>   Reagerer p\u00e5 farge\u00adforslag: \u2013 Denne disku\u00adsjonen skal hele byen v\u00e6re med p\u00e5  <\/a> <\/p>\n<p><strong>Vi har et tett og godt<\/strong> samarbeid med Statsbygg for \u00e5 sikre at de statseide kongelige eiendommene blir godt ivaretatt for fremtidige generasjoner. Vi har gitt v\u00e5rt r\u00e5d, men n\u00e5r <a href=\"https:\/\/www.adressa.no\/debatt\/i\/xmajvR\/graatt-nok\" rel=\"noopener nofollow\" target=\"_blank\">Adressa p\u00e5 lederplass skriver<\/a> at \u00abFor oss som bor her, er b\u00e5de v\u00e6ret og byen fargel\u00f8s nok som den er\u00bb b\u00f8r det tas p\u00e5 alvor.<\/p>\n<p>Det er bra og viktig at folk i Trondheim engasjerer seg for byen og kulturminnene sine. Stiftsg\u00e5rden er tross alt et av Trondheims og Norges viktigste kulturminner! Da er det viktig \u00e5 lytte til alle innspill.<\/p>\n<p><strong>Hva mener du? Send inn din tekst til <a href=\"https:\/\/www.adressa.no\/debatt\/i\/Gy43JJ\/mailto:debatt@adresseavisen.no\" rel=\"noopener nofollow\" target=\"_blank\">debatt@adresseavisen.no<\/a> eller delta i debatten i kommentarfeltet nederst \u2013 og husk fullt navn!<\/strong><\/p>\n","protected":false},"excerpt":{"rendered":"Aase Hogfeldt-Eskevik Seksjonssjef i kulturminneavdelingen hos Riksantikvaren Publisert: 22. september 2025 kl. 13:30 Oppdatert: 22. september 2025 kl.&hellip;\n","protected":false},"author":2,"featured_media":42052,"comment_status":"","ping_status":"","sticky":false,"template":"","format":"standard","meta":{"footnotes":""},"categories":[10],"tags":[20,21,37,24,25,15,1075,22,23,13,30,28,29,14,16,6609,6610,6608,26,27,596],"class_list":{"0":"post-42051","1":"post","2":"type-post","3":"status-publish","4":"format-standard","5":"has-post-thumbnail","7":"category-norge","8":"tag-breaking-news","9":"tag-breakingnews","10":"tag-debatt","11":"tag-featured-news","12":"tag-featurednews","13":"tag-headlines","14":"tag-kulturminner","15":"tag-latest-news","16":"tag-latestnews","17":"tag-news","18":"tag-no","19":"tag-norge","20":"tag-norway","21":"tag-nyheter","22":"tag-overskrifter","23":"tag-riksantikvaren","24":"tag-statsbygg","25":"tag-stiftsgarden","26":"tag-top-stories","27":"tag-topstories","28":"tag-trondheim"},"share_on_mastodon":{"url":"","error":""},"_links":{"self":[{"href":"https:\/\/www.europesays.com\/no\/wp-json\/wp\/v2\/posts\/42051","targetHints":{"allow":["GET"]}}],"collection":[{"href":"https:\/\/www.europesays.com\/no\/wp-json\/wp\/v2\/posts"}],"about":[{"href":"https:\/\/www.europesays.com\/no\/wp-json\/wp\/v2\/types\/post"}],"author":[{"embeddable":true,"href":"https:\/\/www.europesays.com\/no\/wp-json\/wp\/v2\/users\/2"}],"replies":[{"embeddable":true,"href":"https:\/\/www.europesays.com\/no\/wp-json\/wp\/v2\/comments?post=42051"}],"version-history":[{"count":0,"href":"https:\/\/www.europesays.com\/no\/wp-json\/wp\/v2\/posts\/42051\/revisions"}],"wp:featuredmedia":[{"embeddable":true,"href":"https:\/\/www.europesays.com\/no\/wp-json\/wp\/v2\/media\/42052"}],"wp:attachment":[{"href":"https:\/\/www.europesays.com\/no\/wp-json\/wp\/v2\/media?parent=42051"}],"wp:term":[{"taxonomy":"category","embeddable":true,"href":"https:\/\/www.europesays.com\/no\/wp-json\/wp\/v2\/categories?post=42051"},{"taxonomy":"post_tag","embeddable":true,"href":"https:\/\/www.europesays.com\/no\/wp-json\/wp\/v2\/tags?post=42051"}],"curies":[{"name":"wp","href":"https:\/\/api.w.org\/{rel}","templated":true}]}}