{"id":42053,"date":"2025-09-22T12:43:15","date_gmt":"2025-09-22T12:43:15","guid":{"rendered":"https:\/\/www.europesays.com\/no\/42053\/"},"modified":"2025-09-22T12:43:15","modified_gmt":"2025-09-22T12:43:15","slug":"han-er-bedre-enn-noensinne","status":"publish","type":"post","link":"https:\/\/www.europesays.com\/no\/42053\/","title":{"rendered":"\u2013 Han er bedre enn noensinne"},"content":{"rendered":"\n<p class=\"_lead_ew2ao_2 _lead_xtcu6_50 layout-component text-serif-m layout-normal text-serif-l layout-component layout-wide layout-padded _wide_17hqh_1 layout-padded\">Erling Braut Haaland hylles etter de siste Premier League-kampene, samtidig som en ny skade skaper bekymring.<\/p>\n<p><img alt=\" Foto: VINCE MIGNOTT \/ EPA \/ NTB\" class=\"_image_qp4xg_65 layout-component layout-wide\" data-fullscreen- data-track-element-type=\"Article image fullscreen\" data-track-name=\"ImageFullscreen\" fetchpriority=\"high\" decoding=\"sync\" loading=\"eager\" height=\"2000\" itemprop=\"image\"  src=\"https:\/\/www.europesays.com\/no\/wp-content\/uploads\/2025\/09\/26a00907-772c-4ff4-a08a-4e5a9a4f6058\"  style=\"object-position:0% 0%\" width=\"3000\"\/> Foto: VINCE MIGNOTT \/ EPA \/ NTB<\/p>\n<ul aria-hidden=\"true\" class=\"_images_1y6fe_106\">\n<li><a class=\"_link_1y6fe_111\" href=\"https:\/\/www.vg.no\/forfatter\/yasmin-sunde-hoel\" style=\"z-index:1\" title=\"Yasmin Sunde Hoel\" rel=\"nofollow noopener\" target=\"_blank\"><img alt=\"Bilde av Yasmin Sunde Hoel\" class=\"_image_1y6fe_88\" fetchpriority=\"low\" loading=\"lazy\" decoding=\"async\" itemprop=\"image\"  src=\"https:\/\/www.europesays.com\/no\/wp-content\/uploads\/2025\/09\/1758544994_604_9b0968a4-bfc7-4456-a6f4-b0a569ad0436\"  width=\"480\"\/><\/a><\/li>\n<\/ul>\n<p> Oppdatert mandag 22. september kl. 13:26    <\/p>\n<ul class=\"_list_ew2ao_3 _list_64s2r_85 _unordered_ew2ao_99 text-sans-m\">\n<li class=\"_item_ew2ao_30\">Erling Braut Haaland ble hyllet etter sitt m\u00e5l mot Arsenal, men m\u00e5tte av banen med ryggskade.<\/li>\n<li class=\"_item_ew2ao_30\">Han har n\u00e5 scoret seks m\u00e5l i Premier League denne sesongen.<\/li>\n<li class=\"_item_ew2ao_30\">Ekspertene mener Haaland er i sin beste form, b\u00e5de som spiller og leder.<\/li>\n<li class=\"_item_ew2ao_30\">Pep Guardiola bekrefter at Haaland tar en pause p\u00e5 grunn av ryggplager.<\/li>\n<\/ul>\n<p>Vis mer <\/p>\n<p class=\"_paragraph_ew2ao_4 _paragraph_xtcu6_10 layout-component text-serif-m layout-normal text-serif-m layout-padded\">I 1\u20131-kampen mot Arsenal s\u00f8ndag scoret Haaland for Manchester City \u2013 f\u00f8r han m\u00e5tte forlate banen med en ryggskade et kvarter f\u00f8r slutt. <\/p>\n<p class=\"_paragraph_ew2ao_4 _paragraph_xtcu6_10 layout-component text-serif-m layout-normal text-serif-m layout-padded\">25-\u00e5ringen har n\u00e5 scoret fire m\u00e5l p\u00e5 Citys tre kamper etter landslagspausen.<\/p>\n<p class=\"_paragraph_ew2ao_4 _paragraph_xtcu6_10 layout-component text-serif-m layout-normal text-serif-m layout-padded\">\u2013 Det Haaland gjorde mot fem Arsenal-spillere, viser at han er bedre enn noensinne, mener Tyreone Marshall, seniorskribent hos <a href=\"https:\/\/www.manchestereveningnews.co.uk\/sport\/football\/what-erling-haaland-five-arsenal-32521407\" class=\"_link_ew2ao_39\" rel=\"nofollow noopener\" target=\"_blank\">Manchester Evening News<\/a> \u2013 og sikter til dette \u00f8yeblikket da Haaland l\u00f8p fra alle og scoret: <\/p>\n<p class=\"_paragraph_ew2ao_4 _paragraph_xtcu6_10 layout-component text-serif-m layout-normal text-serif-m layout-padded\">Viaplay-ekspert Lars Tj\u00e6rn\u00e5s er enig.<\/p>\n<p class=\"_paragraph_ew2ao_4 _paragraph_xtcu6_10 layout-component text-serif-m layout-normal text-serif-m layout-padded\">\u2013 Jeg mener <a href=\"https:\/\/www.vg.no\/tag\/erling-braut-haaland?utm_source=vg-article&amp;utm_medium=auto-tagger&amp;utm_campaign=935zLM\" class=\"_link_ew2ao_39\" rel=\"nofollow noopener\" target=\"_blank\">Erling Braut Haaland<\/a> aldri har v\u00e6rt bedre og mer komplett enn denne h\u00f8sten. Det jeg ser er mest av alt en mer erfaren, \u00abfotballsmartere\u00bb spiller, som enda oftere enn f\u00f8r er et skritt foran det som skjer, sier han til VG.<\/p>\n<p><img decoding=\"async\" alt=\"Bilde av Lars Tj\u00e6rn\u00e5s\" class=\"_image_ygndg_42\" height=\"27\" itemprop=\"image\" loading=\"lazy\"  src=\"https:\/\/www.europesays.com\/no\/wp-content\/uploads\/2025\/09\/cf0b0635-c9bb-48ca-888e-bf34cb1e8de8\"  width=\"40\"\/><strong class=\"_name_ygndg_51 title-serif-xs\">Lars Tj\u00e6rn\u00e5s<\/strong><\/p>\n<p class=\"_paragraph_ew2ao_4 text-sans-m _description_ygndg_56\">Fotballekspert<\/p>\n<p class=\"_paragraph_ew2ao_4 _paragraph_xtcu6_10 layout-component text-serif-m layout-normal text-serif-m layout-padded\">Haaland har scoret seks m\u00e5l i Premier League s\u00e5 langt, mest av alle i ligaen. Tar du med m\u00e5lene han har scoret for landslaget, er han oppe i 13 m\u00e5l totalt denne h\u00f8sten.<\/p>\n<p class=\"_paragraph_ew2ao_4 _paragraph_xtcu6_10 layout-component text-serif-m layout-normal text-serif-m layout-padded\">Men Marshall mener at en av de mest synlige sportslige endringene, er at Haaland er enda mer involvert i resten av spillet enn f\u00f8r.<\/p>\n<p class=\"_paragraph_ew2ao_4 _paragraph_xtcu6_10 layout-component text-serif-m layout-normal text-serif-m layout-padded\">\u2013 Han b\u00e6rer kanskje ikke kapteinsbindet, men det f\u00f8les som om Haaland har blitt lagets leder. Hjertet hans banker p\u00e5 en annen m\u00e5te enn f\u00f8r. Det kan v\u00e6re tilfeldig, men han virker ogs\u00e5 mer involvert enn noen gang tidligere.<\/p>\n<p class=\"_paragraph_ew2ao_4 _paragraph_xtcu6_10 layout-component text-serif-m layout-normal text-serif-m layout-padded\">Marshall mener man kan se et klart skille p\u00e5 hvordan Haaland opptrer og spiller denne sesongen, og knytter endringen til at Guardiola flere ganger dette \u00e5ret har <a href=\"https:\/\/www.vg.no\/sport\/i\/GypkjQ\/pep-guardiola-sier-erling-braut-haaland-naermer-seg-kapteinsbindet-et-spoersmaal-om-tid\" data-track-element-type=\"Link\" data-track-id=\"link:GypkjQ\" class=\"_link_ew2ao_39\" rel=\"nofollow noopener\" target=\"_blank\">lansert nordmannen som en fremtidig kaptein.<\/a><\/p>\n<p class=\"_paragraph_ew2ao_4 _paragraph_xtcu6_10 layout-component text-serif-m layout-normal text-serif-m layout-padded\">\u2013 Etter at han fikk et ansvar som leder i sommer, har Haaland v\u00e6rt en gigant for City. Han spiller med brystet lenger fremme enn vanlig. Han beveger seg p\u00e5 banen som en norr\u00f8n gud, med en utstr\u00e5ling som kan v\u00e6re like skremmende for motstanderne som den l\u00f8fter lagkameratene hans.<\/p>\n<p class=\"_paragraph_ew2ao_4 _paragraph_xtcu6_10 layout-component text-serif-m layout-normal text-serif-m layout-padded\">Tidligere har Haaland f\u00e5tt kritikk for \u00e5 ha sv\u00e6rt f\u00e5 ballber\u00f8ringer og v\u00e6re lite involvert i spillet utover \u00e5 score. Han har fortsatt ikke mer enn rundt 22,5 ballber\u00f8ringer i snitt per kamp i \u00e5rets Premier League-sesong, men Tj\u00e6rn\u00e5s ramser opp grunnene til at han likevel mener Haalands siste kamper taler for at han n\u00e5 n\u00e6rmer seg \u00e5 v\u00e6re en komplett spiss:<\/p>\n<p class=\"_paragraph_ew2ao_4 _paragraph_xtcu6_10 layout-component text-serif-m layout-normal text-serif-m layout-padded\">\u2013 Han har utviklet de tingene han trengte \u00e5 utvikle, mest av alt h\u00f8yrebenet og hodespillet. Scoringen mot Arsenal er et kroneksempel, hvor naturlig han scoret med h\u00f8yre ben, og hvor naturlig han har scoret med hodet den siste tiden. <\/p>\n<p class=\"_paragraph_ew2ao_4 _paragraph_xtcu6_10 layout-component text-serif-m layout-normal text-serif-m layout-padded\">\u2013 S\u00e5 tror jeg ikke en skal undervurdere trygghet og balanse i livet. Han har f\u00e5tt perspektivet av \u00e5 bli pappa. Og han har ikke minst etablert seg i en gruppe der statusen hans er h\u00f8y. Alle rapporter sier at han er veldig godt likt i gruppen, fordi han er en energifyller med godt hum\u00f8r, og har respekt for alle i den store gruppen rundt laget. Summen av alt dette er at der han f\u00f8r var en stor trussel p\u00e5 nesten alle m\u00e5ter i spillet, kan vi n\u00e5 stryke \u00abnesten\u00bb. N\u00e5 er han tett p\u00e5 \u00e5 v\u00e6re komplett.<\/p>\n<p class=\"_paragraph_ew2ao_4 _paragraph_xtcu6_10 layout-component text-serif-m layout-normal text-serif-m layout-padded\">Haaland ble byttet ut med skade i s\u00f8ndagens kamp og etterp\u00e5 forklarte manager Pep Guardiola at det skyldtes ryggtr\u00f8bbel. <\/p>\n<p class=\"_paragraph_ew2ao_4 _paragraph_xtcu6_10 layout-component text-serif-m layout-normal text-serif-m layout-padded\">\u2013 Mot slutten var han utslitt, store smerter i ryggen. Han har slitt de siste par dagene, sa Guardiola if\u00f8lge\u00a0<a href=\"https:\/\/www.manchestereveningnews.co.uk\/sport\/football\/football-news\/haaland-ait-nouri-marmoush-man-32522660\" class=\"_link_ew2ao_39\" rel=\"nofollow noopener\" target=\"_blank\">Manchester Evening News<\/a>.<\/p>\n<p class=\"_paragraph_ew2ao_4 _paragraph_xtcu6_10 layout-component text-serif-m layout-normal text-serif-m layout-padded\">\u2013 Det er krevende, og han vil ta en liten pause fram mot de siste kampene, sa City-sjefen.<\/p>\n<p><img decoding=\"async\" alt=\"Bilde av Pep Guardiola\" class=\"_image_ygndg_42\" height=\"27\" itemprop=\"image\" loading=\"lazy\"  src=\"https:\/\/www.europesays.com\/no\/wp-content\/uploads\/2025\/09\/1c28c1fc-3fcf-4077-88fd-75d2d32f1d6d\"  width=\"40\"\/><strong class=\"_name_ygndg_51 title-serif-xs\">Pep Guardiola<\/strong><\/p>\n<p class=\"_paragraph_ew2ao_4 text-sans-m _description_ygndg_56\">Manager Manchester City<\/p>\n<p class=\"_paragraph_ew2ao_4 _paragraph_xtcu6_10 layout-component text-serif-m layout-normal text-serif-m layout-padded\">Manchester City er syv poeng bak serieleder Liverpool etter de fem f\u00f8rste kampene i Premier League.<\/p>\n<p class=\"_paragraph_ew2ao_4 _paragraph_xtcu6_10 layout-component text-serif-m layout-normal text-serif-m layout-padded\">Mye tyder p\u00e5 at han f\u00e5r hvile n\u00e5r City m\u00f8ter Huddersfield i ligacupen til onsdag. Deretter venter Burnley i Premier League til l\u00f8rdag. 11. oktober skal\u00a0Haaland\u00a0ogs\u00e5 spille en sv\u00e6rt viktig VM-kvalifiseringskamp for Norge mot Israel.<\/p>\n<p class=\"_paragraph_ew2ao_4 _paragraph_xtcu6_10 layout-component text-serif-m layout-normal text-serif-m layout-padded\">\u2013 N\u00e5r det gjelder ryggskaden blir det bare spekulasjoner. Men akkurat n\u00e5 er jeg som norsk supporter i stand til \u00e5 se en svart katt over veien rundt hver sving. For vi trenger ham s\u00e5 inderlig i neste kamper. Og inntil videre tror og h\u00e5per jeg det skal g\u00e5 fint, sier Tj\u00e6rn\u00e5s.<\/p>\n","protected":false},"excerpt":{"rendered":"Erling Braut Haaland hylles etter de siste Premier League-kampene, samtidig som en ny skade skaper bekymring. Foto: VINCE&hellip;\n","protected":false},"author":2,"featured_media":42054,"comment_status":"","ping_status":"","sticky":false,"template":"","format":"standard","meta":{"footnotes":""},"categories":[5],"tags":[20,21,810,24,25,15,19,22,23,17,18,671,13,30,28,29,14,16,161,26,27],"class_list":{"0":"post-42053","1":"post","2":"type-post","3":"status-publish","4":"format-standard","5":"has-post-thumbnail","7":"category-overskrifter","8":"tag-breaking-news","9":"tag-breakingnews","10":"tag-erling-braut-haaland","11":"tag-featured-news","12":"tag-featurednews","13":"tag-headlines","14":"tag-hovedoppslag","15":"tag-latest-news","16":"tag-latestnews","17":"tag-main-news","18":"tag-mainnews","19":"tag-manchester-city","20":"tag-news","21":"tag-no","22":"tag-norge","23":"tag-norway","24":"tag-nyheter","25":"tag-overskrifter","26":"tag-premier-league","27":"tag-top-stories","28":"tag-topstories"},"share_on_mastodon":{"url":"","error":""},"_links":{"self":[{"href":"https:\/\/www.europesays.com\/no\/wp-json\/wp\/v2\/posts\/42053","targetHints":{"allow":["GET"]}}],"collection":[{"href":"https:\/\/www.europesays.com\/no\/wp-json\/wp\/v2\/posts"}],"about":[{"href":"https:\/\/www.europesays.com\/no\/wp-json\/wp\/v2\/types\/post"}],"author":[{"embeddable":true,"href":"https:\/\/www.europesays.com\/no\/wp-json\/wp\/v2\/users\/2"}],"replies":[{"embeddable":true,"href":"https:\/\/www.europesays.com\/no\/wp-json\/wp\/v2\/comments?post=42053"}],"version-history":[{"count":0,"href":"https:\/\/www.europesays.com\/no\/wp-json\/wp\/v2\/posts\/42053\/revisions"}],"wp:featuredmedia":[{"embeddable":true,"href":"https:\/\/www.europesays.com\/no\/wp-json\/wp\/v2\/media\/42054"}],"wp:attachment":[{"href":"https:\/\/www.europesays.com\/no\/wp-json\/wp\/v2\/media?parent=42053"}],"wp:term":[{"taxonomy":"category","embeddable":true,"href":"https:\/\/www.europesays.com\/no\/wp-json\/wp\/v2\/categories?post=42053"},{"taxonomy":"post_tag","embeddable":true,"href":"https:\/\/www.europesays.com\/no\/wp-json\/wp\/v2\/tags?post=42053"}],"curies":[{"name":"wp","href":"https:\/\/api.w.org\/{rel}","templated":true}]}}